{"id":1123,"date":"2022-06-15T09:40:17","date_gmt":"2022-06-15T07:40:17","guid":{"rendered":"https:\/\/padelestrelladamm.es\/blog\/?p=1123"},"modified":"2022-06-15T09:40:18","modified_gmt":"2022-06-15T07:40:18","slug":"sabrina-mendez-y-rebeca-molero","status":"publish","type":"post","link":"https:\/\/padelestrelladamm.es\/blog\/sabrina-mendez-y-rebeca-molero\/","title":{"rendered":"Sabrina M\u00e9ndez y Rebeca Molero se alzan, por primera vez, con la primera categor\u00eda del Circuito de P\u00e1del Estrella Damm"},"content":{"rendered":"\n<blockquote class=\"wp-block-quote\"><p>El Centro Deportivo Puerta de Hierro, sede de la Federaci\u00f3n Madrile\u00f1a de P\u00e1del, alberg\u00f3 la quinta prueba del Circuito de P\u00e1del Estrella Damm en lo que va de a\u00f1o. Esta prueba tuvo lugar del 4 al 11 de junio y estuvo marcada por las altas temperaturas que obligaron a suspender dos de los tres Torneos Express convocados en torno al torneo federado. Este torneo acogi\u00f3 a 328 participantes.<\/p><\/blockquote>\n\n\n\n<p>En el cuadro femenino, la final de primera cont\u00f3 en la pista con Sabrina M\u00e9ndez y Rebeca Molero frente a Micaela Camila y Carolina Rodr\u00edguez. Fue la pareja formada por M\u00e9ndez y Molero la que se llev\u00f3 el triunfo por un 6\/3 y 6\/2. Ha sido la primera vez que estas dos jugadoras se alzaban con el primer puesto de esta categor\u00eda en un torneo del Circuito de P\u00e1del Estrella Damm.<\/p>\n\n\n\n<p>En esta categor\u00eda, los aficionados y aficionadas al p\u00e1del no pudieron disfrutar de la pareja formada por Marta Talav\u00e1n y Lorena Alonso. Su avance en el cuadro de la prueba del World Padel Tour disputada en Viena les hizo retirarse de la competici\u00f3n antes de iniciarse.&nbsp;<\/p>\n\n\n\n<p>Por otra parte, en el cuadro masculino, la veteran\u00eda fue la que se impuso en la primera categor\u00eda. Ra\u00fal D\u00edaz y V\u00edctor S\u00e1nchez Vera se impusieron a los j\u00f3venes Iv\u00e1n Garc\u00eda Aceituno y Daniel Santigosa en un disputado partido a tres sets. El resultado del partido no estuvo claro hasta el \u00faltimo momento terminando el partido con un 6\/3, 3\/6 y 7\/5.<\/p>\n\n\n\n<p>Garc\u00eda y Santigosa no lograron hacerse con la final, pero demostraron su alta calidad derrotando en semifinales a la pareja cabeza de serie n\u00famero 1 formada por David Garc\u00eda Campos y Javier Collantes por un 6\/0 y 7\/5.<\/p>\n\n\n\n<h4>Ejemplo de sacrificio en el Circuito de P\u00e1del Estrella Damm<\/h4>\n\n\n\n<p>\u00daltimamente, se ha hablado mucho de la fortaleza de Rafael Nadal para seguir disfrutando de la competici\u00f3n. En la \u00faltima prueba del Circuito de P\u00e1del Estrella Damm tambi\u00e9n ha habido un ejemplo de esta misma resistencia.&nbsp;<\/p>\n\n\n\n<p>Luis Mill\u00e1n, jugador veterano de los torneos federados, acudi\u00f3 a la pista con los brazos y la pierna vendada. El motivo, una ca\u00edda de su moto. Aun as\u00ed, acudi\u00f3 a disputar sus partidos y lleg\u00f3 a la final de su categor\u00eda. Luis se subi\u00f3 al podio de la cuarta categor\u00eda junto a Carlos Cerveros.<\/p>\n\n\n\n<h4>El Circuito de P\u00e1del Estrella Damm apuesta por la riqueza de la integraci\u00f3n<\/h4>\n\n\n\n<p>La prueba celebrada en la Federaci\u00f3n Madrile\u00f1a de P\u00e1del es la primera en la que el Circuito de P\u00e1del Estrella Damm ha incorporado a profesionales formados en hosteler\u00eda por la Fundaci\u00f3n Inclusi\u00f3n y Apoyo Aprocor. Esta organizaci\u00f3n lleva m\u00e1s de 30 a\u00f1os dedicada a mejorar la calidad de vida de personas con discapacidad intelectual y de sus familias y a promover un modelo de sociedad inclusiva, ofreciendo servicios, oportunidades y apoyos para que cada persona pueda expresar y realizar su plan de vida.<\/p>\n\n\n\n<p>A partir de ahora, los seguidores y seguidoras que disputen los torneos federados del Circuito de P\u00e1del Estrella Damm ser\u00e1n atendidos en la carpa por profesionales de Aprocor. \u201cEstamos seguros de que estos profesionales encontrar\u00e1n en el Circuito de P\u00e1del Estrella Damm un gran ambiente donde desarrollarse profesionalmente y, todos, creceremos con la riqueza que supone la diversidad\u201d, afirma la organizaci\u00f3n del Circuito.<\/p>\n\n\n\n<p><a href=\"http:\/\/www.fmpadel.es\" target=\"_blank\" rel=\"noreferrer noopener\">Federaci\u00f3n Madrile\u00f1a de P\u00e1del<\/a><\/p>\n","protected":false},"excerpt":{"rendered":"<p>El Centro Deportivo Puerta de Hierro, sede de la Federaci\u00f3n Madrile\u00f1a de P\u00e1del, alberg\u00f3 la quinta prueba del Circuito de P\u00e1del Estrella Damm en lo que va de a\u00f1o. Esta prueba tuvo lugar del 4 al 11 de junio y estuvo marcada por las altas temperaturas que obligaron a suspender dos de los tres Torneos [&hellip;]<\/p>\n","protected":false},"author":4,"featured_media":1124,"comment_status":"closed","ping_status":"closed","sticky":false,"template":"","format":"standard","meta":[],"categories":[7],"tags":[],"yoast_head":"<!-- This site is optimized with the Yoast SEO plugin v19.4 - https:\/\/yoast.com\/wordpress\/plugins\/seo\/ -->\n<title>Sabrina M\u00e9ndez y Rebeca Molero ganan la primera femenina del Estrella<\/title>\n<meta name=\"description\" content=\"Finalizada el torneo del C. de P\u00e1del Estrella Damm en la FMP, Sabrina M\u00e9ndez, Rebeca Molero, Ra\u00fal D\u00edaz y V\u00edctor S. Vera destacan entre todos.\" \/>\n<meta name=\"robots\" content=\"index, follow, max-snippet:-1, max-image-preview:large, max-video-preview:-1\" \/>\n<link rel=\"canonical\" href=\"https:\/\/padelestrelladamm.es\/blog\/sabrina-mendez-y-rebeca-molero\/\" \/>\n<meta property=\"og:locale\" content=\"es_ES\" \/>\n<meta property=\"og:type\" content=\"article\" \/>\n<meta property=\"og:title\" content=\"Sabrina M\u00e9ndez y Rebeca Molero ganan la primera femenina del Estrella\" \/>\n<meta property=\"og:description\" content=\"Finalizada el torneo del C. de P\u00e1del Estrella Damm en la FMP, Sabrina M\u00e9ndez, Rebeca Molero, Ra\u00fal D\u00edaz y V\u00edctor S. Vera destacan entre todos.\" \/>\n<meta property=\"og:url\" content=\"https:\/\/padelestrelladamm.es\/blog\/sabrina-mendez-y-rebeca-molero\/\" \/>\n<meta property=\"og:site_name\" content=\"Blog de p\u00e1del - An\u00e1lisis, noticias y opini\u00f3n - Estrella Damm\" \/>\n<meta property=\"article:publisher\" content=\"https:\/\/www.facebook.com\/CircuitoDePadelEstrellaDamm\" \/>\n<meta property=\"article:published_time\" content=\"2022-06-15T07:40:17+00:00\" \/>\n<meta property=\"article:modified_time\" content=\"2022-06-15T07:40:18+00:00\" \/>\n<meta property=\"og:image\" content=\"https:\/\/padelestrelladamm.es\/blog\/wp-content\/uploads\/2022\/06\/Sabrina-Mendez-y-Rebeca-Molero-web.jpg\" \/>\n\t<meta property=\"og:image:width\" content=\"980\" \/>\n\t<meta property=\"og:image:height\" content=\"326\" \/>\n\t<meta property=\"og:image:type\" content=\"image\/jpeg\" \/>\n<meta name=\"author\" content=\"Redacci\u00f3n\" \/>\n<meta name=\"twitter:card\" content=\"summary_large_image\" \/>\n<meta name=\"twitter:label1\" content=\"Escrito por\" \/>\n\t<meta name=\"twitter:data1\" content=\"Redacci\u00f3n\" \/>\n\t<meta name=\"twitter:label2\" content=\"Tiempo de lectura\" \/>\n\t<meta name=\"twitter:data2\" content=\"3 minutos\" \/>\n<script type=\"application\/ld+json\" class=\"yoast-schema-graph\">{\"@context\":\"https:\/\/schema.org\",\"@graph\":[{\"@type\":\"Organization\",\"@id\":\"https:\/\/padelestrelladamm.es\/blog\/#organization\",\"name\":\"Circuito de P\u00e1del Estrelladamm\",\"url\":\"https:\/\/padelestrelladamm.es\/blog\/\",\"sameAs\":[\"https:\/\/www.instagram.com\/circuitopadelestrelladamm\",\"https:\/\/www.youtube.com\/user\/padelestrelladamm\",\"https:\/\/www.facebook.com\/CircuitoDePadelEstrellaDamm\"],\"logo\":{\"@type\":\"ImageObject\",\"inLanguage\":\"es\",\"@id\":\"https:\/\/padelestrelladamm.es\/blog\/#\/schema\/logo\/image\/\",\"url\":\"https:\/\/padelestrelladamm.es\/blog\/wp-content\/uploads\/2021\/06\/BLOG-128.jpg\",\"contentUrl\":\"https:\/\/padelestrelladamm.es\/blog\/wp-content\/uploads\/2021\/06\/BLOG-128.jpg\",\"width\":128,\"height\":26,\"caption\":\"Circuito de P\u00e1del Estrelladamm\"},\"image\":{\"@id\":\"https:\/\/padelestrelladamm.es\/blog\/#\/schema\/logo\/image\/\"}},{\"@type\":\"WebSite\",\"@id\":\"https:\/\/padelestrelladamm.es\/blog\/#website\",\"url\":\"https:\/\/padelestrelladamm.es\/blog\/\",\"name\":\"Blog de p\u00e1del - An\u00e1lisis, noticias y opini\u00f3n - Estrella Damm\",\"description\":\"Blog de p\u00e1del. Inf\u00f3rmate sobre la actualidad relacionada con el mundo del p\u00e1del. An\u00e1lisis y noticias, lo mejor en P\u00e1del Estrella Damm\",\"publisher\":{\"@id\":\"https:\/\/padelestrelladamm.es\/blog\/#organization\"},\"potentialAction\":[{\"@type\":\"SearchAction\",\"target\":{\"@type\":\"EntryPoint\",\"urlTemplate\":\"https:\/\/padelestrelladamm.es\/blog\/?s={search_term_string}\"},\"query-input\":\"required name=search_term_string\"}],\"inLanguage\":\"es\"},{\"@type\":\"WebPage\",\"@id\":\"https:\/\/padelestrelladamm.es\/blog\/sabrina-mendez-y-rebeca-molero\/\",\"url\":\"https:\/\/padelestrelladamm.es\/blog\/sabrina-mendez-y-rebeca-molero\/\",\"name\":\"Sabrina M\u00e9ndez y Rebeca Molero ganan la primera femenina del Estrella\",\"isPartOf\":{\"@id\":\"https:\/\/padelestrelladamm.es\/blog\/#website\"},\"datePublished\":\"2022-06-15T07:40:17+00:00\",\"dateModified\":\"2022-06-15T07:40:18+00:00\",\"description\":\"Finalizada el torneo del C. de P\u00e1del Estrella Damm en la FMP, Sabrina M\u00e9ndez, Rebeca Molero, Ra\u00fal D\u00edaz y V\u00edctor S. Vera destacan entre todos.\",\"breadcrumb\":{\"@id\":\"https:\/\/padelestrelladamm.es\/blog\/sabrina-mendez-y-rebeca-molero\/#breadcrumb\"},\"inLanguage\":\"es\",\"potentialAction\":[{\"@type\":\"ReadAction\",\"target\":[\"https:\/\/padelestrelladamm.es\/blog\/sabrina-mendez-y-rebeca-molero\/\"]}]},{\"@type\":\"BreadcrumbList\",\"@id\":\"https:\/\/padelestrelladamm.es\/blog\/sabrina-mendez-y-rebeca-molero\/#breadcrumb\",\"itemListElement\":[{\"@type\":\"ListItem\",\"position\":1,\"name\":\"Inicio\",\"item\":\"https:\/\/padelestrelladamm.es\/blog\/\"},{\"@type\":\"ListItem\",\"position\":2,\"name\":\"Sabrina M\u00e9ndez y Rebeca Molero se alzan, por primera vez, con la primera categor\u00eda del Circuito de P\u00e1del Estrella Damm\"}]},{\"@type\":\"Article\",\"@id\":\"https:\/\/padelestrelladamm.es\/blog\/sabrina-mendez-y-rebeca-molero\/#article\",\"isPartOf\":{\"@id\":\"https:\/\/padelestrelladamm.es\/blog\/sabrina-mendez-y-rebeca-molero\/\"},\"author\":{\"name\":\"Redacci\u00f3n\",\"@id\":\"https:\/\/padelestrelladamm.es\/blog\/#\/schema\/person\/418380b12903f0d45c68a26eb53d71fd\"},\"headline\":\"Sabrina M\u00e9ndez y Rebeca Molero se alzan, por primera vez, con la primera categor\u00eda del Circuito de P\u00e1del Estrella Damm\",\"datePublished\":\"2022-06-15T07:40:17+00:00\",\"dateModified\":\"2022-06-15T07:40:18+00:00\",\"mainEntityOfPage\":{\"@id\":\"https:\/\/padelestrelladamm.es\/blog\/sabrina-mendez-y-rebeca-molero\/\"},\"wordCount\":615,\"publisher\":{\"@id\":\"https:\/\/padelestrelladamm.es\/blog\/#organization\"},\"articleSection\":[\"Cr\u00f3nicas\"],\"inLanguage\":\"es\"},{\"@type\":\"Person\",\"@id\":\"https:\/\/padelestrelladamm.es\/blog\/#\/schema\/person\/418380b12903f0d45c68a26eb53d71fd\",\"name\":\"Redacci\u00f3n\",\"image\":{\"@type\":\"ImageObject\",\"inLanguage\":\"es\",\"@id\":\"https:\/\/padelestrelladamm.es\/blog\/#\/schema\/person\/image\/\",\"url\":\"https:\/\/secure.gravatar.com\/avatar\/8de99d88dc171dfa4570a7b72f5fa083?s=96&d=mm&r=g\",\"contentUrl\":\"https:\/\/secure.gravatar.com\/avatar\/8de99d88dc171dfa4570a7b72f5fa083?s=96&d=mm&r=g\",\"caption\":\"Redacci\u00f3n\"},\"url\":\"https:\/\/padelestrelladamm.es\/blog\/author\/circuito\/\"}]}<\/script>\n<!-- \/ Yoast SEO plugin. -->","yoast_head_json":{"title":"Sabrina M\u00e9ndez y Rebeca Molero ganan la primera femenina del Estrella","description":"Finalizada el torneo del C. de P\u00e1del Estrella Damm en la FMP, Sabrina M\u00e9ndez, Rebeca Molero, Ra\u00fal D\u00edaz y V\u00edctor S. Vera destacan entre todos.","robots":{"index":"index","follow":"follow","max-snippet":"max-snippet:-1","max-image-preview":"max-image-preview:large","max-video-preview":"max-video-preview:-1"},"canonical":"https:\/\/padelestrelladamm.es\/blog\/sabrina-mendez-y-rebeca-molero\/","og_locale":"es_ES","og_type":"article","og_title":"Sabrina M\u00e9ndez y Rebeca Molero ganan la primera femenina del Estrella","og_description":"Finalizada el torneo del C. de P\u00e1del Estrella Damm en la FMP, Sabrina M\u00e9ndez, Rebeca Molero, Ra\u00fal D\u00edaz y V\u00edctor S. Vera destacan entre todos.","og_url":"https:\/\/padelestrelladamm.es\/blog\/sabrina-mendez-y-rebeca-molero\/","og_site_name":"Blog de p\u00e1del - An\u00e1lisis, noticias y opini\u00f3n - Estrella Damm","article_publisher":"https:\/\/www.facebook.com\/CircuitoDePadelEstrellaDamm","article_published_time":"2022-06-15T07:40:17+00:00","article_modified_time":"2022-06-15T07:40:18+00:00","og_image":[{"width":980,"height":326,"url":"https:\/\/padelestrelladamm.es\/blog\/wp-content\/uploads\/2022\/06\/Sabrina-Mendez-y-Rebeca-Molero-web.jpg","type":"image\/jpeg"}],"author":"Redacci\u00f3n","twitter_card":"summary_large_image","twitter_misc":{"Escrito por":"Redacci\u00f3n","Tiempo de lectura":"3 minutos"},"schema":{"@context":"https:\/\/schema.org","@graph":[{"@type":"Organization","@id":"https:\/\/padelestrelladamm.es\/blog\/#organization","name":"Circuito de P\u00e1del Estrelladamm","url":"https:\/\/padelestrelladamm.es\/blog\/","sameAs":["https:\/\/www.instagram.com\/circuitopadelestrelladamm","https:\/\/www.youtube.com\/user\/padelestrelladamm","https:\/\/www.facebook.com\/CircuitoDePadelEstrellaDamm"],"logo":{"@type":"ImageObject","inLanguage":"es","@id":"https:\/\/padelestrelladamm.es\/blog\/#\/schema\/logo\/image\/","url":"https:\/\/padelestrelladamm.es\/blog\/wp-content\/uploads\/2021\/06\/BLOG-128.jpg","contentUrl":"https:\/\/padelestrelladamm.es\/blog\/wp-content\/uploads\/2021\/06\/BLOG-128.jpg","width":128,"height":26,"caption":"Circuito de P\u00e1del Estrelladamm"},"image":{"@id":"https:\/\/padelestrelladamm.es\/blog\/#\/schema\/logo\/image\/"}},{"@type":"WebSite","@id":"https:\/\/padelestrelladamm.es\/blog\/#website","url":"https:\/\/padelestrelladamm.es\/blog\/","name":"Blog de p\u00e1del - An\u00e1lisis, noticias y opini\u00f3n - Estrella Damm","description":"Blog de p\u00e1del. Inf\u00f3rmate sobre la actualidad relacionada con el mundo del p\u00e1del. An\u00e1lisis y noticias, lo mejor en P\u00e1del Estrella Damm","publisher":{"@id":"https:\/\/padelestrelladamm.es\/blog\/#organization"},"potentialAction":[{"@type":"SearchAction","target":{"@type":"EntryPoint","urlTemplate":"https:\/\/padelestrelladamm.es\/blog\/?s={search_term_string}"},"query-input":"required name=search_term_string"}],"inLanguage":"es"},{"@type":"WebPage","@id":"https:\/\/padelestrelladamm.es\/blog\/sabrina-mendez-y-rebeca-molero\/","url":"https:\/\/padelestrelladamm.es\/blog\/sabrina-mendez-y-rebeca-molero\/","name":"Sabrina M\u00e9ndez y Rebeca Molero ganan la primera femenina del Estrella","isPartOf":{"@id":"https:\/\/padelestrelladamm.es\/blog\/#website"},"datePublished":"2022-06-15T07:40:17+00:00","dateModified":"2022-06-15T07:40:18+00:00","description":"Finalizada el torneo del C. de P\u00e1del Estrella Damm en la FMP, Sabrina M\u00e9ndez, Rebeca Molero, Ra\u00fal D\u00edaz y V\u00edctor S. Vera destacan entre todos.","breadcrumb":{"@id":"https:\/\/padelestrelladamm.es\/blog\/sabrina-mendez-y-rebeca-molero\/#breadcrumb"},"inLanguage":"es","potentialAction":[{"@type":"ReadAction","target":["https:\/\/padelestrelladamm.es\/blog\/sabrina-mendez-y-rebeca-molero\/"]}]},{"@type":"BreadcrumbList","@id":"https:\/\/padelestrelladamm.es\/blog\/sabrina-mendez-y-rebeca-molero\/#breadcrumb","itemListElement":[{"@type":"ListItem","position":1,"name":"Inicio","item":"https:\/\/padelestrelladamm.es\/blog\/"},{"@type":"ListItem","position":2,"name":"Sabrina M\u00e9ndez y Rebeca Molero se alzan, por primera vez, con la primera categor\u00eda del Circuito de P\u00e1del Estrella Damm"}]},{"@type":"Article","@id":"https:\/\/padelestrelladamm.es\/blog\/sabrina-mendez-y-rebeca-molero\/#article","isPartOf":{"@id":"https:\/\/padelestrelladamm.es\/blog\/sabrina-mendez-y-rebeca-molero\/"},"author":{"name":"Redacci\u00f3n","@id":"https:\/\/padelestrelladamm.es\/blog\/#\/schema\/person\/418380b12903f0d45c68a26eb53d71fd"},"headline":"Sabrina M\u00e9ndez y Rebeca Molero se alzan, por primera vez, con la primera categor\u00eda del Circuito de P\u00e1del Estrella Damm","datePublished":"2022-06-15T07:40:17+00:00","dateModified":"2022-06-15T07:40:18+00:00","mainEntityOfPage":{"@id":"https:\/\/padelestrelladamm.es\/blog\/sabrina-mendez-y-rebeca-molero\/"},"wordCount":615,"publisher":{"@id":"https:\/\/padelestrelladamm.es\/blog\/#organization"},"articleSection":["Cr\u00f3nicas"],"inLanguage":"es"},{"@type":"Person","@id":"https:\/\/padelestrelladamm.es\/blog\/#\/schema\/person\/418380b12903f0d45c68a26eb53d71fd","name":"Redacci\u00f3n","image":{"@type":"ImageObject","inLanguage":"es","@id":"https:\/\/padelestrelladamm.es\/blog\/#\/schema\/person\/image\/","url":"https:\/\/secure.gravatar.com\/avatar\/8de99d88dc171dfa4570a7b72f5fa083?s=96&d=mm&r=g","contentUrl":"https:\/\/secure.gravatar.com\/avatar\/8de99d88dc171dfa4570a7b72f5fa083?s=96&d=mm&r=g","caption":"Redacci\u00f3n"},"url":"https:\/\/padelestrelladamm.es\/blog\/author\/circuito\/"}]}},"_links":{"self":[{"href":"https:\/\/padelestrelladamm.es\/blog\/wp-json\/wp\/v2\/posts\/1123"}],"collection":[{"href":"https:\/\/padelestrelladamm.es\/blog\/wp-json\/wp\/v2\/posts"}],"about":[{"href":"https:\/\/padelestrelladamm.es\/blog\/wp-json\/wp\/v2\/types\/post"}],"author":[{"embeddable":true,"href":"https:\/\/padelestrelladamm.es\/blog\/wp-json\/wp\/v2\/users\/4"}],"replies":[{"embeddable":true,"href":"https:\/\/padelestrelladamm.es\/blog\/wp-json\/wp\/v2\/comments?post=1123"}],"version-history":[{"count":2,"href":"https:\/\/padelestrelladamm.es\/blog\/wp-json\/wp\/v2\/posts\/1123\/revisions"}],"predecessor-version":[{"id":1126,"href":"https:\/\/padelestrelladamm.es\/blog\/wp-json\/wp\/v2\/posts\/1123\/revisions\/1126"}],"wp:featuredmedia":[{"embeddable":true,"href":"https:\/\/padelestrelladamm.es\/blog\/wp-json\/wp\/v2\/media\/1124"}],"wp:attachment":[{"href":"https:\/\/padelestrelladamm.es\/blog\/wp-json\/wp\/v2\/media?parent=1123"}],"wp:term":[{"taxonomy":"category","embeddable":true,"href":"https:\/\/padelestrelladamm.es\/blog\/wp-json\/wp\/v2\/categories?post=1123"},{"taxonomy":"post_tag","embeddable":true,"href":"https:\/\/padelestrelladamm.es\/blog\/wp-json\/wp\/v2\/tags?post=1123"}],"curies":[{"name":"wp","href":"https:\/\/api.w.org\/{rel}","templated":true}]}}