{"id":1158,"date":"2022-09-28T10:07:15","date_gmt":"2022-09-28T08:07:15","guid":{"rendered":"https:\/\/padelestrelladamm.es\/blog\/?p=1158"},"modified":"2022-09-28T12:06:25","modified_gmt":"2022-09-28T10:06:25","slug":"la-veterania-apuesta-por-el-circuito-de-padel-estrella-damm","status":"publish","type":"post","link":"https:\/\/padelestrelladamm.es\/blog\/la-veterania-apuesta-por-el-circuito-de-padel-estrella-damm\/","title":{"rendered":"La veteran\u00eda apuesta por el Circuito de P\u00e1del Estrella Damm"},"content":{"rendered":"\n<blockquote class=\"wp-block-quote\"><p>El Circuito de P\u00e1del Estrella Damm ha apostado en su torneo veterano de semana de septiembre por los jugadores y jugadoras +40. Y estos han respondido m\u00e1s que favorablemente. 69 son las parejas que se han inscrito a este torneo abierto a federados y no federados disputado del 19 al 25 de septiembre. El Club de P\u00e1del La Moraleja ha ejercido de la sede anfitriona.<br>La alta inscripci\u00f3n tanto masculina como femenina permiti\u00f3 la conformaci\u00f3n de cuadro Avanzado y cuadro Medio en ambas modalidades.<\/p><\/blockquote>\n\n\n\n<p>Ha sido una semana de grandes encuentros, tanto deportivos como personales, pues en este torneo veterano han vuelto a participar jugadores y jugadoras que se hab\u00edan retirado de la competici\u00f3n federada o express. Y es que los jugadores y jugadoras han encontrado un espacio de competici\u00f3n en el que han podido enfrentarse entre s\u00ed en partidos competidos, pero sin el rigor de los torneos federados, y sin la exigente f\u00edsica de los torneos express.<\/p>\n\n\n\n<p>La pareja formada por Marta Rodr\u00edguez y Gloria Cus\u00ed fue la que se impuso en la categor\u00eda Avanzada. En la final tuvieron en frente a Marta Filippini y Elena Sumastre que cayeron por un 6\/2 6\/4. Este cuadro destac\u00f3 por lo ajustado del resultado de sus partidos.<\/p>\n\n\n\n<p>En la modalidad masculina, fueron Guillermo Casta\u00f1\u00f3n y Francisco Javier Garc\u00eda Machuca los que se llevaron el triunfo en la categor\u00eda Avanzada. Sus rivales en la final fueron Pablo V\u00e1zquez y Diego del Corral. Estos \u00faltimos perdieron el encuentro por un 6\/3 6\/2. Casta\u00f1\u00f3n y Garc\u00eda lograron alcanzar la final tras un disputado partido de semifinales a tres sets contra Lahoz y Hern\u00e1ndez.<br>En cuanto a la categor\u00eda media, la femenina se la llevaron Maribel S\u00e1nchez e Iratxe N\u00fa\u00f1ez, y la masculina, Alberto G\u00f3mez y Sergio Becerra<\/p>\n\n\n\n<h4>No solo de torneos de semana viven los aficionados<\/h4>\n\n\n\n<p>Si el torneo veterano de semana ha tenido una gran acogida, los torneos express no han sido menos. Las tres jornadas de p\u00e1del express que ha celebrado el Circuito en este mes de septiembre han contado con 350 jugadores y jugadoras. Estos amantes de p\u00e1del pudieron optar por un torneo Avanzado, uno Medio y uno Bajo en funci\u00f3n de su nivel.<\/p>\n\n\n\n<p>El Circuito de P\u00e1del Estrella Damm contin\u00faa estableciendo protocolos para tratar de que los participantes en los diferentes torneos respondan al nivel de los mismos. As\u00ed, aquellos jugadores se han proclamado campeones por segunda vez en un torneo express en un nivel tendr\u00e1n que participar en el siguiente en pr\u00f3ximas ocasiones. Tambi\u00e9n, aquellos que han participado en un nivel y han pasado por cuadro principal, no podr\u00e1n participar en torneos de niveles inferiores.<\/p>\n\n\n\n<h4>Nuestro p\u00e1del en la iniciativa Madrid Capital Mundial del Deporte<\/h4>\n\n\n\n<p>El Circuito de P\u00e1del Estrella Damm ya lo tiene todo preparado para la prueba federada de octubre que celebrar\u00e1 en la Federaci\u00f3n Madrile\u00f1a de P\u00e1del del 15 al 23 de octubre. Los seguidores del Circuito podr\u00e1n optar por un torneo federado o por tres torneos express.<\/p>\n\n\n\n<p>El Circuito ha querido organizar esta prueba en un club de la capital con el fin de contribuir a mostrar que nuestra ciudad se merece el t\u00edtulo de Madrid Capital Mundial del Deporte que ostenta este a\u00f1o. Y para apoyar esta prueba, todos los participantes recibir\u00e1n una mochila exclusiva del Circuito.<\/p>\n","protected":false},"excerpt":{"rendered":"<p>El Circuito de P\u00e1del Estrella Damm ha apostado en su torneo veterano de semana de septiembre por los jugadores y jugadoras +40. Y estos han respondido m\u00e1s que favorablemente. 69 son las parejas que se han inscrito a este torneo abierto a federados y no federados disputado del 19 al 25 de septiembre. El Club [&hellip;]<\/p>\n","protected":false},"author":4,"featured_media":1159,"comment_status":"closed","ping_status":"closed","sticky":false,"template":"","format":"standard","meta":[],"categories":[7],"tags":[],"yoast_head":"<!-- This site is optimized with the Yoast SEO plugin v19.4 - https:\/\/yoast.com\/wordpress\/plugins\/seo\/ -->\n<title>La veteran\u00eda apuesta por el Circuito de P\u00e1del Estrella Damm<\/title>\n<meta name=\"description\" content=\"El Circuito de P\u00e1del Estrella Damm ha celebrado su torneo veterano de semana con una respuesta incre\u00edble de los aficionados y aficionadas +40\" \/>\n<meta name=\"robots\" content=\"index, follow, max-snippet:-1, max-image-preview:large, max-video-preview:-1\" \/>\n<link rel=\"canonical\" href=\"https:\/\/padelestrelladamm.es\/blog\/la-veterania-apuesta-por-el-circuito-de-padel-estrella-damm\/\" \/>\n<meta property=\"og:locale\" content=\"es_ES\" \/>\n<meta property=\"og:type\" content=\"article\" \/>\n<meta property=\"og:title\" content=\"La veteran\u00eda apuesta por el Circuito de P\u00e1del Estrella Damm\" \/>\n<meta property=\"og:description\" content=\"El Circuito de P\u00e1del Estrella Damm ha celebrado su torneo veterano de semana con una respuesta incre\u00edble de los aficionados y aficionadas +40\" \/>\n<meta property=\"og:url\" content=\"https:\/\/padelestrelladamm.es\/blog\/la-veterania-apuesta-por-el-circuito-de-padel-estrella-damm\/\" \/>\n<meta property=\"og:site_name\" content=\"Blog de p\u00e1del - An\u00e1lisis, noticias y opini\u00f3n - Estrella Damm\" \/>\n<meta property=\"article:publisher\" content=\"https:\/\/www.facebook.com\/CircuitoDePadelEstrellaDamm\" \/>\n<meta property=\"article:published_time\" content=\"2022-09-28T08:07:15+00:00\" \/>\n<meta property=\"article:modified_time\" content=\"2022-09-28T10:06:25+00:00\" \/>\n<meta property=\"og:image\" content=\"https:\/\/padelestrelladamm.es\/blog\/wp-content\/uploads\/2022\/09\/NP_web.jpg\" \/>\n\t<meta property=\"og:image:width\" content=\"1500\" \/>\n\t<meta property=\"og:image:height\" content=\"498\" \/>\n\t<meta property=\"og:image:type\" content=\"image\/jpeg\" \/>\n<meta name=\"author\" content=\"Redacci\u00f3n\" \/>\n<meta name=\"twitter:card\" content=\"summary_large_image\" \/>\n<meta name=\"twitter:label1\" content=\"Escrito por\" \/>\n\t<meta name=\"twitter:data1\" content=\"Redacci\u00f3n\" \/>\n\t<meta name=\"twitter:label2\" content=\"Tiempo de lectura\" \/>\n\t<meta name=\"twitter:data2\" content=\"3 minutos\" \/>\n<script type=\"application\/ld+json\" class=\"yoast-schema-graph\">{\"@context\":\"https:\/\/schema.org\",\"@graph\":[{\"@type\":\"Organization\",\"@id\":\"https:\/\/padelestrelladamm.es\/blog\/#organization\",\"name\":\"Circuito de P\u00e1del Estrelladamm\",\"url\":\"https:\/\/padelestrelladamm.es\/blog\/\",\"sameAs\":[\"https:\/\/www.instagram.com\/circuitopadelestrelladamm\",\"https:\/\/www.youtube.com\/user\/padelestrelladamm\",\"https:\/\/www.facebook.com\/CircuitoDePadelEstrellaDamm\"],\"logo\":{\"@type\":\"ImageObject\",\"inLanguage\":\"es\",\"@id\":\"https:\/\/padelestrelladamm.es\/blog\/#\/schema\/logo\/image\/\",\"url\":\"https:\/\/padelestrelladamm.es\/blog\/wp-content\/uploads\/2021\/06\/BLOG-128.jpg\",\"contentUrl\":\"https:\/\/padelestrelladamm.es\/blog\/wp-content\/uploads\/2021\/06\/BLOG-128.jpg\",\"width\":128,\"height\":26,\"caption\":\"Circuito de P\u00e1del Estrelladamm\"},\"image\":{\"@id\":\"https:\/\/padelestrelladamm.es\/blog\/#\/schema\/logo\/image\/\"}},{\"@type\":\"WebSite\",\"@id\":\"https:\/\/padelestrelladamm.es\/blog\/#website\",\"url\":\"https:\/\/padelestrelladamm.es\/blog\/\",\"name\":\"Blog de p\u00e1del - An\u00e1lisis, noticias y opini\u00f3n - Estrella Damm\",\"description\":\"Blog de p\u00e1del. Inf\u00f3rmate sobre la actualidad relacionada con el mundo del p\u00e1del. An\u00e1lisis y noticias, lo mejor en P\u00e1del Estrella Damm\",\"publisher\":{\"@id\":\"https:\/\/padelestrelladamm.es\/blog\/#organization\"},\"potentialAction\":[{\"@type\":\"SearchAction\",\"target\":{\"@type\":\"EntryPoint\",\"urlTemplate\":\"https:\/\/padelestrelladamm.es\/blog\/?s={search_term_string}\"},\"query-input\":\"required name=search_term_string\"}],\"inLanguage\":\"es\"},{\"@type\":\"WebPage\",\"@id\":\"https:\/\/padelestrelladamm.es\/blog\/la-veterania-apuesta-por-el-circuito-de-padel-estrella-damm\/\",\"url\":\"https:\/\/padelestrelladamm.es\/blog\/la-veterania-apuesta-por-el-circuito-de-padel-estrella-damm\/\",\"name\":\"La veteran\u00eda apuesta por el Circuito de P\u00e1del Estrella Damm\",\"isPartOf\":{\"@id\":\"https:\/\/padelestrelladamm.es\/blog\/#website\"},\"datePublished\":\"2022-09-28T08:07:15+00:00\",\"dateModified\":\"2022-09-28T10:06:25+00:00\",\"description\":\"El Circuito de P\u00e1del Estrella Damm ha celebrado su torneo veterano de semana con una respuesta incre\u00edble de los aficionados y aficionadas +40\",\"breadcrumb\":{\"@id\":\"https:\/\/padelestrelladamm.es\/blog\/la-veterania-apuesta-por-el-circuito-de-padel-estrella-damm\/#breadcrumb\"},\"inLanguage\":\"es\",\"potentialAction\":[{\"@type\":\"ReadAction\",\"target\":[\"https:\/\/padelestrelladamm.es\/blog\/la-veterania-apuesta-por-el-circuito-de-padel-estrella-damm\/\"]}]},{\"@type\":\"BreadcrumbList\",\"@id\":\"https:\/\/padelestrelladamm.es\/blog\/la-veterania-apuesta-por-el-circuito-de-padel-estrella-damm\/#breadcrumb\",\"itemListElement\":[{\"@type\":\"ListItem\",\"position\":1,\"name\":\"Inicio\",\"item\":\"https:\/\/padelestrelladamm.es\/blog\/\"},{\"@type\":\"ListItem\",\"position\":2,\"name\":\"La veteran\u00eda apuesta por el Circuito de P\u00e1del Estrella Damm\"}]},{\"@type\":\"Article\",\"@id\":\"https:\/\/padelestrelladamm.es\/blog\/la-veterania-apuesta-por-el-circuito-de-padel-estrella-damm\/#article\",\"isPartOf\":{\"@id\":\"https:\/\/padelestrelladamm.es\/blog\/la-veterania-apuesta-por-el-circuito-de-padel-estrella-damm\/\"},\"author\":{\"name\":\"Redacci\u00f3n\",\"@id\":\"https:\/\/padelestrelladamm.es\/blog\/#\/schema\/person\/418380b12903f0d45c68a26eb53d71fd\"},\"headline\":\"La veteran\u00eda apuesta por el Circuito de P\u00e1del Estrella Damm\",\"datePublished\":\"2022-09-28T08:07:15+00:00\",\"dateModified\":\"2022-09-28T10:06:25+00:00\",\"mainEntityOfPage\":{\"@id\":\"https:\/\/padelestrelladamm.es\/blog\/la-veterania-apuesta-por-el-circuito-de-padel-estrella-damm\/\"},\"wordCount\":583,\"publisher\":{\"@id\":\"https:\/\/padelestrelladamm.es\/blog\/#organization\"},\"articleSection\":[\"Cr\u00f3nicas\"],\"inLanguage\":\"es\"},{\"@type\":\"Person\",\"@id\":\"https:\/\/padelestrelladamm.es\/blog\/#\/schema\/person\/418380b12903f0d45c68a26eb53d71fd\",\"name\":\"Redacci\u00f3n\",\"image\":{\"@type\":\"ImageObject\",\"inLanguage\":\"es\",\"@id\":\"https:\/\/padelestrelladamm.es\/blog\/#\/schema\/person\/image\/\",\"url\":\"https:\/\/secure.gravatar.com\/avatar\/8de99d88dc171dfa4570a7b72f5fa083?s=96&d=mm&r=g\",\"contentUrl\":\"https:\/\/secure.gravatar.com\/avatar\/8de99d88dc171dfa4570a7b72f5fa083?s=96&d=mm&r=g\",\"caption\":\"Redacci\u00f3n\"},\"url\":\"https:\/\/padelestrelladamm.es\/blog\/author\/circuito\/\"}]}<\/script>\n<!-- \/ Yoast SEO plugin. -->","yoast_head_json":{"title":"La veteran\u00eda apuesta por el Circuito de P\u00e1del Estrella Damm","description":"El Circuito de P\u00e1del Estrella Damm ha celebrado su torneo veterano de semana con una respuesta incre\u00edble de los aficionados y aficionadas +40","robots":{"index":"index","follow":"follow","max-snippet":"max-snippet:-1","max-image-preview":"max-image-preview:large","max-video-preview":"max-video-preview:-1"},"canonical":"https:\/\/padelestrelladamm.es\/blog\/la-veterania-apuesta-por-el-circuito-de-padel-estrella-damm\/","og_locale":"es_ES","og_type":"article","og_title":"La veteran\u00eda apuesta por el Circuito de P\u00e1del Estrella Damm","og_description":"El Circuito de P\u00e1del Estrella Damm ha celebrado su torneo veterano de semana con una respuesta incre\u00edble de los aficionados y aficionadas +40","og_url":"https:\/\/padelestrelladamm.es\/blog\/la-veterania-apuesta-por-el-circuito-de-padel-estrella-damm\/","og_site_name":"Blog de p\u00e1del - An\u00e1lisis, noticias y opini\u00f3n - Estrella Damm","article_publisher":"https:\/\/www.facebook.com\/CircuitoDePadelEstrellaDamm","article_published_time":"2022-09-28T08:07:15+00:00","article_modified_time":"2022-09-28T10:06:25+00:00","og_image":[{"width":1500,"height":498,"url":"https:\/\/padelestrelladamm.es\/blog\/wp-content\/uploads\/2022\/09\/NP_web.jpg","type":"image\/jpeg"}],"author":"Redacci\u00f3n","twitter_card":"summary_large_image","twitter_misc":{"Escrito por":"Redacci\u00f3n","Tiempo de lectura":"3 minutos"},"schema":{"@context":"https:\/\/schema.org","@graph":[{"@type":"Organization","@id":"https:\/\/padelestrelladamm.es\/blog\/#organization","name":"Circuito de P\u00e1del Estrelladamm","url":"https:\/\/padelestrelladamm.es\/blog\/","sameAs":["https:\/\/www.instagram.com\/circuitopadelestrelladamm","https:\/\/www.youtube.com\/user\/padelestrelladamm","https:\/\/www.facebook.com\/CircuitoDePadelEstrellaDamm"],"logo":{"@type":"ImageObject","inLanguage":"es","@id":"https:\/\/padelestrelladamm.es\/blog\/#\/schema\/logo\/image\/","url":"https:\/\/padelestrelladamm.es\/blog\/wp-content\/uploads\/2021\/06\/BLOG-128.jpg","contentUrl":"https:\/\/padelestrelladamm.es\/blog\/wp-content\/uploads\/2021\/06\/BLOG-128.jpg","width":128,"height":26,"caption":"Circuito de P\u00e1del Estrelladamm"},"image":{"@id":"https:\/\/padelestrelladamm.es\/blog\/#\/schema\/logo\/image\/"}},{"@type":"WebSite","@id":"https:\/\/padelestrelladamm.es\/blog\/#website","url":"https:\/\/padelestrelladamm.es\/blog\/","name":"Blog de p\u00e1del - An\u00e1lisis, noticias y opini\u00f3n - Estrella Damm","description":"Blog de p\u00e1del. Inf\u00f3rmate sobre la actualidad relacionada con el mundo del p\u00e1del. An\u00e1lisis y noticias, lo mejor en P\u00e1del Estrella Damm","publisher":{"@id":"https:\/\/padelestrelladamm.es\/blog\/#organization"},"potentialAction":[{"@type":"SearchAction","target":{"@type":"EntryPoint","urlTemplate":"https:\/\/padelestrelladamm.es\/blog\/?s={search_term_string}"},"query-input":"required name=search_term_string"}],"inLanguage":"es"},{"@type":"WebPage","@id":"https:\/\/padelestrelladamm.es\/blog\/la-veterania-apuesta-por-el-circuito-de-padel-estrella-damm\/","url":"https:\/\/padelestrelladamm.es\/blog\/la-veterania-apuesta-por-el-circuito-de-padel-estrella-damm\/","name":"La veteran\u00eda apuesta por el Circuito de P\u00e1del Estrella Damm","isPartOf":{"@id":"https:\/\/padelestrelladamm.es\/blog\/#website"},"datePublished":"2022-09-28T08:07:15+00:00","dateModified":"2022-09-28T10:06:25+00:00","description":"El Circuito de P\u00e1del Estrella Damm ha celebrado su torneo veterano de semana con una respuesta incre\u00edble de los aficionados y aficionadas +40","breadcrumb":{"@id":"https:\/\/padelestrelladamm.es\/blog\/la-veterania-apuesta-por-el-circuito-de-padel-estrella-damm\/#breadcrumb"},"inLanguage":"es","potentialAction":[{"@type":"ReadAction","target":["https:\/\/padelestrelladamm.es\/blog\/la-veterania-apuesta-por-el-circuito-de-padel-estrella-damm\/"]}]},{"@type":"BreadcrumbList","@id":"https:\/\/padelestrelladamm.es\/blog\/la-veterania-apuesta-por-el-circuito-de-padel-estrella-damm\/#breadcrumb","itemListElement":[{"@type":"ListItem","position":1,"name":"Inicio","item":"https:\/\/padelestrelladamm.es\/blog\/"},{"@type":"ListItem","position":2,"name":"La veteran\u00eda apuesta por el Circuito de P\u00e1del Estrella Damm"}]},{"@type":"Article","@id":"https:\/\/padelestrelladamm.es\/blog\/la-veterania-apuesta-por-el-circuito-de-padel-estrella-damm\/#article","isPartOf":{"@id":"https:\/\/padelestrelladamm.es\/blog\/la-veterania-apuesta-por-el-circuito-de-padel-estrella-damm\/"},"author":{"name":"Redacci\u00f3n","@id":"https:\/\/padelestrelladamm.es\/blog\/#\/schema\/person\/418380b12903f0d45c68a26eb53d71fd"},"headline":"La veteran\u00eda apuesta por el Circuito de P\u00e1del Estrella Damm","datePublished":"2022-09-28T08:07:15+00:00","dateModified":"2022-09-28T10:06:25+00:00","mainEntityOfPage":{"@id":"https:\/\/padelestrelladamm.es\/blog\/la-veterania-apuesta-por-el-circuito-de-padel-estrella-damm\/"},"wordCount":583,"publisher":{"@id":"https:\/\/padelestrelladamm.es\/blog\/#organization"},"articleSection":["Cr\u00f3nicas"],"inLanguage":"es"},{"@type":"Person","@id":"https:\/\/padelestrelladamm.es\/blog\/#\/schema\/person\/418380b12903f0d45c68a26eb53d71fd","name":"Redacci\u00f3n","image":{"@type":"ImageObject","inLanguage":"es","@id":"https:\/\/padelestrelladamm.es\/blog\/#\/schema\/person\/image\/","url":"https:\/\/secure.gravatar.com\/avatar\/8de99d88dc171dfa4570a7b72f5fa083?s=96&d=mm&r=g","contentUrl":"https:\/\/secure.gravatar.com\/avatar\/8de99d88dc171dfa4570a7b72f5fa083?s=96&d=mm&r=g","caption":"Redacci\u00f3n"},"url":"https:\/\/padelestrelladamm.es\/blog\/author\/circuito\/"}]}},"_links":{"self":[{"href":"https:\/\/padelestrelladamm.es\/blog\/wp-json\/wp\/v2\/posts\/1158"}],"collection":[{"href":"https:\/\/padelestrelladamm.es\/blog\/wp-json\/wp\/v2\/posts"}],"about":[{"href":"https:\/\/padelestrelladamm.es\/blog\/wp-json\/wp\/v2\/types\/post"}],"author":[{"embeddable":true,"href":"https:\/\/padelestrelladamm.es\/blog\/wp-json\/wp\/v2\/users\/4"}],"replies":[{"embeddable":true,"href":"https:\/\/padelestrelladamm.es\/blog\/wp-json\/wp\/v2\/comments?post=1158"}],"version-history":[{"count":1,"href":"https:\/\/padelestrelladamm.es\/blog\/wp-json\/wp\/v2\/posts\/1158\/revisions"}],"predecessor-version":[{"id":1160,"href":"https:\/\/padelestrelladamm.es\/blog\/wp-json\/wp\/v2\/posts\/1158\/revisions\/1160"}],"wp:featuredmedia":[{"embeddable":true,"href":"https:\/\/padelestrelladamm.es\/blog\/wp-json\/wp\/v2\/media\/1159"}],"wp:attachment":[{"href":"https:\/\/padelestrelladamm.es\/blog\/wp-json\/wp\/v2\/media?parent=1158"}],"wp:term":[{"taxonomy":"category","embeddable":true,"href":"https:\/\/padelestrelladamm.es\/blog\/wp-json\/wp\/v2\/categories?post=1158"},{"taxonomy":"post_tag","embeddable":true,"href":"https:\/\/padelestrelladamm.es\/blog\/wp-json\/wp\/v2\/tags?post=1158"}],"curies":[{"name":"wp","href":"https:\/\/api.w.org\/{rel}","templated":true}]}}