{"id":1177,"date":"2022-10-26T12:06:26","date_gmt":"2022-10-26T10:06:26","guid":{"rendered":"https:\/\/padelestrelladamm.es\/blog\/?p=1177"},"modified":"2022-10-26T13:59:47","modified_gmt":"2022-10-26T11:59:47","slug":"de-castro-y-garcia-aceituno-ganan-su-primer-estrella-damm","status":"publish","type":"post","link":"https:\/\/padelestrelladamm.es\/blog\/de-castro-y-garcia-aceituno-ganan-su-primer-estrella-damm\/","title":{"rendered":"De Castro y Garc\u00eda Aceituno ganan su primer Estrella Damm"},"content":{"rendered":"\n<blockquote class=\"wp-block-quote\"><p>El Circuito de P\u00e1del Estrella Damm 2022 contin\u00faa su curso. Ha tenido lugar la prueba de octubre que se desarroll\u00f3 del 15 al 23 en el Club Deportivo Puerta de Hierro, sede de la Federaci\u00f3n Madrile\u00f1a de P\u00e1del.<\/p><\/blockquote>\n\n\n\n<p>Casi 350 jugadores y jugadoras participaron en el torneo federado en una semana en la que la lluvia fue una de las estrellas.<\/p>\n\n\n\n<p>Decimos una de las estrellas porque las pistas acogieron a grand\u00edsimos jugadores y jugadoras que mostraron su alt\u00edsimo nivel de juego a todos los aficionados y aficionados que se acercaron al club a disfrutar de los partidos.<\/p>\n\n\n\n<p>Dani de Castro e Iv\u00e1n Garc\u00eda Aceituno fueron dos de ellas. Esta joven pareja se impuso en la final a Ra\u00fal D\u00edaz y Victor S\u00e1nchez Vera por un 6\/4, 6\/3.<\/p>\n\n\n\n<p>Pese a tratarse de un partido a dos sets, los jugadores permanecieron en la pista cerca de dos horas. Y esto fue debido a que se trat\u00f3 de un partido caracterizado por puntos muy trabajados. Estos puntos pusieron de manifiesto la gran t\u00e9cnica y estrategia de los cuatro jugadores de la pista.<\/p>\n\n\n\n<p>Fue el partido que m\u00e1s expectaci\u00f3n gener\u00f3 en la jornada final del torneo congregando a un gran n\u00famero de aficionados y aficionadas que, en ciertos momentos, tuvieron que hacer uso de sus paraguas.<\/p>\n\n\n\n<p>Esta derrota de la veterana pareja que han conformado dupla en tres ocasiones en la presente edici\u00f3n del Circuito, no les ha movido de su liderato en su Carrera de Campeones 2022.<\/p>\n\n\n\n<p>Los aficionados y aficionadas presentes en las finales no tuvieron la suerte de disfrutar de la apasionante final de primera femenina que hubiera tenido lugar. La lesi\u00f3n de mu\u00f1eca de Cristina Rayo que participaba junto a Cristina Carrascosa, le hizo retirarse en el sexto juego del partido. Este hecho encumbr\u00f3 directamente a Lorena Alonso y Marta Talav\u00e1n a lo m\u00e1s alto del podio de la primera categor\u00eda femenina.&nbsp;<\/p>\n\n\n\n<p>Afortunadamente los amantes al p\u00e1del s\u00ed pudieron disfrutar del gran juego de estas cuatro jugadoras en las jornadas previas a la final.<\/p>\n\n\n\n<h4><strong>El importante papel del juez \u00e1rbitro<\/strong><\/h4>\n\n\n\n<p>De todos los aficionados y aficionadas es sabido que un \u00e1rbitro de p\u00e1del no se encarga solamente de elaborar los cuadros y&nbsp;arbitrar los partidos de p\u00e1del. El juez \u00e1rbitro es el responsable de que el desarrollo de los torneos o partidos sigan un curso adecuado. Y es en este aspecto en el que Beatriz Ruiz, juez \u00e1rbitro del torneo federado del Circuito, ha tenido una gran labor.<\/p>\n\n\n\n<p>Esta juez \u00e1rbitro ha tenido que enfrentarse a una semana donde las condiciones meteorol\u00f3gicas han sido realmente adversas en un club donde no contaba con pistas cubiertas. Pese a ello, gracias a una din\u00e1mica reorganizaci\u00f3n de las jornadas ha logrado sacar la competici\u00f3n en el tiempo establecido para el torneo.<\/p>\n\n\n\n<p>No sucedi\u00f3 lo mismo con los torneos express convocados en esta ocasi\u00f3n. Dos de los tres torneos de una tarde convocados en torno al torneo federado tuvieron que ser suspendidos por la lluvia ca\u00edda sobre la capital.<\/p>\n\n\n\n<h4><strong>El Circuito de P\u00e1del Estrella Damm en la oferta deportiva de Madrid Capital Mundial del Deporte<\/strong><\/h4>\n\n\n\n<p> Con los torneos celebrados en octubre, el Circuito de P\u00e1del Estrella Damm ha querido sumarse a la oferta deportiva de Madrid en el a\u00f1o que ostenta la capitalidad mundial del Deporte. De esta forma, el Circuito aporta su granito de arena a mostrar que Madrid cuenta con espectaculares instalaciones y una incre\u00edble oferta deportiva, tanto profesional como amateur. Los amantes del deporte pueden presenciar grandes citas del panorama nacional e internacional de golf, fitboxing, tenis, escalada, h\u00edpica, rugby, urban sports, crossfit, ciclismo, atletismo\u2026 Y, como no, de p\u00e1del, con el World Padel Tour a la cabeza. Pero, tambi\u00e9n, tienen una gran oferta de instalaciones y torneos donde practicar sus deportes favoritos. Con los torneos celebrados en el Parque Deportivo Puerta de Hierro, sede de la Federaci\u00f3n Madrile\u00f1a de P\u00e1del, este veterano Circuito ha incluido el p\u00e1del amateur en la oferta deportiva de Madrid Capital Mundial del Deporte.<\/p>\n","protected":false},"excerpt":{"rendered":"<p>El Circuito de P\u00e1del Estrella Damm 2022 contin\u00faa su curso. Ha tenido lugar la prueba de octubre que se desarroll\u00f3 del 15 al 23 en el Club Deportivo Puerta de Hierro, sede de la Federaci\u00f3n Madrile\u00f1a de P\u00e1del. Casi 350 jugadores y jugadoras participaron en el torneo federado en una semana en la que la [&hellip;]<\/p>\n","protected":false},"author":4,"featured_media":1178,"comment_status":"closed","ping_status":"closed","sticky":false,"template":"","format":"standard","meta":[],"categories":[7],"tags":[],"yoast_head":"<!-- This site is optimized with the Yoast SEO plugin v19.4 - https:\/\/yoast.com\/wordpress\/plugins\/seo\/ -->\n<title>De Castro y Garc\u00eda Aceituno ganan su primer Estrella Damm<\/title>\n<meta name=\"description\" content=\"Ha tenido lugar la prueba de octubre del Circuito en el Club Deportivo Puerta de Hierro. De Castro y Garc\u00eda Aceituno ganan el primer Estrella\" \/>\n<meta name=\"robots\" content=\"index, follow, max-snippet:-1, max-image-preview:large, max-video-preview:-1\" \/>\n<link rel=\"canonical\" href=\"https:\/\/padelestrelladamm.es\/blog\/de-castro-y-garcia-aceituno-ganan-su-primer-estrella-damm\/\" \/>\n<meta property=\"og:locale\" content=\"es_ES\" \/>\n<meta property=\"og:type\" content=\"article\" \/>\n<meta property=\"og:title\" content=\"De Castro y Garc\u00eda Aceituno ganan su primer Estrella Damm\" \/>\n<meta property=\"og:description\" content=\"Ha tenido lugar la prueba de octubre del Circuito en el Club Deportivo Puerta de Hierro. De Castro y Garc\u00eda Aceituno ganan el primer Estrella\" \/>\n<meta property=\"og:url\" content=\"https:\/\/padelestrelladamm.es\/blog\/de-castro-y-garcia-aceituno-ganan-su-primer-estrella-damm\/\" \/>\n<meta property=\"og:site_name\" content=\"Blog de p\u00e1del - An\u00e1lisis, noticias y opini\u00f3n - Estrella Damm\" \/>\n<meta property=\"article:publisher\" content=\"https:\/\/www.facebook.com\/CircuitoDePadelEstrellaDamm\" \/>\n<meta property=\"article:published_time\" content=\"2022-10-26T10:06:26+00:00\" \/>\n<meta property=\"article:modified_time\" content=\"2022-10-26T11:59:47+00:00\" \/>\n<meta property=\"og:image\" content=\"https:\/\/padelestrelladamm.es\/blog\/wp-content\/uploads\/2022\/10\/NP-garcia-aceituno-y-De-castro.jpg\" \/>\n\t<meta property=\"og:image:width\" content=\"979\" \/>\n\t<meta property=\"og:image:height\" content=\"325\" \/>\n\t<meta property=\"og:image:type\" content=\"image\/jpeg\" \/>\n<meta name=\"author\" content=\"Redacci\u00f3n\" \/>\n<meta name=\"twitter:card\" content=\"summary_large_image\" \/>\n<meta name=\"twitter:label1\" content=\"Escrito por\" \/>\n\t<meta name=\"twitter:data1\" content=\"Redacci\u00f3n\" \/>\n\t<meta name=\"twitter:label2\" content=\"Tiempo de lectura\" \/>\n\t<meta name=\"twitter:data2\" content=\"3 minutos\" \/>\n<script type=\"application\/ld+json\" class=\"yoast-schema-graph\">{\"@context\":\"https:\/\/schema.org\",\"@graph\":[{\"@type\":\"Organization\",\"@id\":\"https:\/\/padelestrelladamm.es\/blog\/#organization\",\"name\":\"Circuito de P\u00e1del Estrelladamm\",\"url\":\"https:\/\/padelestrelladamm.es\/blog\/\",\"sameAs\":[\"https:\/\/www.instagram.com\/circuitopadelestrelladamm\",\"https:\/\/www.youtube.com\/user\/padelestrelladamm\",\"https:\/\/www.facebook.com\/CircuitoDePadelEstrellaDamm\"],\"logo\":{\"@type\":\"ImageObject\",\"inLanguage\":\"es\",\"@id\":\"https:\/\/padelestrelladamm.es\/blog\/#\/schema\/logo\/image\/\",\"url\":\"https:\/\/padelestrelladamm.es\/blog\/wp-content\/uploads\/2021\/06\/BLOG-128.jpg\",\"contentUrl\":\"https:\/\/padelestrelladamm.es\/blog\/wp-content\/uploads\/2021\/06\/BLOG-128.jpg\",\"width\":128,\"height\":26,\"caption\":\"Circuito de P\u00e1del Estrelladamm\"},\"image\":{\"@id\":\"https:\/\/padelestrelladamm.es\/blog\/#\/schema\/logo\/image\/\"}},{\"@type\":\"WebSite\",\"@id\":\"https:\/\/padelestrelladamm.es\/blog\/#website\",\"url\":\"https:\/\/padelestrelladamm.es\/blog\/\",\"name\":\"Blog de p\u00e1del - An\u00e1lisis, noticias y opini\u00f3n - Estrella Damm\",\"description\":\"Blog de p\u00e1del. Inf\u00f3rmate sobre la actualidad relacionada con el mundo del p\u00e1del. An\u00e1lisis y noticias, lo mejor en P\u00e1del Estrella Damm\",\"publisher\":{\"@id\":\"https:\/\/padelestrelladamm.es\/blog\/#organization\"},\"potentialAction\":[{\"@type\":\"SearchAction\",\"target\":{\"@type\":\"EntryPoint\",\"urlTemplate\":\"https:\/\/padelestrelladamm.es\/blog\/?s={search_term_string}\"},\"query-input\":\"required name=search_term_string\"}],\"inLanguage\":\"es\"},{\"@type\":\"WebPage\",\"@id\":\"https:\/\/padelestrelladamm.es\/blog\/de-castro-y-garcia-aceituno-ganan-su-primer-estrella-damm\/\",\"url\":\"https:\/\/padelestrelladamm.es\/blog\/de-castro-y-garcia-aceituno-ganan-su-primer-estrella-damm\/\",\"name\":\"De Castro y Garc\u00eda Aceituno ganan su primer Estrella Damm\",\"isPartOf\":{\"@id\":\"https:\/\/padelestrelladamm.es\/blog\/#website\"},\"datePublished\":\"2022-10-26T10:06:26+00:00\",\"dateModified\":\"2022-10-26T11:59:47+00:00\",\"description\":\"Ha tenido lugar la prueba de octubre del Circuito en el Club Deportivo Puerta de Hierro. De Castro y Garc\u00eda Aceituno ganan el primer Estrella\",\"breadcrumb\":{\"@id\":\"https:\/\/padelestrelladamm.es\/blog\/de-castro-y-garcia-aceituno-ganan-su-primer-estrella-damm\/#breadcrumb\"},\"inLanguage\":\"es\",\"potentialAction\":[{\"@type\":\"ReadAction\",\"target\":[\"https:\/\/padelestrelladamm.es\/blog\/de-castro-y-garcia-aceituno-ganan-su-primer-estrella-damm\/\"]}]},{\"@type\":\"BreadcrumbList\",\"@id\":\"https:\/\/padelestrelladamm.es\/blog\/de-castro-y-garcia-aceituno-ganan-su-primer-estrella-damm\/#breadcrumb\",\"itemListElement\":[{\"@type\":\"ListItem\",\"position\":1,\"name\":\"Inicio\",\"item\":\"https:\/\/padelestrelladamm.es\/blog\/\"},{\"@type\":\"ListItem\",\"position\":2,\"name\":\"De Castro y Garc\u00eda Aceituno ganan su primer Estrella Damm\"}]},{\"@type\":\"Article\",\"@id\":\"https:\/\/padelestrelladamm.es\/blog\/de-castro-y-garcia-aceituno-ganan-su-primer-estrella-damm\/#article\",\"isPartOf\":{\"@id\":\"https:\/\/padelestrelladamm.es\/blog\/de-castro-y-garcia-aceituno-ganan-su-primer-estrella-damm\/\"},\"author\":{\"name\":\"Redacci\u00f3n\",\"@id\":\"https:\/\/padelestrelladamm.es\/blog\/#\/schema\/person\/418380b12903f0d45c68a26eb53d71fd\"},\"headline\":\"De Castro y Garc\u00eda Aceituno ganan su primer Estrella Damm\",\"datePublished\":\"2022-10-26T10:06:26+00:00\",\"dateModified\":\"2022-10-26T11:59:47+00:00\",\"mainEntityOfPage\":{\"@id\":\"https:\/\/padelestrelladamm.es\/blog\/de-castro-y-garcia-aceituno-ganan-su-primer-estrella-damm\/\"},\"wordCount\":707,\"publisher\":{\"@id\":\"https:\/\/padelestrelladamm.es\/blog\/#organization\"},\"articleSection\":[\"Cr\u00f3nicas\"],\"inLanguage\":\"es\"},{\"@type\":\"Person\",\"@id\":\"https:\/\/padelestrelladamm.es\/blog\/#\/schema\/person\/418380b12903f0d45c68a26eb53d71fd\",\"name\":\"Redacci\u00f3n\",\"image\":{\"@type\":\"ImageObject\",\"inLanguage\":\"es\",\"@id\":\"https:\/\/padelestrelladamm.es\/blog\/#\/schema\/person\/image\/\",\"url\":\"https:\/\/secure.gravatar.com\/avatar\/8de99d88dc171dfa4570a7b72f5fa083?s=96&d=mm&r=g\",\"contentUrl\":\"https:\/\/secure.gravatar.com\/avatar\/8de99d88dc171dfa4570a7b72f5fa083?s=96&d=mm&r=g\",\"caption\":\"Redacci\u00f3n\"},\"url\":\"https:\/\/padelestrelladamm.es\/blog\/author\/circuito\/\"}]}<\/script>\n<!-- \/ Yoast SEO plugin. -->","yoast_head_json":{"title":"De Castro y Garc\u00eda Aceituno ganan su primer Estrella Damm","description":"Ha tenido lugar la prueba de octubre del Circuito en el Club Deportivo Puerta de Hierro. De Castro y Garc\u00eda Aceituno ganan el primer Estrella","robots":{"index":"index","follow":"follow","max-snippet":"max-snippet:-1","max-image-preview":"max-image-preview:large","max-video-preview":"max-video-preview:-1"},"canonical":"https:\/\/padelestrelladamm.es\/blog\/de-castro-y-garcia-aceituno-ganan-su-primer-estrella-damm\/","og_locale":"es_ES","og_type":"article","og_title":"De Castro y Garc\u00eda Aceituno ganan su primer Estrella Damm","og_description":"Ha tenido lugar la prueba de octubre del Circuito en el Club Deportivo Puerta de Hierro. De Castro y Garc\u00eda Aceituno ganan el primer Estrella","og_url":"https:\/\/padelestrelladamm.es\/blog\/de-castro-y-garcia-aceituno-ganan-su-primer-estrella-damm\/","og_site_name":"Blog de p\u00e1del - An\u00e1lisis, noticias y opini\u00f3n - Estrella Damm","article_publisher":"https:\/\/www.facebook.com\/CircuitoDePadelEstrellaDamm","article_published_time":"2022-10-26T10:06:26+00:00","article_modified_time":"2022-10-26T11:59:47+00:00","og_image":[{"width":979,"height":325,"url":"https:\/\/padelestrelladamm.es\/blog\/wp-content\/uploads\/2022\/10\/NP-garcia-aceituno-y-De-castro.jpg","type":"image\/jpeg"}],"author":"Redacci\u00f3n","twitter_card":"summary_large_image","twitter_misc":{"Escrito por":"Redacci\u00f3n","Tiempo de lectura":"3 minutos"},"schema":{"@context":"https:\/\/schema.org","@graph":[{"@type":"Organization","@id":"https:\/\/padelestrelladamm.es\/blog\/#organization","name":"Circuito de P\u00e1del Estrelladamm","url":"https:\/\/padelestrelladamm.es\/blog\/","sameAs":["https:\/\/www.instagram.com\/circuitopadelestrelladamm","https:\/\/www.youtube.com\/user\/padelestrelladamm","https:\/\/www.facebook.com\/CircuitoDePadelEstrellaDamm"],"logo":{"@type":"ImageObject","inLanguage":"es","@id":"https:\/\/padelestrelladamm.es\/blog\/#\/schema\/logo\/image\/","url":"https:\/\/padelestrelladamm.es\/blog\/wp-content\/uploads\/2021\/06\/BLOG-128.jpg","contentUrl":"https:\/\/padelestrelladamm.es\/blog\/wp-content\/uploads\/2021\/06\/BLOG-128.jpg","width":128,"height":26,"caption":"Circuito de P\u00e1del Estrelladamm"},"image":{"@id":"https:\/\/padelestrelladamm.es\/blog\/#\/schema\/logo\/image\/"}},{"@type":"WebSite","@id":"https:\/\/padelestrelladamm.es\/blog\/#website","url":"https:\/\/padelestrelladamm.es\/blog\/","name":"Blog de p\u00e1del - An\u00e1lisis, noticias y opini\u00f3n - Estrella Damm","description":"Blog de p\u00e1del. Inf\u00f3rmate sobre la actualidad relacionada con el mundo del p\u00e1del. An\u00e1lisis y noticias, lo mejor en P\u00e1del Estrella Damm","publisher":{"@id":"https:\/\/padelestrelladamm.es\/blog\/#organization"},"potentialAction":[{"@type":"SearchAction","target":{"@type":"EntryPoint","urlTemplate":"https:\/\/padelestrelladamm.es\/blog\/?s={search_term_string}"},"query-input":"required name=search_term_string"}],"inLanguage":"es"},{"@type":"WebPage","@id":"https:\/\/padelestrelladamm.es\/blog\/de-castro-y-garcia-aceituno-ganan-su-primer-estrella-damm\/","url":"https:\/\/padelestrelladamm.es\/blog\/de-castro-y-garcia-aceituno-ganan-su-primer-estrella-damm\/","name":"De Castro y Garc\u00eda Aceituno ganan su primer Estrella Damm","isPartOf":{"@id":"https:\/\/padelestrelladamm.es\/blog\/#website"},"datePublished":"2022-10-26T10:06:26+00:00","dateModified":"2022-10-26T11:59:47+00:00","description":"Ha tenido lugar la prueba de octubre del Circuito en el Club Deportivo Puerta de Hierro. De Castro y Garc\u00eda Aceituno ganan el primer Estrella","breadcrumb":{"@id":"https:\/\/padelestrelladamm.es\/blog\/de-castro-y-garcia-aceituno-ganan-su-primer-estrella-damm\/#breadcrumb"},"inLanguage":"es","potentialAction":[{"@type":"ReadAction","target":["https:\/\/padelestrelladamm.es\/blog\/de-castro-y-garcia-aceituno-ganan-su-primer-estrella-damm\/"]}]},{"@type":"BreadcrumbList","@id":"https:\/\/padelestrelladamm.es\/blog\/de-castro-y-garcia-aceituno-ganan-su-primer-estrella-damm\/#breadcrumb","itemListElement":[{"@type":"ListItem","position":1,"name":"Inicio","item":"https:\/\/padelestrelladamm.es\/blog\/"},{"@type":"ListItem","position":2,"name":"De Castro y Garc\u00eda Aceituno ganan su primer Estrella Damm"}]},{"@type":"Article","@id":"https:\/\/padelestrelladamm.es\/blog\/de-castro-y-garcia-aceituno-ganan-su-primer-estrella-damm\/#article","isPartOf":{"@id":"https:\/\/padelestrelladamm.es\/blog\/de-castro-y-garcia-aceituno-ganan-su-primer-estrella-damm\/"},"author":{"name":"Redacci\u00f3n","@id":"https:\/\/padelestrelladamm.es\/blog\/#\/schema\/person\/418380b12903f0d45c68a26eb53d71fd"},"headline":"De Castro y Garc\u00eda Aceituno ganan su primer Estrella Damm","datePublished":"2022-10-26T10:06:26+00:00","dateModified":"2022-10-26T11:59:47+00:00","mainEntityOfPage":{"@id":"https:\/\/padelestrelladamm.es\/blog\/de-castro-y-garcia-aceituno-ganan-su-primer-estrella-damm\/"},"wordCount":707,"publisher":{"@id":"https:\/\/padelestrelladamm.es\/blog\/#organization"},"articleSection":["Cr\u00f3nicas"],"inLanguage":"es"},{"@type":"Person","@id":"https:\/\/padelestrelladamm.es\/blog\/#\/schema\/person\/418380b12903f0d45c68a26eb53d71fd","name":"Redacci\u00f3n","image":{"@type":"ImageObject","inLanguage":"es","@id":"https:\/\/padelestrelladamm.es\/blog\/#\/schema\/person\/image\/","url":"https:\/\/secure.gravatar.com\/avatar\/8de99d88dc171dfa4570a7b72f5fa083?s=96&d=mm&r=g","contentUrl":"https:\/\/secure.gravatar.com\/avatar\/8de99d88dc171dfa4570a7b72f5fa083?s=96&d=mm&r=g","caption":"Redacci\u00f3n"},"url":"https:\/\/padelestrelladamm.es\/blog\/author\/circuito\/"}]}},"_links":{"self":[{"href":"https:\/\/padelestrelladamm.es\/blog\/wp-json\/wp\/v2\/posts\/1177"}],"collection":[{"href":"https:\/\/padelestrelladamm.es\/blog\/wp-json\/wp\/v2\/posts"}],"about":[{"href":"https:\/\/padelestrelladamm.es\/blog\/wp-json\/wp\/v2\/types\/post"}],"author":[{"embeddable":true,"href":"https:\/\/padelestrelladamm.es\/blog\/wp-json\/wp\/v2\/users\/4"}],"replies":[{"embeddable":true,"href":"https:\/\/padelestrelladamm.es\/blog\/wp-json\/wp\/v2\/comments?post=1177"}],"version-history":[{"count":1,"href":"https:\/\/padelestrelladamm.es\/blog\/wp-json\/wp\/v2\/posts\/1177\/revisions"}],"predecessor-version":[{"id":1180,"href":"https:\/\/padelestrelladamm.es\/blog\/wp-json\/wp\/v2\/posts\/1177\/revisions\/1180"}],"wp:featuredmedia":[{"embeddable":true,"href":"https:\/\/padelestrelladamm.es\/blog\/wp-json\/wp\/v2\/media\/1178"}],"wp:attachment":[{"href":"https:\/\/padelestrelladamm.es\/blog\/wp-json\/wp\/v2\/media?parent=1177"}],"wp:term":[{"taxonomy":"category","embeddable":true,"href":"https:\/\/padelestrelladamm.es\/blog\/wp-json\/wp\/v2\/categories?post=1177"},{"taxonomy":"post_tag","embeddable":true,"href":"https:\/\/padelestrelladamm.es\/blog\/wp-json\/wp\/v2\/tags?post=1177"}],"curies":[{"name":"wp","href":"https:\/\/api.w.org\/{rel}","templated":true}]}}