{"id":1237,"date":"2023-02-20T18:07:26","date_gmt":"2023-02-20T17:07:26","guid":{"rendered":"https:\/\/padelestrelladamm.es\/blog\/?p=1237"},"modified":"2023-02-20T18:07:26","modified_gmt":"2023-02-20T17:07:26","slug":"collantes-y-garcia-campos-ganan-en-febrero","status":"publish","type":"post","link":"https:\/\/padelestrelladamm.es\/blog\/collantes-y-garcia-campos-ganan-en-febrero\/","title":{"rendered":"Collantes y Garc\u00eda Campos ganan, por primera vez, un Estrella como pareja"},"content":{"rendered":"\n<p><strong>El club Maspadel ha sido testigo del primer torneo federado del Circuito de P\u00e1del Estrella Damm 2023. M\u00e1s de 350 jugadores se dieron cita en el torneo celebrado del 12 al 19 de febrero.<\/strong><\/p>\n\n\n\n<p>La pista central fue escenario de la final de primera masculina. Enfrentadas, dos grandes parejas. D\u00edaz y Sanchez Vera en un lado de la pista. En el otro, Javier Collantes y David Garc\u00eda Campos. Esta \u00faltima pareja no se hab\u00eda dejado arrebatar ni un solo set desde que comenzaron en la fase de octavos. Y volvieron a lograrlo imponi\u00e9ndose por 6\/2 6\/1. Pese al holgado resultado, los aficionados y aficionadas que acudieron al club pudieron disfrutar de grandes puntos ejecutados por ambas parejas. Collantes y Garc\u00eda Campos han logrado con esta victoria ganar, por primera vez, un Estrella como pareja.<\/p>\n\n\n\n<p>Estos amantes del p\u00e1del tambi\u00e9n pudieron disfrutar del gran p\u00e1del desplegado en la pista en la que tuvo lugar la final de segunda masculina. Cuatro j\u00f3venes jugadores hicieron vibrar al p\u00fablico con su gran calidad, pero, sobre todo, con la pasi\u00f3n que demostraron en cada uno de los puntos. Javier Rayo&nbsp;y Javier Ca\u00f1as fue la pareja que gan\u00f3 el encuentro por un 6\/3 6\/1 ante Eduardo Anabitarte y Francisco Quintana. La pareja ganadora lleg\u00f3 a la final tras un duro torneo en el que todos sus partidos previos fueron a tres sets. Pese a no lograr alzarse con la final, los aficionados y aficionadas han de estar muy pendientes de Eduardo Anabitarte y Francisco Quintana, cuya progresi\u00f3n en los Estrella Damm dar\u00e1 mucho de qu\u00e9 hablar en un futuro.<\/p>\n\n\n\n<p>En el cuadro femenino, Sabrina M\u00e9ndez y Rebeca Molero corroboraron la gran carrera que llevan en los Estrella Damm. Sus \u00faltimas tres participaciones han sido una final y dos victorias en la primera categor\u00eda femenina. En esta ocasi\u00f3n la victoria la han cosechado frente a dos grandes jugadoras, Patricia Garc\u00eda y Catarina Domingos que no llegaron a desplegar en pista todo su potencial. Aun as\u00ed, el p\u00fablico disfrut\u00f3 de un gran partido a dos sets con un resultado de 6\/4 6\/3.<\/p>\n\n\n\n<h4><strong>Competir divirti\u00e9ndose<\/strong><\/h4>\n\n\n\n<p>Cuando las jugadoras de p\u00e1del se enfrenten al equipo de primera del Wellsportclub van a tener que andarse con cuidado. El motivo es sencillo. Las cuatro jugadoras que se enfrentaron en la final de segunda categor\u00eda pertenecen a ese equipo. Clara Las-Heras y Sara \u00c1vila se impusieron a Mar\u00eda Paraja y Maite Muraza en un partido apasionante que finaliz\u00f3 en un 4\/6 6\/2 6\/1. Para Sara y Maite era su primer Estrella Damm. El debut no ha podido ser m\u00e1s favorable.<\/p>\n\n\n\n<p>Si algo destac\u00f3 en este encuentro fueron las risas, la complicidad y el disfrute que se respir\u00f3 en la pista. Esto no es \u00f3bice de que se jugase con seriedad y d\u00e1ndolo todo en el partido. Pero todos los presentes vieron c\u00f3mo estas finalistas compitieron divirti\u00e9ndose. Un coctel perfecto.<\/p>\n\n\n\n<h4><strong>Un Estrella no es un Estrella sin sus torneos express<\/strong><\/h4>\n\n\n\n<p>Y como ya saben todos los seguidores del Circuito, cada torneo de semana viene acompa\u00f1ado de torneos express. Unos torneos que han contado con la participaci\u00f3n de m\u00e1s de 300 jugadores y jugadoras.<\/p>\n\n\n\n<p>En tres tardes de mucho p\u00e1del, los participantes de cada torneo entraron en el sorteo de una pala Aquila Space de StarVie, una cena para dos en Hamburguesa Nostra, un cheque regalo de gasolina DISA-Shell acompa\u00f1ado de un lote degustaci\u00f3n de cervezas Damm y dos conjuntos de la colecci\u00f3n textil exclusiva del Circuito de P\u00e1del Estrella Damm.<\/p>\n\n\n\n<p>La pr\u00f3xima cita con el Circuito de P\u00e1del Estrella Damm la tienen los aficionados en La Moraleja Club de P\u00e1del del 11 al 19 de marzo.<\/p>\n","protected":false},"excerpt":{"rendered":"<p>El club Maspadel ha sido testigo del primer torneo federado del Circuito de P\u00e1del Estrella Damm 2023. M\u00e1s de 350 jugadores se dieron cita en el torneo celebrado del 12 al 19 de febrero. La pista central fue escenario de la final de primera masculina. Enfrentadas, dos grandes parejas. D\u00edaz y Sanchez Vera en un [&hellip;]<\/p>\n","protected":false},"author":4,"featured_media":1238,"comment_status":"closed","ping_status":"closed","sticky":false,"template":"","format":"standard","meta":[],"categories":[7],"tags":[],"yoast_head":"<!-- This site is optimized with the Yoast SEO plugin v19.4 - https:\/\/yoast.com\/wordpress\/plugins\/seo\/ -->\n<title>Collantes y Garcia Campos ganan su primer Estrella como pareja<\/title>\n<meta name=\"description\" content=\"Collantes y Garcia Campos se alzan con el triunfo en la primera categor\u00eda del torneo federado del Circuito de P\u00e1del Estrella Damm de febrero.\" \/>\n<meta name=\"robots\" content=\"index, follow, max-snippet:-1, max-image-preview:large, max-video-preview:-1\" \/>\n<link rel=\"canonical\" href=\"https:\/\/padelestrelladamm.es\/blog\/collantes-y-garcia-campos-ganan-en-febrero\/\" \/>\n<meta property=\"og:locale\" content=\"es_ES\" \/>\n<meta property=\"og:type\" content=\"article\" \/>\n<meta property=\"og:title\" content=\"Collantes y Garcia Campos ganan su primer Estrella como pareja\" \/>\n<meta property=\"og:description\" content=\"Collantes y Garcia Campos se alzan con el triunfo en la primera categor\u00eda del torneo federado del Circuito de P\u00e1del Estrella Damm de febrero.\" \/>\n<meta property=\"og:url\" content=\"https:\/\/padelestrelladamm.es\/blog\/collantes-y-garcia-campos-ganan-en-febrero\/\" \/>\n<meta property=\"og:site_name\" content=\"Blog de p\u00e1del - An\u00e1lisis, noticias y opini\u00f3n - Estrella Damm\" \/>\n<meta property=\"article:publisher\" content=\"https:\/\/www.facebook.com\/CircuitoDePadelEstrellaDamm\" \/>\n<meta property=\"article:published_time\" content=\"2023-02-20T17:07:26+00:00\" \/>\n<meta property=\"og:image\" content=\"https:\/\/padelestrelladamm.es\/blog\/wp-content\/uploads\/2023\/02\/np-foto-web-1024x340.jpg\" \/>\n\t<meta property=\"og:image:width\" content=\"1024\" \/>\n\t<meta property=\"og:image:height\" content=\"340\" \/>\n\t<meta property=\"og:image:type\" content=\"image\/jpeg\" \/>\n<meta name=\"author\" content=\"Redacci\u00f3n\" \/>\n<meta name=\"twitter:card\" content=\"summary_large_image\" \/>\n<meta name=\"twitter:label1\" content=\"Escrito por\" \/>\n\t<meta name=\"twitter:data1\" content=\"Redacci\u00f3n\" \/>\n\t<meta name=\"twitter:label2\" content=\"Tiempo de lectura\" \/>\n\t<meta name=\"twitter:data2\" content=\"3 minutos\" \/>\n<script type=\"application\/ld+json\" class=\"yoast-schema-graph\">{\"@context\":\"https:\/\/schema.org\",\"@graph\":[{\"@type\":\"Organization\",\"@id\":\"https:\/\/padelestrelladamm.es\/blog\/#organization\",\"name\":\"Circuito de P\u00e1del Estrelladamm\",\"url\":\"https:\/\/padelestrelladamm.es\/blog\/\",\"sameAs\":[\"https:\/\/www.instagram.com\/circuitopadelestrelladamm\",\"https:\/\/www.youtube.com\/user\/padelestrelladamm\",\"https:\/\/www.facebook.com\/CircuitoDePadelEstrellaDamm\"],\"logo\":{\"@type\":\"ImageObject\",\"inLanguage\":\"es\",\"@id\":\"https:\/\/padelestrelladamm.es\/blog\/#\/schema\/logo\/image\/\",\"url\":\"https:\/\/padelestrelladamm.es\/blog\/wp-content\/uploads\/2021\/06\/BLOG-128.jpg\",\"contentUrl\":\"https:\/\/padelestrelladamm.es\/blog\/wp-content\/uploads\/2021\/06\/BLOG-128.jpg\",\"width\":128,\"height\":26,\"caption\":\"Circuito de P\u00e1del Estrelladamm\"},\"image\":{\"@id\":\"https:\/\/padelestrelladamm.es\/blog\/#\/schema\/logo\/image\/\"}},{\"@type\":\"WebSite\",\"@id\":\"https:\/\/padelestrelladamm.es\/blog\/#website\",\"url\":\"https:\/\/padelestrelladamm.es\/blog\/\",\"name\":\"Blog de p\u00e1del - An\u00e1lisis, noticias y opini\u00f3n - Estrella Damm\",\"description\":\"Blog de p\u00e1del. Inf\u00f3rmate sobre la actualidad relacionada con el mundo del p\u00e1del. An\u00e1lisis y noticias, lo mejor en P\u00e1del Estrella Damm\",\"publisher\":{\"@id\":\"https:\/\/padelestrelladamm.es\/blog\/#organization\"},\"potentialAction\":[{\"@type\":\"SearchAction\",\"target\":{\"@type\":\"EntryPoint\",\"urlTemplate\":\"https:\/\/padelestrelladamm.es\/blog\/?s={search_term_string}\"},\"query-input\":\"required name=search_term_string\"}],\"inLanguage\":\"es\"},{\"@type\":\"WebPage\",\"@id\":\"https:\/\/padelestrelladamm.es\/blog\/collantes-y-garcia-campos-ganan-en-febrero\/\",\"url\":\"https:\/\/padelestrelladamm.es\/blog\/collantes-y-garcia-campos-ganan-en-febrero\/\",\"name\":\"Collantes y Garcia Campos ganan su primer Estrella como pareja\",\"isPartOf\":{\"@id\":\"https:\/\/padelestrelladamm.es\/blog\/#website\"},\"datePublished\":\"2023-02-20T17:07:26+00:00\",\"dateModified\":\"2023-02-20T17:07:26+00:00\",\"description\":\"Collantes y Garcia Campos se alzan con el triunfo en la primera categor\u00eda del torneo federado del Circuito de P\u00e1del Estrella Damm de febrero.\",\"breadcrumb\":{\"@id\":\"https:\/\/padelestrelladamm.es\/blog\/collantes-y-garcia-campos-ganan-en-febrero\/#breadcrumb\"},\"inLanguage\":\"es\",\"potentialAction\":[{\"@type\":\"ReadAction\",\"target\":[\"https:\/\/padelestrelladamm.es\/blog\/collantes-y-garcia-campos-ganan-en-febrero\/\"]}]},{\"@type\":\"BreadcrumbList\",\"@id\":\"https:\/\/padelestrelladamm.es\/blog\/collantes-y-garcia-campos-ganan-en-febrero\/#breadcrumb\",\"itemListElement\":[{\"@type\":\"ListItem\",\"position\":1,\"name\":\"Inicio\",\"item\":\"https:\/\/padelestrelladamm.es\/blog\/\"},{\"@type\":\"ListItem\",\"position\":2,\"name\":\"Collantes y Garc\u00eda Campos ganan, por primera vez, un Estrella como pareja\"}]},{\"@type\":\"Article\",\"@id\":\"https:\/\/padelestrelladamm.es\/blog\/collantes-y-garcia-campos-ganan-en-febrero\/#article\",\"isPartOf\":{\"@id\":\"https:\/\/padelestrelladamm.es\/blog\/collantes-y-garcia-campos-ganan-en-febrero\/\"},\"author\":{\"name\":\"Redacci\u00f3n\",\"@id\":\"https:\/\/padelestrelladamm.es\/blog\/#\/schema\/person\/418380b12903f0d45c68a26eb53d71fd\"},\"headline\":\"Collantes y Garc\u00eda Campos ganan, por primera vez, un Estrella como pareja\",\"datePublished\":\"2023-02-20T17:07:26+00:00\",\"dateModified\":\"2023-02-20T17:07:26+00:00\",\"mainEntityOfPage\":{\"@id\":\"https:\/\/padelestrelladamm.es\/blog\/collantes-y-garcia-campos-ganan-en-febrero\/\"},\"wordCount\":640,\"publisher\":{\"@id\":\"https:\/\/padelestrelladamm.es\/blog\/#organization\"},\"articleSection\":[\"Cr\u00f3nicas\"],\"inLanguage\":\"es\"},{\"@type\":\"Person\",\"@id\":\"https:\/\/padelestrelladamm.es\/blog\/#\/schema\/person\/418380b12903f0d45c68a26eb53d71fd\",\"name\":\"Redacci\u00f3n\",\"image\":{\"@type\":\"ImageObject\",\"inLanguage\":\"es\",\"@id\":\"https:\/\/padelestrelladamm.es\/blog\/#\/schema\/person\/image\/\",\"url\":\"https:\/\/secure.gravatar.com\/avatar\/8de99d88dc171dfa4570a7b72f5fa083?s=96&d=mm&r=g\",\"contentUrl\":\"https:\/\/secure.gravatar.com\/avatar\/8de99d88dc171dfa4570a7b72f5fa083?s=96&d=mm&r=g\",\"caption\":\"Redacci\u00f3n\"},\"url\":\"https:\/\/padelestrelladamm.es\/blog\/author\/circuito\/\"}]}<\/script>\n<!-- \/ Yoast SEO plugin. -->","yoast_head_json":{"title":"Collantes y Garcia Campos ganan su primer Estrella como pareja","description":"Collantes y Garcia Campos se alzan con el triunfo en la primera categor\u00eda del torneo federado del Circuito de P\u00e1del Estrella Damm de febrero.","robots":{"index":"index","follow":"follow","max-snippet":"max-snippet:-1","max-image-preview":"max-image-preview:large","max-video-preview":"max-video-preview:-1"},"canonical":"https:\/\/padelestrelladamm.es\/blog\/collantes-y-garcia-campos-ganan-en-febrero\/","og_locale":"es_ES","og_type":"article","og_title":"Collantes y Garcia Campos ganan su primer Estrella como pareja","og_description":"Collantes y Garcia Campos se alzan con el triunfo en la primera categor\u00eda del torneo federado del Circuito de P\u00e1del Estrella Damm de febrero.","og_url":"https:\/\/padelestrelladamm.es\/blog\/collantes-y-garcia-campos-ganan-en-febrero\/","og_site_name":"Blog de p\u00e1del - An\u00e1lisis, noticias y opini\u00f3n - Estrella Damm","article_publisher":"https:\/\/www.facebook.com\/CircuitoDePadelEstrellaDamm","article_published_time":"2023-02-20T17:07:26+00:00","og_image":[{"width":1024,"height":340,"url":"https:\/\/padelestrelladamm.es\/blog\/wp-content\/uploads\/2023\/02\/np-foto-web-1024x340.jpg","type":"image\/jpeg"}],"author":"Redacci\u00f3n","twitter_card":"summary_large_image","twitter_misc":{"Escrito por":"Redacci\u00f3n","Tiempo de lectura":"3 minutos"},"schema":{"@context":"https:\/\/schema.org","@graph":[{"@type":"Organization","@id":"https:\/\/padelestrelladamm.es\/blog\/#organization","name":"Circuito de P\u00e1del Estrelladamm","url":"https:\/\/padelestrelladamm.es\/blog\/","sameAs":["https:\/\/www.instagram.com\/circuitopadelestrelladamm","https:\/\/www.youtube.com\/user\/padelestrelladamm","https:\/\/www.facebook.com\/CircuitoDePadelEstrellaDamm"],"logo":{"@type":"ImageObject","inLanguage":"es","@id":"https:\/\/padelestrelladamm.es\/blog\/#\/schema\/logo\/image\/","url":"https:\/\/padelestrelladamm.es\/blog\/wp-content\/uploads\/2021\/06\/BLOG-128.jpg","contentUrl":"https:\/\/padelestrelladamm.es\/blog\/wp-content\/uploads\/2021\/06\/BLOG-128.jpg","width":128,"height":26,"caption":"Circuito de P\u00e1del Estrelladamm"},"image":{"@id":"https:\/\/padelestrelladamm.es\/blog\/#\/schema\/logo\/image\/"}},{"@type":"WebSite","@id":"https:\/\/padelestrelladamm.es\/blog\/#website","url":"https:\/\/padelestrelladamm.es\/blog\/","name":"Blog de p\u00e1del - An\u00e1lisis, noticias y opini\u00f3n - Estrella Damm","description":"Blog de p\u00e1del. Inf\u00f3rmate sobre la actualidad relacionada con el mundo del p\u00e1del. An\u00e1lisis y noticias, lo mejor en P\u00e1del Estrella Damm","publisher":{"@id":"https:\/\/padelestrelladamm.es\/blog\/#organization"},"potentialAction":[{"@type":"SearchAction","target":{"@type":"EntryPoint","urlTemplate":"https:\/\/padelestrelladamm.es\/blog\/?s={search_term_string}"},"query-input":"required name=search_term_string"}],"inLanguage":"es"},{"@type":"WebPage","@id":"https:\/\/padelestrelladamm.es\/blog\/collantes-y-garcia-campos-ganan-en-febrero\/","url":"https:\/\/padelestrelladamm.es\/blog\/collantes-y-garcia-campos-ganan-en-febrero\/","name":"Collantes y Garcia Campos ganan su primer Estrella como pareja","isPartOf":{"@id":"https:\/\/padelestrelladamm.es\/blog\/#website"},"datePublished":"2023-02-20T17:07:26+00:00","dateModified":"2023-02-20T17:07:26+00:00","description":"Collantes y Garcia Campos se alzan con el triunfo en la primera categor\u00eda del torneo federado del Circuito de P\u00e1del Estrella Damm de febrero.","breadcrumb":{"@id":"https:\/\/padelestrelladamm.es\/blog\/collantes-y-garcia-campos-ganan-en-febrero\/#breadcrumb"},"inLanguage":"es","potentialAction":[{"@type":"ReadAction","target":["https:\/\/padelestrelladamm.es\/blog\/collantes-y-garcia-campos-ganan-en-febrero\/"]}]},{"@type":"BreadcrumbList","@id":"https:\/\/padelestrelladamm.es\/blog\/collantes-y-garcia-campos-ganan-en-febrero\/#breadcrumb","itemListElement":[{"@type":"ListItem","position":1,"name":"Inicio","item":"https:\/\/padelestrelladamm.es\/blog\/"},{"@type":"ListItem","position":2,"name":"Collantes y Garc\u00eda Campos ganan, por primera vez, un Estrella como pareja"}]},{"@type":"Article","@id":"https:\/\/padelestrelladamm.es\/blog\/collantes-y-garcia-campos-ganan-en-febrero\/#article","isPartOf":{"@id":"https:\/\/padelestrelladamm.es\/blog\/collantes-y-garcia-campos-ganan-en-febrero\/"},"author":{"name":"Redacci\u00f3n","@id":"https:\/\/padelestrelladamm.es\/blog\/#\/schema\/person\/418380b12903f0d45c68a26eb53d71fd"},"headline":"Collantes y Garc\u00eda Campos ganan, por primera vez, un Estrella como pareja","datePublished":"2023-02-20T17:07:26+00:00","dateModified":"2023-02-20T17:07:26+00:00","mainEntityOfPage":{"@id":"https:\/\/padelestrelladamm.es\/blog\/collantes-y-garcia-campos-ganan-en-febrero\/"},"wordCount":640,"publisher":{"@id":"https:\/\/padelestrelladamm.es\/blog\/#organization"},"articleSection":["Cr\u00f3nicas"],"inLanguage":"es"},{"@type":"Person","@id":"https:\/\/padelestrelladamm.es\/blog\/#\/schema\/person\/418380b12903f0d45c68a26eb53d71fd","name":"Redacci\u00f3n","image":{"@type":"ImageObject","inLanguage":"es","@id":"https:\/\/padelestrelladamm.es\/blog\/#\/schema\/person\/image\/","url":"https:\/\/secure.gravatar.com\/avatar\/8de99d88dc171dfa4570a7b72f5fa083?s=96&d=mm&r=g","contentUrl":"https:\/\/secure.gravatar.com\/avatar\/8de99d88dc171dfa4570a7b72f5fa083?s=96&d=mm&r=g","caption":"Redacci\u00f3n"},"url":"https:\/\/padelestrelladamm.es\/blog\/author\/circuito\/"}]}},"_links":{"self":[{"href":"https:\/\/padelestrelladamm.es\/blog\/wp-json\/wp\/v2\/posts\/1237"}],"collection":[{"href":"https:\/\/padelestrelladamm.es\/blog\/wp-json\/wp\/v2\/posts"}],"about":[{"href":"https:\/\/padelestrelladamm.es\/blog\/wp-json\/wp\/v2\/types\/post"}],"author":[{"embeddable":true,"href":"https:\/\/padelestrelladamm.es\/blog\/wp-json\/wp\/v2\/users\/4"}],"replies":[{"embeddable":true,"href":"https:\/\/padelestrelladamm.es\/blog\/wp-json\/wp\/v2\/comments?post=1237"}],"version-history":[{"count":1,"href":"https:\/\/padelestrelladamm.es\/blog\/wp-json\/wp\/v2\/posts\/1237\/revisions"}],"predecessor-version":[{"id":1239,"href":"https:\/\/padelestrelladamm.es\/blog\/wp-json\/wp\/v2\/posts\/1237\/revisions\/1239"}],"wp:featuredmedia":[{"embeddable":true,"href":"https:\/\/padelestrelladamm.es\/blog\/wp-json\/wp\/v2\/media\/1238"}],"wp:attachment":[{"href":"https:\/\/padelestrelladamm.es\/blog\/wp-json\/wp\/v2\/media?parent=1237"}],"wp:term":[{"taxonomy":"category","embeddable":true,"href":"https:\/\/padelestrelladamm.es\/blog\/wp-json\/wp\/v2\/categories?post=1237"},{"taxonomy":"post_tag","embeddable":true,"href":"https:\/\/padelestrelladamm.es\/blog\/wp-json\/wp\/v2\/tags?post=1237"}],"curies":[{"name":"wp","href":"https:\/\/api.w.org\/{rel}","templated":true}]}}