{"id":1298,"date":"2023-05-21T20:39:08","date_gmt":"2023-05-21T18:39:08","guid":{"rendered":"https:\/\/padelestrelladamm.es\/blog\/?p=1298"},"modified":"2024-06-28T10:46:57","modified_gmt":"2024-06-28T08:46:57","slug":"padel-silla","status":"publish","type":"post","link":"https:\/\/padelestrelladamm.es\/blog\/padel-silla\/","title":{"rendered":"P\u00e1del Silla"},"content":{"rendered":"\n<p>Padel silla es una asociaci\u00f3n focalizada en el p\u00e1del adaptado en silla. Su objetivo es apoyar a todas las personas con movilidad reducida a practicar el p\u00e1del.<\/p>\n\n\n\n<p>Para ello, centra su actividad en:<\/p>\n\n\n\n<ul><li><strong>Formar <\/strong>a personas en silla en la pr\u00e1ctica del p\u00e1del.<\/li><\/ul>\n\n\n\n<ul><li><strong>Organizar torneos<\/strong> de p\u00e1del adaptado en silla<\/li><\/ul>\n\n\n\n<ul><li><strong>Promover la construcci\u00f3n o adaptaci\u00f3n de pistas y clubes<\/strong> para el p\u00e1del silla.<\/li><\/ul>\n\n\n\n<ul><li><strong>Sensibilizar a la poblaci\u00f3n <\/strong>sobre la importancia de la inclusi\u00f3n a trav\u00e9s del conocimiento del p\u00e1del silla, tanto con experiencias de p\u00e1del inclusivo, como con la experiencia de jugar en silla.<br><\/li><li><strong>Elaborar v\u00eddeos formativos<\/strong> con los mejores consejos de los jugadores World Padel Tour, que adaptan los golpes de p\u00e1del convencional a la silla de ruedas.<\/li><\/ul>\n\n\n\n<p>Conocer m\u00e1s en la <a href=\"https:\/\/padelsilla.org\/\">p\u00e1gina web de la Asociaci\u00f3n<\/a><\/p>\n","protected":false},"excerpt":{"rendered":"<p>Padel silla es una asociaci\u00f3n focalizada en el p\u00e1del adaptado en silla. Su objetivo es apoyar a todas las personas con movilidad reducida a practicar el p\u00e1del. Para ello, centra su actividad en: Formar a personas en silla en la pr\u00e1ctica del p\u00e1del. Organizar torneos de p\u00e1del adaptado en silla Promover la construcci\u00f3n o adaptaci\u00f3n [&hellip;]<\/p>\n","protected":false},"author":4,"featured_media":1287,"comment_status":"closed","ping_status":"closed","sticky":false,"template":"","format":"standard","meta":[],"categories":[1],"tags":[],"yoast_head":"<!-- This site is optimized with the Yoast SEO plugin v19.4 - https:\/\/yoast.com\/wordpress\/plugins\/seo\/ -->\n<title>P\u00e1del Silla<\/title>\n<meta name=\"robots\" content=\"index, follow, max-snippet:-1, max-image-preview:large, max-video-preview:-1\" \/>\n<link rel=\"canonical\" href=\"https:\/\/padelestrelladamm.es\/blog\/padel-silla\/\" \/>\n<meta property=\"og:locale\" content=\"es_ES\" \/>\n<meta property=\"og:type\" content=\"article\" \/>\n<meta property=\"og:title\" content=\"P\u00e1del Silla\" \/>\n<meta property=\"og:description\" content=\"Padel silla es una asociaci\u00f3n focalizada en el p\u00e1del adaptado en silla. Su objetivo es apoyar a todas las personas con movilidad reducida a practicar el p\u00e1del. Para ello, centra su actividad en: Formar a personas en silla en la pr\u00e1ctica del p\u00e1del. Organizar torneos de p\u00e1del adaptado en silla Promover la construcci\u00f3n o adaptaci\u00f3n [&hellip;]\" \/>\n<meta property=\"og:url\" content=\"https:\/\/padelestrelladamm.es\/blog\/padel-silla\/\" \/>\n<meta property=\"og:site_name\" content=\"Blog de p\u00e1del - An\u00e1lisis, noticias y opini\u00f3n - Estrella Damm\" \/>\n<meta property=\"article:publisher\" content=\"https:\/\/www.facebook.com\/CircuitoDePadelEstrellaDamm\" \/>\n<meta property=\"article:published_time\" content=\"2023-05-21T18:39:08+00:00\" \/>\n<meta property=\"article:modified_time\" content=\"2024-06-28T08:46:57+00:00\" \/>\n<meta property=\"og:image\" content=\"https:\/\/padelestrelladamm.es\/blog\/wp-content\/uploads\/2023\/05\/OK-padelsilla-NOTICIA.jpg\" \/>\n\t<meta property=\"og:image:width\" content=\"980\" \/>\n\t<meta property=\"og:image:height\" content=\"325\" \/>\n\t<meta property=\"og:image:type\" content=\"image\/jpeg\" \/>\n<meta name=\"author\" content=\"Redacci\u00f3n\" \/>\n<meta name=\"twitter:card\" content=\"summary_large_image\" \/>\n<meta name=\"twitter:label1\" content=\"Escrito por\" \/>\n\t<meta name=\"twitter:data1\" content=\"Redacci\u00f3n\" \/>\n\t<meta name=\"twitter:label2\" content=\"Tiempo de lectura\" \/>\n\t<meta name=\"twitter:data2\" content=\"1 minuto\" \/>\n<script type=\"application\/ld+json\" class=\"yoast-schema-graph\">{\"@context\":\"https:\/\/schema.org\",\"@graph\":[{\"@type\":\"Organization\",\"@id\":\"https:\/\/padelestrelladamm.es\/blog\/#organization\",\"name\":\"Circuito de P\u00e1del Estrelladamm\",\"url\":\"https:\/\/padelestrelladamm.es\/blog\/\",\"sameAs\":[\"https:\/\/www.instagram.com\/circuitopadelestrelladamm\",\"https:\/\/www.youtube.com\/user\/padelestrelladamm\",\"https:\/\/www.facebook.com\/CircuitoDePadelEstrellaDamm\"],\"logo\":{\"@type\":\"ImageObject\",\"inLanguage\":\"es\",\"@id\":\"https:\/\/padelestrelladamm.es\/blog\/#\/schema\/logo\/image\/\",\"url\":\"https:\/\/padelestrelladamm.es\/blog\/wp-content\/uploads\/2021\/06\/BLOG-128.jpg\",\"contentUrl\":\"https:\/\/padelestrelladamm.es\/blog\/wp-content\/uploads\/2021\/06\/BLOG-128.jpg\",\"width\":128,\"height\":26,\"caption\":\"Circuito de P\u00e1del Estrelladamm\"},\"image\":{\"@id\":\"https:\/\/padelestrelladamm.es\/blog\/#\/schema\/logo\/image\/\"}},{\"@type\":\"WebSite\",\"@id\":\"https:\/\/padelestrelladamm.es\/blog\/#website\",\"url\":\"https:\/\/padelestrelladamm.es\/blog\/\",\"name\":\"Blog de p\u00e1del - An\u00e1lisis, noticias y opini\u00f3n - Estrella Damm\",\"description\":\"Blog de p\u00e1del. Inf\u00f3rmate sobre la actualidad relacionada con el mundo del p\u00e1del. An\u00e1lisis y noticias, lo mejor en P\u00e1del Estrella Damm\",\"publisher\":{\"@id\":\"https:\/\/padelestrelladamm.es\/blog\/#organization\"},\"potentialAction\":[{\"@type\":\"SearchAction\",\"target\":{\"@type\":\"EntryPoint\",\"urlTemplate\":\"https:\/\/padelestrelladamm.es\/blog\/?s={search_term_string}\"},\"query-input\":\"required name=search_term_string\"}],\"inLanguage\":\"es\"},{\"@type\":\"WebPage\",\"@id\":\"https:\/\/padelestrelladamm.es\/blog\/padel-silla\/\",\"url\":\"https:\/\/padelestrelladamm.es\/blog\/padel-silla\/\",\"name\":\"P\u00e1del Silla\",\"isPartOf\":{\"@id\":\"https:\/\/padelestrelladamm.es\/blog\/#website\"},\"datePublished\":\"2023-05-21T18:39:08+00:00\",\"dateModified\":\"2024-06-28T08:46:57+00:00\",\"breadcrumb\":{\"@id\":\"https:\/\/padelestrelladamm.es\/blog\/padel-silla\/#breadcrumb\"},\"inLanguage\":\"es\",\"potentialAction\":[{\"@type\":\"ReadAction\",\"target\":[\"https:\/\/padelestrelladamm.es\/blog\/padel-silla\/\"]}]},{\"@type\":\"BreadcrumbList\",\"@id\":\"https:\/\/padelestrelladamm.es\/blog\/padel-silla\/#breadcrumb\",\"itemListElement\":[{\"@type\":\"ListItem\",\"position\":1,\"name\":\"Inicio\",\"item\":\"https:\/\/padelestrelladamm.es\/blog\/\"},{\"@type\":\"ListItem\",\"position\":2,\"name\":\"P\u00e1del Silla\"}]},{\"@type\":\"Article\",\"@id\":\"https:\/\/padelestrelladamm.es\/blog\/padel-silla\/#article\",\"isPartOf\":{\"@id\":\"https:\/\/padelestrelladamm.es\/blog\/padel-silla\/\"},\"author\":{\"name\":\"Redacci\u00f3n\",\"@id\":\"https:\/\/padelestrelladamm.es\/blog\/#\/schema\/person\/418380b12903f0d45c68a26eb53d71fd\"},\"headline\":\"P\u00e1del Silla\",\"datePublished\":\"2023-05-21T18:39:08+00:00\",\"dateModified\":\"2024-06-28T08:46:57+00:00\",\"mainEntityOfPage\":{\"@id\":\"https:\/\/padelestrelladamm.es\/blog\/padel-silla\/\"},\"wordCount\":150,\"publisher\":{\"@id\":\"https:\/\/padelestrelladamm.es\/blog\/#organization\"},\"articleSection\":[\"Uncategorized\"],\"inLanguage\":\"es\"},{\"@type\":\"Person\",\"@id\":\"https:\/\/padelestrelladamm.es\/blog\/#\/schema\/person\/418380b12903f0d45c68a26eb53d71fd\",\"name\":\"Redacci\u00f3n\",\"image\":{\"@type\":\"ImageObject\",\"inLanguage\":\"es\",\"@id\":\"https:\/\/padelestrelladamm.es\/blog\/#\/schema\/person\/image\/\",\"url\":\"https:\/\/secure.gravatar.com\/avatar\/8de99d88dc171dfa4570a7b72f5fa083?s=96&d=mm&r=g\",\"contentUrl\":\"https:\/\/secure.gravatar.com\/avatar\/8de99d88dc171dfa4570a7b72f5fa083?s=96&d=mm&r=g\",\"caption\":\"Redacci\u00f3n\"},\"url\":\"https:\/\/padelestrelladamm.es\/blog\/author\/circuito\/\"}]}<\/script>\n<!-- \/ Yoast SEO plugin. -->","yoast_head_json":{"title":"P\u00e1del Silla","robots":{"index":"index","follow":"follow","max-snippet":"max-snippet:-1","max-image-preview":"max-image-preview:large","max-video-preview":"max-video-preview:-1"},"canonical":"https:\/\/padelestrelladamm.es\/blog\/padel-silla\/","og_locale":"es_ES","og_type":"article","og_title":"P\u00e1del Silla","og_description":"Padel silla es una asociaci\u00f3n focalizada en el p\u00e1del adaptado en silla. Su objetivo es apoyar a todas las personas con movilidad reducida a practicar el p\u00e1del. Para ello, centra su actividad en: Formar a personas en silla en la pr\u00e1ctica del p\u00e1del. Organizar torneos de p\u00e1del adaptado en silla Promover la construcci\u00f3n o adaptaci\u00f3n [&hellip;]","og_url":"https:\/\/padelestrelladamm.es\/blog\/padel-silla\/","og_site_name":"Blog de p\u00e1del - An\u00e1lisis, noticias y opini\u00f3n - Estrella Damm","article_publisher":"https:\/\/www.facebook.com\/CircuitoDePadelEstrellaDamm","article_published_time":"2023-05-21T18:39:08+00:00","article_modified_time":"2024-06-28T08:46:57+00:00","og_image":[{"width":980,"height":325,"url":"https:\/\/padelestrelladamm.es\/blog\/wp-content\/uploads\/2023\/05\/OK-padelsilla-NOTICIA.jpg","type":"image\/jpeg"}],"author":"Redacci\u00f3n","twitter_card":"summary_large_image","twitter_misc":{"Escrito por":"Redacci\u00f3n","Tiempo de lectura":"1 minuto"},"schema":{"@context":"https:\/\/schema.org","@graph":[{"@type":"Organization","@id":"https:\/\/padelestrelladamm.es\/blog\/#organization","name":"Circuito de P\u00e1del Estrelladamm","url":"https:\/\/padelestrelladamm.es\/blog\/","sameAs":["https:\/\/www.instagram.com\/circuitopadelestrelladamm","https:\/\/www.youtube.com\/user\/padelestrelladamm","https:\/\/www.facebook.com\/CircuitoDePadelEstrellaDamm"],"logo":{"@type":"ImageObject","inLanguage":"es","@id":"https:\/\/padelestrelladamm.es\/blog\/#\/schema\/logo\/image\/","url":"https:\/\/padelestrelladamm.es\/blog\/wp-content\/uploads\/2021\/06\/BLOG-128.jpg","contentUrl":"https:\/\/padelestrelladamm.es\/blog\/wp-content\/uploads\/2021\/06\/BLOG-128.jpg","width":128,"height":26,"caption":"Circuito de P\u00e1del Estrelladamm"},"image":{"@id":"https:\/\/padelestrelladamm.es\/blog\/#\/schema\/logo\/image\/"}},{"@type":"WebSite","@id":"https:\/\/padelestrelladamm.es\/blog\/#website","url":"https:\/\/padelestrelladamm.es\/blog\/","name":"Blog de p\u00e1del - An\u00e1lisis, noticias y opini\u00f3n - Estrella Damm","description":"Blog de p\u00e1del. Inf\u00f3rmate sobre la actualidad relacionada con el mundo del p\u00e1del. An\u00e1lisis y noticias, lo mejor en P\u00e1del Estrella Damm","publisher":{"@id":"https:\/\/padelestrelladamm.es\/blog\/#organization"},"potentialAction":[{"@type":"SearchAction","target":{"@type":"EntryPoint","urlTemplate":"https:\/\/padelestrelladamm.es\/blog\/?s={search_term_string}"},"query-input":"required name=search_term_string"}],"inLanguage":"es"},{"@type":"WebPage","@id":"https:\/\/padelestrelladamm.es\/blog\/padel-silla\/","url":"https:\/\/padelestrelladamm.es\/blog\/padel-silla\/","name":"P\u00e1del Silla","isPartOf":{"@id":"https:\/\/padelestrelladamm.es\/blog\/#website"},"datePublished":"2023-05-21T18:39:08+00:00","dateModified":"2024-06-28T08:46:57+00:00","breadcrumb":{"@id":"https:\/\/padelestrelladamm.es\/blog\/padel-silla\/#breadcrumb"},"inLanguage":"es","potentialAction":[{"@type":"ReadAction","target":["https:\/\/padelestrelladamm.es\/blog\/padel-silla\/"]}]},{"@type":"BreadcrumbList","@id":"https:\/\/padelestrelladamm.es\/blog\/padel-silla\/#breadcrumb","itemListElement":[{"@type":"ListItem","position":1,"name":"Inicio","item":"https:\/\/padelestrelladamm.es\/blog\/"},{"@type":"ListItem","position":2,"name":"P\u00e1del Silla"}]},{"@type":"Article","@id":"https:\/\/padelestrelladamm.es\/blog\/padel-silla\/#article","isPartOf":{"@id":"https:\/\/padelestrelladamm.es\/blog\/padel-silla\/"},"author":{"name":"Redacci\u00f3n","@id":"https:\/\/padelestrelladamm.es\/blog\/#\/schema\/person\/418380b12903f0d45c68a26eb53d71fd"},"headline":"P\u00e1del Silla","datePublished":"2023-05-21T18:39:08+00:00","dateModified":"2024-06-28T08:46:57+00:00","mainEntityOfPage":{"@id":"https:\/\/padelestrelladamm.es\/blog\/padel-silla\/"},"wordCount":150,"publisher":{"@id":"https:\/\/padelestrelladamm.es\/blog\/#organization"},"articleSection":["Uncategorized"],"inLanguage":"es"},{"@type":"Person","@id":"https:\/\/padelestrelladamm.es\/blog\/#\/schema\/person\/418380b12903f0d45c68a26eb53d71fd","name":"Redacci\u00f3n","image":{"@type":"ImageObject","inLanguage":"es","@id":"https:\/\/padelestrelladamm.es\/blog\/#\/schema\/person\/image\/","url":"https:\/\/secure.gravatar.com\/avatar\/8de99d88dc171dfa4570a7b72f5fa083?s=96&d=mm&r=g","contentUrl":"https:\/\/secure.gravatar.com\/avatar\/8de99d88dc171dfa4570a7b72f5fa083?s=96&d=mm&r=g","caption":"Redacci\u00f3n"},"url":"https:\/\/padelestrelladamm.es\/blog\/author\/circuito\/"}]}},"_links":{"self":[{"href":"https:\/\/padelestrelladamm.es\/blog\/wp-json\/wp\/v2\/posts\/1298"}],"collection":[{"href":"https:\/\/padelestrelladamm.es\/blog\/wp-json\/wp\/v2\/posts"}],"about":[{"href":"https:\/\/padelestrelladamm.es\/blog\/wp-json\/wp\/v2\/types\/post"}],"author":[{"embeddable":true,"href":"https:\/\/padelestrelladamm.es\/blog\/wp-json\/wp\/v2\/users\/4"}],"replies":[{"embeddable":true,"href":"https:\/\/padelestrelladamm.es\/blog\/wp-json\/wp\/v2\/comments?post=1298"}],"version-history":[{"count":4,"href":"https:\/\/padelestrelladamm.es\/blog\/wp-json\/wp\/v2\/posts\/1298\/revisions"}],"predecessor-version":[{"id":1329,"href":"https:\/\/padelestrelladamm.es\/blog\/wp-json\/wp\/v2\/posts\/1298\/revisions\/1329"}],"wp:featuredmedia":[{"embeddable":true,"href":"https:\/\/padelestrelladamm.es\/blog\/wp-json\/wp\/v2\/media\/1287"}],"wp:attachment":[{"href":"https:\/\/padelestrelladamm.es\/blog\/wp-json\/wp\/v2\/media?parent=1298"}],"wp:term":[{"taxonomy":"category","embeddable":true,"href":"https:\/\/padelestrelladamm.es\/blog\/wp-json\/wp\/v2\/categories?post=1298"},{"taxonomy":"post_tag","embeddable":true,"href":"https:\/\/padelestrelladamm.es\/blog\/wp-json\/wp\/v2\/tags?post=1298"}],"curies":[{"name":"wp","href":"https:\/\/api.w.org\/{rel}","templated":true}]}}