{"id":1391,"date":"2023-11-06T09:03:45","date_gmt":"2023-11-06T08:03:45","guid":{"rendered":"https:\/\/padelestrelladamm.es\/blog\/?p=1391"},"modified":"2023-11-06T09:03:46","modified_gmt":"2023-11-06T08:03:46","slug":"orneo-federado-de-octubre","status":"publish","type":"post","link":"https:\/\/padelestrelladamm.es\/blog\/orneo-federado-de-octubre\/","title":{"rendered":"La lluvia no pudo con las ganas de jugar de los jugadores federados"},"content":{"rendered":"\n<p>No ha sido f\u00e1cil, pero el torneo federado del Circuito de P\u00e1del Estrella Damm celebrado en el Parque Deportivo Puerta de Hierro del 22 al 29 de octubre termino el d\u00eda previsto. La lluvia no dio tregua durante toda la semana. Una lluvia torrencial en muchas ocasiones. El buen hacer y profesionalidad de la juez \u00e1rbitro del torneo, Marta Satr\u00fastegui, lo hizo posible. Esta veterana profesional del arbitraje se enfrent\u00f3 durante la semana a la suspensi\u00f3n de jornadas y a la recalendarizaci\u00f3n continua de partidos. La comprensi\u00f3n de los jugadores y jugadoras de la prueba tambi\u00e9n fue clave para la finalizaci\u00f3n de la prueba.<\/p>\n\n\n\n<h4><strong>Destaca la alta participaci\u00f3n<\/strong><\/h4>\n\n\n\n<p>Al margen de las inclemencias meteorol\u00f3gicas, si algo ha destacado en esta prueba ha sido la alta participaci\u00f3n, sobre todo, masculina. 444 participantes se dieron cita en las pistas de la sede de la Federaci\u00f3n Madrile\u00f1a de P\u00e1del, 358 de ellos hombres. Esto permiti\u00f3 el organizar la competici\u00f3n en cinco categor\u00edas masculinas y dos femeninas.<\/p>\n\n\n\n<p>En la primera categor\u00eda masculina, Miguel Melero y Javier Collantes se impusieron, sin mucho problema, a Hugo Garc\u00eda e Iv\u00e1n Garc\u00eda por un 6\/2 6\/3. A esta pareja le pudo pesar la re\u00f1ida semifinal a tres sets (4\/6 7\/5 6\/3) contra V\u00edctor S\u00e1nchez Vera y Ra\u00fal D\u00edaz. Melero y Collantes no dejaron arrebatarse un solo set en todo el torneo, pese a haberse enfrentado en el cuadro a las parejas Postiguillo\/\/de la Fuente (cabeza n\u00ba 2) y Garc\u00eda\/\/Garc\u00eda (cabeza de serie n\u00ba 1).<\/p>\n\n\n\n<p>En cuanto a la primera categor\u00eda femenino, Rebeca L\u00f3pez y M\u00f3nica G\u00f3mez fue la pareja que se alz\u00f3 con el campeonato en una final frente a Alicia Berl y Ainhoa Rico. El 6\/1 del primer set presagiaba una r\u00e1pida victoria, pero Berl y Rico no estaban dispuestas a rendirse f\u00e1cilmente. Y casi dan la sorpresa en el segundo set que perdieron por un ajustado 7\/6. Esta pareja, que no aparec\u00eda como cabeza de serie del torneo, lleg\u00f3 a la final tras dejar por el camino a Molero y M\u00e9ndez, cabezas de serie n\u00ba 2 del torneo, y a Cavero y Dubins, cabeza de serie n\u00ba 3, en uno de los partidos m\u00e1s ajustados del torneo (4\/6 7\/5 7\/6)<\/p>\n\n\n\n<p>En esta competici\u00f3n femenina, los aficionados y aficionadas lamentaron el wo que tuvieron que dar Marta Talav\u00e1n y Lorena Alonso, n\u00famero 1 y 3 del ranking de la Federaci\u00f3n madrile\u00f1a de p\u00e1del, en semifinales. Las pistas de Puerta de hierro se vieron privadas de albergar el que habr\u00eda sido, sin duda, un gran partido frente a la pareja que finalmente se alz\u00f3 con el torneo.<\/p>\n\n\n\n<p>Como an\u00e9cdota, destacar que ninguna de las finales disputadas alcanz\u00f3 el tercer set.<\/p>\n\n\n\n<h4><strong>\u00bfQui\u00e9n encabeza la Carrera de Campeones 2023?<\/strong><\/h4>\n\n\n\n<p>Solo queda una prueba federada para definir la Carrera de Campeones del Circuito de P\u00e1del Estrella Damm.<\/p>\n\n\n\n<p>Con la prueba disputada en octubre, &nbsp;Javier Collantes figura como n\u00famero 1 de la carrera masculina tras ganar las tres pruebas federadas del Circuito celebradas este a\u00f1o.<\/p>\n\n\n\n<p>En la Carrera femenina, son Rebeca Molero y Sabrina M\u00e9ndez las jugadora que figuran en lo m\u00e1s alto.<\/p>\n\n\n\n<p>El Circuito de P\u00e1del Estrella Damm espera a todos sus seguidores y seguidoras en la prueba que celebrar\u00e1 en el Club de P\u00e1del La Moraleja del 19 al 26 de noviembre.<\/p>\n","protected":false},"excerpt":{"rendered":"<p>No ha sido f\u00e1cil, pero el torneo federado del Circuito de P\u00e1del Estrella Damm celebrado en el Parque Deportivo Puerta de Hierro del 22 al 29 de octubre termino el d\u00eda previsto. La lluvia no dio tregua durante toda la semana. Una lluvia torrencial en muchas ocasiones. El buen hacer y profesionalidad de la juez [&hellip;]<\/p>\n","protected":false},"author":4,"featured_media":1392,"comment_status":"closed","ping_status":"closed","sticky":false,"template":"","format":"standard","meta":[],"categories":[7],"tags":[],"yoast_head":"<!-- This site is optimized with the Yoast SEO plugin v19.4 - https:\/\/yoast.com\/wordpress\/plugins\/seo\/ -->\n<title>La lluvia no puede con las ganas de jugar de los federados<\/title>\n<meta name=\"description\" content=\"Se celebra el torneo federado del Estrella Damm de octubre, con victoria de Javier Collantes, Miguel Melero, Rebeca L\u00f3pez y M\u00f3nica G\u00f3mez\" \/>\n<meta name=\"robots\" content=\"index, follow, max-snippet:-1, max-image-preview:large, max-video-preview:-1\" \/>\n<link rel=\"canonical\" href=\"https:\/\/padelestrelladamm.es\/blog\/orneo-federado-de-octubre\/\" \/>\n<meta property=\"og:locale\" content=\"es_ES\" \/>\n<meta property=\"og:type\" content=\"article\" \/>\n<meta property=\"og:title\" content=\"La lluvia no puede con las ganas de jugar de los federados\" \/>\n<meta property=\"og:description\" content=\"Se celebra el torneo federado del Estrella Damm de octubre, con victoria de Javier Collantes, Miguel Melero, Rebeca L\u00f3pez y M\u00f3nica G\u00f3mez\" \/>\n<meta property=\"og:url\" content=\"https:\/\/padelestrelladamm.es\/blog\/orneo-federado-de-octubre\/\" \/>\n<meta property=\"og:site_name\" content=\"Blog de p\u00e1del - An\u00e1lisis, noticias y opini\u00f3n - Estrella Damm\" \/>\n<meta property=\"article:publisher\" content=\"https:\/\/www.facebook.com\/CircuitoDePadelEstrellaDamm\" \/>\n<meta property=\"article:published_time\" content=\"2023-11-06T08:03:45+00:00\" \/>\n<meta property=\"article:modified_time\" content=\"2023-11-06T08:03:46+00:00\" \/>\n<meta property=\"og:image\" content=\"https:\/\/padelestrelladamm.es\/blog\/wp-content\/uploads\/2023\/10\/foto-web.jpg\" \/>\n\t<meta property=\"og:image:width\" content=\"2500\" \/>\n\t<meta property=\"og:image:height\" content=\"830\" \/>\n\t<meta property=\"og:image:type\" content=\"image\/jpeg\" \/>\n<meta name=\"author\" content=\"Redacci\u00f3n\" \/>\n<meta name=\"twitter:card\" content=\"summary_large_image\" \/>\n<meta name=\"twitter:label1\" content=\"Escrito por\" \/>\n\t<meta name=\"twitter:data1\" content=\"Redacci\u00f3n\" \/>\n\t<meta name=\"twitter:label2\" content=\"Tiempo de lectura\" \/>\n\t<meta name=\"twitter:data2\" content=\"3 minutos\" \/>\n<script type=\"application\/ld+json\" class=\"yoast-schema-graph\">{\"@context\":\"https:\/\/schema.org\",\"@graph\":[{\"@type\":\"Organization\",\"@id\":\"https:\/\/padelestrelladamm.es\/blog\/#organization\",\"name\":\"Circuito de P\u00e1del Estrelladamm\",\"url\":\"https:\/\/padelestrelladamm.es\/blog\/\",\"sameAs\":[\"https:\/\/www.instagram.com\/circuitopadelestrelladamm\",\"https:\/\/www.youtube.com\/user\/padelestrelladamm\",\"https:\/\/www.facebook.com\/CircuitoDePadelEstrellaDamm\"],\"logo\":{\"@type\":\"ImageObject\",\"inLanguage\":\"es\",\"@id\":\"https:\/\/padelestrelladamm.es\/blog\/#\/schema\/logo\/image\/\",\"url\":\"https:\/\/padelestrelladamm.es\/blog\/wp-content\/uploads\/2021\/06\/BLOG-128.jpg\",\"contentUrl\":\"https:\/\/padelestrelladamm.es\/blog\/wp-content\/uploads\/2021\/06\/BLOG-128.jpg\",\"width\":128,\"height\":26,\"caption\":\"Circuito de P\u00e1del Estrelladamm\"},\"image\":{\"@id\":\"https:\/\/padelestrelladamm.es\/blog\/#\/schema\/logo\/image\/\"}},{\"@type\":\"WebSite\",\"@id\":\"https:\/\/padelestrelladamm.es\/blog\/#website\",\"url\":\"https:\/\/padelestrelladamm.es\/blog\/\",\"name\":\"Blog de p\u00e1del - An\u00e1lisis, noticias y opini\u00f3n - Estrella Damm\",\"description\":\"Blog de p\u00e1del. Inf\u00f3rmate sobre la actualidad relacionada con el mundo del p\u00e1del. An\u00e1lisis y noticias, lo mejor en P\u00e1del Estrella Damm\",\"publisher\":{\"@id\":\"https:\/\/padelestrelladamm.es\/blog\/#organization\"},\"potentialAction\":[{\"@type\":\"SearchAction\",\"target\":{\"@type\":\"EntryPoint\",\"urlTemplate\":\"https:\/\/padelestrelladamm.es\/blog\/?s={search_term_string}\"},\"query-input\":\"required name=search_term_string\"}],\"inLanguage\":\"es\"},{\"@type\":\"WebPage\",\"@id\":\"https:\/\/padelestrelladamm.es\/blog\/orneo-federado-de-octubre\/\",\"url\":\"https:\/\/padelestrelladamm.es\/blog\/orneo-federado-de-octubre\/\",\"name\":\"La lluvia no puede con las ganas de jugar de los federados\",\"isPartOf\":{\"@id\":\"https:\/\/padelestrelladamm.es\/blog\/#website\"},\"datePublished\":\"2023-11-06T08:03:45+00:00\",\"dateModified\":\"2023-11-06T08:03:46+00:00\",\"description\":\"Se celebra el torneo federado del Estrella Damm de octubre, con victoria de Javier Collantes, Miguel Melero, Rebeca L\u00f3pez y M\u00f3nica G\u00f3mez\",\"breadcrumb\":{\"@id\":\"https:\/\/padelestrelladamm.es\/blog\/orneo-federado-de-octubre\/#breadcrumb\"},\"inLanguage\":\"es\",\"potentialAction\":[{\"@type\":\"ReadAction\",\"target\":[\"https:\/\/padelestrelladamm.es\/blog\/orneo-federado-de-octubre\/\"]}]},{\"@type\":\"BreadcrumbList\",\"@id\":\"https:\/\/padelestrelladamm.es\/blog\/orneo-federado-de-octubre\/#breadcrumb\",\"itemListElement\":[{\"@type\":\"ListItem\",\"position\":1,\"name\":\"Inicio\",\"item\":\"https:\/\/padelestrelladamm.es\/blog\/\"},{\"@type\":\"ListItem\",\"position\":2,\"name\":\"La lluvia no pudo con las ganas de jugar de los jugadores federados\"}]},{\"@type\":\"Article\",\"@id\":\"https:\/\/padelestrelladamm.es\/blog\/orneo-federado-de-octubre\/#article\",\"isPartOf\":{\"@id\":\"https:\/\/padelestrelladamm.es\/blog\/orneo-federado-de-octubre\/\"},\"author\":{\"name\":\"Redacci\u00f3n\",\"@id\":\"https:\/\/padelestrelladamm.es\/blog\/#\/schema\/person\/418380b12903f0d45c68a26eb53d71fd\"},\"headline\":\"La lluvia no pudo con las ganas de jugar de los jugadores federados\",\"datePublished\":\"2023-11-06T08:03:45+00:00\",\"dateModified\":\"2023-11-06T08:03:46+00:00\",\"mainEntityOfPage\":{\"@id\":\"https:\/\/padelestrelladamm.es\/blog\/orneo-federado-de-octubre\/\"},\"wordCount\":587,\"publisher\":{\"@id\":\"https:\/\/padelestrelladamm.es\/blog\/#organization\"},\"articleSection\":[\"Cr\u00f3nicas\"],\"inLanguage\":\"es\"},{\"@type\":\"Person\",\"@id\":\"https:\/\/padelestrelladamm.es\/blog\/#\/schema\/person\/418380b12903f0d45c68a26eb53d71fd\",\"name\":\"Redacci\u00f3n\",\"image\":{\"@type\":\"ImageObject\",\"inLanguage\":\"es\",\"@id\":\"https:\/\/padelestrelladamm.es\/blog\/#\/schema\/person\/image\/\",\"url\":\"https:\/\/secure.gravatar.com\/avatar\/8de99d88dc171dfa4570a7b72f5fa083?s=96&d=mm&r=g\",\"contentUrl\":\"https:\/\/secure.gravatar.com\/avatar\/8de99d88dc171dfa4570a7b72f5fa083?s=96&d=mm&r=g\",\"caption\":\"Redacci\u00f3n\"},\"url\":\"https:\/\/padelestrelladamm.es\/blog\/author\/circuito\/\"}]}<\/script>\n<!-- \/ Yoast SEO plugin. -->","yoast_head_json":{"title":"La lluvia no puede con las ganas de jugar de los federados","description":"Se celebra el torneo federado del Estrella Damm de octubre, con victoria de Javier Collantes, Miguel Melero, Rebeca L\u00f3pez y M\u00f3nica G\u00f3mez","robots":{"index":"index","follow":"follow","max-snippet":"max-snippet:-1","max-image-preview":"max-image-preview:large","max-video-preview":"max-video-preview:-1"},"canonical":"https:\/\/padelestrelladamm.es\/blog\/orneo-federado-de-octubre\/","og_locale":"es_ES","og_type":"article","og_title":"La lluvia no puede con las ganas de jugar de los federados","og_description":"Se celebra el torneo federado del Estrella Damm de octubre, con victoria de Javier Collantes, Miguel Melero, Rebeca L\u00f3pez y M\u00f3nica G\u00f3mez","og_url":"https:\/\/padelestrelladamm.es\/blog\/orneo-federado-de-octubre\/","og_site_name":"Blog de p\u00e1del - An\u00e1lisis, noticias y opini\u00f3n - Estrella Damm","article_publisher":"https:\/\/www.facebook.com\/CircuitoDePadelEstrellaDamm","article_published_time":"2023-11-06T08:03:45+00:00","article_modified_time":"2023-11-06T08:03:46+00:00","og_image":[{"width":2500,"height":830,"url":"https:\/\/padelestrelladamm.es\/blog\/wp-content\/uploads\/2023\/10\/foto-web.jpg","type":"image\/jpeg"}],"author":"Redacci\u00f3n","twitter_card":"summary_large_image","twitter_misc":{"Escrito por":"Redacci\u00f3n","Tiempo de lectura":"3 minutos"},"schema":{"@context":"https:\/\/schema.org","@graph":[{"@type":"Organization","@id":"https:\/\/padelestrelladamm.es\/blog\/#organization","name":"Circuito de P\u00e1del Estrelladamm","url":"https:\/\/padelestrelladamm.es\/blog\/","sameAs":["https:\/\/www.instagram.com\/circuitopadelestrelladamm","https:\/\/www.youtube.com\/user\/padelestrelladamm","https:\/\/www.facebook.com\/CircuitoDePadelEstrellaDamm"],"logo":{"@type":"ImageObject","inLanguage":"es","@id":"https:\/\/padelestrelladamm.es\/blog\/#\/schema\/logo\/image\/","url":"https:\/\/padelestrelladamm.es\/blog\/wp-content\/uploads\/2021\/06\/BLOG-128.jpg","contentUrl":"https:\/\/padelestrelladamm.es\/blog\/wp-content\/uploads\/2021\/06\/BLOG-128.jpg","width":128,"height":26,"caption":"Circuito de P\u00e1del Estrelladamm"},"image":{"@id":"https:\/\/padelestrelladamm.es\/blog\/#\/schema\/logo\/image\/"}},{"@type":"WebSite","@id":"https:\/\/padelestrelladamm.es\/blog\/#website","url":"https:\/\/padelestrelladamm.es\/blog\/","name":"Blog de p\u00e1del - An\u00e1lisis, noticias y opini\u00f3n - Estrella Damm","description":"Blog de p\u00e1del. Inf\u00f3rmate sobre la actualidad relacionada con el mundo del p\u00e1del. An\u00e1lisis y noticias, lo mejor en P\u00e1del Estrella Damm","publisher":{"@id":"https:\/\/padelestrelladamm.es\/blog\/#organization"},"potentialAction":[{"@type":"SearchAction","target":{"@type":"EntryPoint","urlTemplate":"https:\/\/padelestrelladamm.es\/blog\/?s={search_term_string}"},"query-input":"required name=search_term_string"}],"inLanguage":"es"},{"@type":"WebPage","@id":"https:\/\/padelestrelladamm.es\/blog\/orneo-federado-de-octubre\/","url":"https:\/\/padelestrelladamm.es\/blog\/orneo-federado-de-octubre\/","name":"La lluvia no puede con las ganas de jugar de los federados","isPartOf":{"@id":"https:\/\/padelestrelladamm.es\/blog\/#website"},"datePublished":"2023-11-06T08:03:45+00:00","dateModified":"2023-11-06T08:03:46+00:00","description":"Se celebra el torneo federado del Estrella Damm de octubre, con victoria de Javier Collantes, Miguel Melero, Rebeca L\u00f3pez y M\u00f3nica G\u00f3mez","breadcrumb":{"@id":"https:\/\/padelestrelladamm.es\/blog\/orneo-federado-de-octubre\/#breadcrumb"},"inLanguage":"es","potentialAction":[{"@type":"ReadAction","target":["https:\/\/padelestrelladamm.es\/blog\/orneo-federado-de-octubre\/"]}]},{"@type":"BreadcrumbList","@id":"https:\/\/padelestrelladamm.es\/blog\/orneo-federado-de-octubre\/#breadcrumb","itemListElement":[{"@type":"ListItem","position":1,"name":"Inicio","item":"https:\/\/padelestrelladamm.es\/blog\/"},{"@type":"ListItem","position":2,"name":"La lluvia no pudo con las ganas de jugar de los jugadores federados"}]},{"@type":"Article","@id":"https:\/\/padelestrelladamm.es\/blog\/orneo-federado-de-octubre\/#article","isPartOf":{"@id":"https:\/\/padelestrelladamm.es\/blog\/orneo-federado-de-octubre\/"},"author":{"name":"Redacci\u00f3n","@id":"https:\/\/padelestrelladamm.es\/blog\/#\/schema\/person\/418380b12903f0d45c68a26eb53d71fd"},"headline":"La lluvia no pudo con las ganas de jugar de los jugadores federados","datePublished":"2023-11-06T08:03:45+00:00","dateModified":"2023-11-06T08:03:46+00:00","mainEntityOfPage":{"@id":"https:\/\/padelestrelladamm.es\/blog\/orneo-federado-de-octubre\/"},"wordCount":587,"publisher":{"@id":"https:\/\/padelestrelladamm.es\/blog\/#organization"},"articleSection":["Cr\u00f3nicas"],"inLanguage":"es"},{"@type":"Person","@id":"https:\/\/padelestrelladamm.es\/blog\/#\/schema\/person\/418380b12903f0d45c68a26eb53d71fd","name":"Redacci\u00f3n","image":{"@type":"ImageObject","inLanguage":"es","@id":"https:\/\/padelestrelladamm.es\/blog\/#\/schema\/person\/image\/","url":"https:\/\/secure.gravatar.com\/avatar\/8de99d88dc171dfa4570a7b72f5fa083?s=96&d=mm&r=g","contentUrl":"https:\/\/secure.gravatar.com\/avatar\/8de99d88dc171dfa4570a7b72f5fa083?s=96&d=mm&r=g","caption":"Redacci\u00f3n"},"url":"https:\/\/padelestrelladamm.es\/blog\/author\/circuito\/"}]}},"_links":{"self":[{"href":"https:\/\/padelestrelladamm.es\/blog\/wp-json\/wp\/v2\/posts\/1391"}],"collection":[{"href":"https:\/\/padelestrelladamm.es\/blog\/wp-json\/wp\/v2\/posts"}],"about":[{"href":"https:\/\/padelestrelladamm.es\/blog\/wp-json\/wp\/v2\/types\/post"}],"author":[{"embeddable":true,"href":"https:\/\/padelestrelladamm.es\/blog\/wp-json\/wp\/v2\/users\/4"}],"replies":[{"embeddable":true,"href":"https:\/\/padelestrelladamm.es\/blog\/wp-json\/wp\/v2\/comments?post=1391"}],"version-history":[{"count":2,"href":"https:\/\/padelestrelladamm.es\/blog\/wp-json\/wp\/v2\/posts\/1391\/revisions"}],"predecessor-version":[{"id":1394,"href":"https:\/\/padelestrelladamm.es\/blog\/wp-json\/wp\/v2\/posts\/1391\/revisions\/1394"}],"wp:featuredmedia":[{"embeddable":true,"href":"https:\/\/padelestrelladamm.es\/blog\/wp-json\/wp\/v2\/media\/1392"}],"wp:attachment":[{"href":"https:\/\/padelestrelladamm.es\/blog\/wp-json\/wp\/v2\/media?parent=1391"}],"wp:term":[{"taxonomy":"category","embeddable":true,"href":"https:\/\/padelestrelladamm.es\/blog\/wp-json\/wp\/v2\/categories?post=1391"},{"taxonomy":"post_tag","embeddable":true,"href":"https:\/\/padelestrelladamm.es\/blog\/wp-json\/wp\/v2\/tags?post=1391"}],"curies":[{"name":"wp","href":"https:\/\/api.w.org\/{rel}","templated":true}]}}