{"id":1485,"date":"2024-06-18T17:46:24","date_gmt":"2024-06-18T15:46:24","guid":{"rendered":"https:\/\/padelestrelladamm.es\/blog\/?p=1485"},"modified":"2024-06-18T17:46:24","modified_gmt":"2024-06-18T15:46:24","slug":"victor-sanchez-vera","status":"publish","type":"post","link":"https:\/\/padelestrelladamm.es\/blog\/victor-sanchez-vera\/","title":{"rendered":"V\u00edctor S\u00e1nchez Vera cumple 50 finales federadas en el torneo del Circuito de P\u00e1del Estrella Damm"},"content":{"rendered":"\n<p><strong>El torneo del Circuito de P\u00e1del Estrella Damm celebrado en junio en La Moraleja Club de P\u00e1del ha tenido un protagonista. Este ha sido V\u00edctor S\u00e1nchez Vera. Este veterano jugador disput\u00f3 su final n\u00famero 50 en la m\u00e1xima categor\u00eda de la competici\u00f3n federada madrile\u00f1a. Y no solo lleg\u00f3 a la final, sino que, de la mano de Ra\u00fal D\u00edaz Garc\u00eda, se alz\u00f3 con el triunfo por un 6\/3 6\/2 ante \u00d3scar Sim\u00f3n Garc\u00eda y Jairo Ajenjo G\u00f3mez.<\/strong><\/p>\n\n\n\n<p>\u201cEs un aut\u00e9ntico orgullo y privilegio poder alcanzar esta cifra y hoy me gustar\u00eda volver a dar las gracias a todos los que me han ayudado a recorrer este camino\u201d. Esta frase de V\u00edctor S\u00e1nchez Vera acompa\u00f1a la foto que public\u00f3 en sus redes sociales junto a Ra\u00fal D\u00edaz tras finalizar el partido. Este es un mensaje especialmente emotivo si se tiene en cuenta su reciente incorporaci\u00f3n a la competici\u00f3n tras la lesi\u00f3n sufrida.<\/p>\n\n\n\n<p>La final m\u00e1s disputada del cuadro principal de la modalidad masculina se produjo en la segunda categor\u00eda. En este partido, Hugo P\u00e9rez Fern\u00e1ndez y Jaime Moncayo Becerril se impusieron en tres sets a \u00c1ngel Espino L\u00f3pez y Rodrigo de Frutos Sancho por un 4\/6 6\/4 6\/1.<\/p>\n\n\n\n<p>La final internacional de las Series Nacionales disputada en Valencia el pasado fin de semana ha conllevado la ausencia del torneo del Circuito de P\u00e1del Estrella Damm de un gran n\u00famero de jugadoras fieles de la competici\u00f3n federada madrile\u00f1a. Pero este hecho no fue \u00f3bice para que la final de primera femenina contase con la m\u00e1xima emoci\u00f3n. En pista, Marta P\u00e9rez Arias y Sandra G\u00e1mez Fern\u00e1ndez frente a Mar\u00eda Arribas Ballesteros y Marisol Fern\u00e1n. Marta y Sandra, gracias a un juego medido y compenetrado, se alzaron con el triunfo por un 7\/5 6\/3. Una victoria que premia el esfuerzo de estas jugadoras que en la actualidad ocupan los puestos 63 y 64 del ranking de la Federaci\u00f3n Madrile\u00f1a de P\u00e1del.<\/p>\n\n\n\n<h4><strong>La resistencia f\u00edsica, la segunda protagonista del torneo<\/strong><\/h4>\n\n\n\n<p>Pero, en esta prueba celebrada en la Moraleja Club de P\u00e1del y que ha contado con el torneo federado y un torneo Express ha tenido otra protagonista. Esta ha sido la resistencia f\u00edsica de los m\u00e1s de 300 jugadores y jugadoras inscritos a ambos torneos. Resistencia f\u00edsica ante jornadas de temperaturas extremas donde la hidrataci\u00f3n constante y la buena forma f\u00edsica fueron claves para superarlas. Eso, s\u00ed, ha quedado de manifiesto que ni las altas temperaturas ni las jornadas de lluvia y viento amilanan a los seguidores y seguidoras del Circuito de P\u00e1del Estrella Damm.<\/p>\n\n\n\n<h4><strong>En septiembre, una nueva cita con la competici\u00f3n federada<\/strong><\/h4>\n\n\n\n<p>Tanto los jugadoras y jugadores federados que se han dado cita en este torneo, como aquellos que, por agenda, no han podido participa, tienen una nueva cita con el Circuito de P\u00e1del Estrella Damm del 22 de septiembre al 29 de septiembre, tambi\u00e9n en las instalaciones de La Moraleja Club de P\u00e1del.<\/p>\n\n\n\n<p>Ser\u00e1 una nueva oportunidad de disfrutar del mejor p\u00e1del amateur madrile\u00f1o, con un gran ambiente deportivo, tanto dentro como fuera de la pista.<\/p>\n\n\n\n<p>Hasta que llegue dicha prueba, el Circuito de P\u00e1del Estrella Damm ha programado cuatro Torneos Express nocturnos. As\u00ed, sus seguidores y seguidoras podr\u00e1n seguir moviendo la pala, aunque ya estemos dentro del marco de las vacaciones de verano.<\/p>\n","protected":false},"excerpt":{"rendered":"<p>El torneo del Circuito de P\u00e1del Estrella Damm celebrado en junio en La Moraleja Club de P\u00e1del ha tenido un protagonista. Este ha sido V\u00edctor S\u00e1nchez Vera. Este veterano jugador disput\u00f3 su final n\u00famero 50 en la m\u00e1xima categor\u00eda de la competici\u00f3n federada madrile\u00f1a. Y no solo lleg\u00f3 a la final, sino que, de la [&hellip;]<\/p>\n","protected":false},"author":4,"featured_media":1486,"comment_status":"closed","ping_status":"closed","sticky":false,"template":"","format":"standard","meta":[],"categories":[7],"tags":[],"yoast_head":"<!-- This site is optimized with the Yoast SEO plugin v19.4 - https:\/\/yoast.com\/wordpress\/plugins\/seo\/ -->\n<title>50 finales federadas de primera de V\u00edctor S\u00e1nchez Vera<\/title>\n<meta name=\"description\" content=\"V\u00edctor S\u00e1nchez Vera cumple 50 finales federadas en la primera categor\u00eda durante su participaci\u00f3n en el Circuito de P\u00e1del Estrella Damm.\" \/>\n<meta name=\"robots\" content=\"index, follow, max-snippet:-1, max-image-preview:large, max-video-preview:-1\" \/>\n<link rel=\"canonical\" href=\"https:\/\/padelestrelladamm.es\/blog\/victor-sanchez-vera\/\" \/>\n<meta property=\"og:locale\" content=\"es_ES\" \/>\n<meta property=\"og:type\" content=\"article\" \/>\n<meta property=\"og:title\" content=\"50 finales federadas de primera de V\u00edctor S\u00e1nchez Vera\" \/>\n<meta property=\"og:description\" content=\"V\u00edctor S\u00e1nchez Vera cumple 50 finales federadas en la primera categor\u00eda durante su participaci\u00f3n en el Circuito de P\u00e1del Estrella Damm.\" \/>\n<meta property=\"og:url\" content=\"https:\/\/padelestrelladamm.es\/blog\/victor-sanchez-vera\/\" \/>\n<meta property=\"og:site_name\" content=\"Blog de p\u00e1del - An\u00e1lisis, noticias y opini\u00f3n - Estrella Damm\" \/>\n<meta property=\"article:publisher\" content=\"https:\/\/www.facebook.com\/CircuitoDePadelEstrellaDamm\" \/>\n<meta property=\"article:published_time\" content=\"2024-06-18T15:46:24+00:00\" \/>\n<meta property=\"og:image\" content=\"https:\/\/padelestrelladamm.es\/blog\/wp-content\/uploads\/2024\/06\/victor-noticia-web.jpg\" \/>\n\t<meta property=\"og:image:width\" content=\"2500\" \/>\n\t<meta property=\"og:image:height\" content=\"830\" \/>\n\t<meta property=\"og:image:type\" content=\"image\/jpeg\" \/>\n<meta name=\"author\" content=\"Redacci\u00f3n\" \/>\n<meta name=\"twitter:card\" content=\"summary_large_image\" \/>\n<meta name=\"twitter:label1\" content=\"Escrito por\" \/>\n\t<meta name=\"twitter:data1\" content=\"Redacci\u00f3n\" \/>\n\t<meta name=\"twitter:label2\" content=\"Tiempo de lectura\" \/>\n\t<meta name=\"twitter:data2\" content=\"3 minutos\" \/>\n<script type=\"application\/ld+json\" class=\"yoast-schema-graph\">{\"@context\":\"https:\/\/schema.org\",\"@graph\":[{\"@type\":\"Organization\",\"@id\":\"https:\/\/padelestrelladamm.es\/blog\/#organization\",\"name\":\"Circuito de P\u00e1del Estrelladamm\",\"url\":\"https:\/\/padelestrelladamm.es\/blog\/\",\"sameAs\":[\"https:\/\/www.instagram.com\/circuitopadelestrelladamm\",\"https:\/\/www.youtube.com\/user\/padelestrelladamm\",\"https:\/\/www.facebook.com\/CircuitoDePadelEstrellaDamm\"],\"logo\":{\"@type\":\"ImageObject\",\"inLanguage\":\"es\",\"@id\":\"https:\/\/padelestrelladamm.es\/blog\/#\/schema\/logo\/image\/\",\"url\":\"https:\/\/padelestrelladamm.es\/blog\/wp-content\/uploads\/2021\/06\/BLOG-128.jpg\",\"contentUrl\":\"https:\/\/padelestrelladamm.es\/blog\/wp-content\/uploads\/2021\/06\/BLOG-128.jpg\",\"width\":128,\"height\":26,\"caption\":\"Circuito de P\u00e1del Estrelladamm\"},\"image\":{\"@id\":\"https:\/\/padelestrelladamm.es\/blog\/#\/schema\/logo\/image\/\"}},{\"@type\":\"WebSite\",\"@id\":\"https:\/\/padelestrelladamm.es\/blog\/#website\",\"url\":\"https:\/\/padelestrelladamm.es\/blog\/\",\"name\":\"Blog de p\u00e1del - An\u00e1lisis, noticias y opini\u00f3n - Estrella Damm\",\"description\":\"Blog de p\u00e1del. Inf\u00f3rmate sobre la actualidad relacionada con el mundo del p\u00e1del. An\u00e1lisis y noticias, lo mejor en P\u00e1del Estrella Damm\",\"publisher\":{\"@id\":\"https:\/\/padelestrelladamm.es\/blog\/#organization\"},\"potentialAction\":[{\"@type\":\"SearchAction\",\"target\":{\"@type\":\"EntryPoint\",\"urlTemplate\":\"https:\/\/padelestrelladamm.es\/blog\/?s={search_term_string}\"},\"query-input\":\"required name=search_term_string\"}],\"inLanguage\":\"es\"},{\"@type\":\"WebPage\",\"@id\":\"https:\/\/padelestrelladamm.es\/blog\/victor-sanchez-vera\/\",\"url\":\"https:\/\/padelestrelladamm.es\/blog\/victor-sanchez-vera\/\",\"name\":\"50 finales federadas de primera de V\u00edctor S\u00e1nchez Vera\",\"isPartOf\":{\"@id\":\"https:\/\/padelestrelladamm.es\/blog\/#website\"},\"datePublished\":\"2024-06-18T15:46:24+00:00\",\"dateModified\":\"2024-06-18T15:46:24+00:00\",\"description\":\"V\u00edctor S\u00e1nchez Vera cumple 50 finales federadas en la primera categor\u00eda durante su participaci\u00f3n en el Circuito de P\u00e1del Estrella Damm.\",\"breadcrumb\":{\"@id\":\"https:\/\/padelestrelladamm.es\/blog\/victor-sanchez-vera\/#breadcrumb\"},\"inLanguage\":\"es\",\"potentialAction\":[{\"@type\":\"ReadAction\",\"target\":[\"https:\/\/padelestrelladamm.es\/blog\/victor-sanchez-vera\/\"]}]},{\"@type\":\"BreadcrumbList\",\"@id\":\"https:\/\/padelestrelladamm.es\/blog\/victor-sanchez-vera\/#breadcrumb\",\"itemListElement\":[{\"@type\":\"ListItem\",\"position\":1,\"name\":\"Inicio\",\"item\":\"https:\/\/padelestrelladamm.es\/blog\/\"},{\"@type\":\"ListItem\",\"position\":2,\"name\":\"V\u00edctor S\u00e1nchez Vera cumple 50 finales federadas en el torneo del Circuito de P\u00e1del Estrella Damm\"}]},{\"@type\":\"Article\",\"@id\":\"https:\/\/padelestrelladamm.es\/blog\/victor-sanchez-vera\/#article\",\"isPartOf\":{\"@id\":\"https:\/\/padelestrelladamm.es\/blog\/victor-sanchez-vera\/\"},\"author\":{\"name\":\"Redacci\u00f3n\",\"@id\":\"https:\/\/padelestrelladamm.es\/blog\/#\/schema\/person\/418380b12903f0d45c68a26eb53d71fd\"},\"headline\":\"V\u00edctor S\u00e1nchez Vera cumple 50 finales federadas en el torneo del Circuito de P\u00e1del Estrella Damm\",\"datePublished\":\"2024-06-18T15:46:24+00:00\",\"dateModified\":\"2024-06-18T15:46:24+00:00\",\"mainEntityOfPage\":{\"@id\":\"https:\/\/padelestrelladamm.es\/blog\/victor-sanchez-vera\/\"},\"wordCount\":607,\"publisher\":{\"@id\":\"https:\/\/padelestrelladamm.es\/blog\/#organization\"},\"articleSection\":[\"Cr\u00f3nicas\"],\"inLanguage\":\"es\"},{\"@type\":\"Person\",\"@id\":\"https:\/\/padelestrelladamm.es\/blog\/#\/schema\/person\/418380b12903f0d45c68a26eb53d71fd\",\"name\":\"Redacci\u00f3n\",\"image\":{\"@type\":\"ImageObject\",\"inLanguage\":\"es\",\"@id\":\"https:\/\/padelestrelladamm.es\/blog\/#\/schema\/person\/image\/\",\"url\":\"https:\/\/secure.gravatar.com\/avatar\/8de99d88dc171dfa4570a7b72f5fa083?s=96&d=mm&r=g\",\"contentUrl\":\"https:\/\/secure.gravatar.com\/avatar\/8de99d88dc171dfa4570a7b72f5fa083?s=96&d=mm&r=g\",\"caption\":\"Redacci\u00f3n\"},\"url\":\"https:\/\/padelestrelladamm.es\/blog\/author\/circuito\/\"}]}<\/script>\n<!-- \/ Yoast SEO plugin. -->","yoast_head_json":{"title":"50 finales federadas de primera de V\u00edctor S\u00e1nchez Vera","description":"V\u00edctor S\u00e1nchez Vera cumple 50 finales federadas en la primera categor\u00eda durante su participaci\u00f3n en el Circuito de P\u00e1del Estrella Damm.","robots":{"index":"index","follow":"follow","max-snippet":"max-snippet:-1","max-image-preview":"max-image-preview:large","max-video-preview":"max-video-preview:-1"},"canonical":"https:\/\/padelestrelladamm.es\/blog\/victor-sanchez-vera\/","og_locale":"es_ES","og_type":"article","og_title":"50 finales federadas de primera de V\u00edctor S\u00e1nchez Vera","og_description":"V\u00edctor S\u00e1nchez Vera cumple 50 finales federadas en la primera categor\u00eda durante su participaci\u00f3n en el Circuito de P\u00e1del Estrella Damm.","og_url":"https:\/\/padelestrelladamm.es\/blog\/victor-sanchez-vera\/","og_site_name":"Blog de p\u00e1del - An\u00e1lisis, noticias y opini\u00f3n - Estrella Damm","article_publisher":"https:\/\/www.facebook.com\/CircuitoDePadelEstrellaDamm","article_published_time":"2024-06-18T15:46:24+00:00","og_image":[{"width":2500,"height":830,"url":"https:\/\/padelestrelladamm.es\/blog\/wp-content\/uploads\/2024\/06\/victor-noticia-web.jpg","type":"image\/jpeg"}],"author":"Redacci\u00f3n","twitter_card":"summary_large_image","twitter_misc":{"Escrito por":"Redacci\u00f3n","Tiempo de lectura":"3 minutos"},"schema":{"@context":"https:\/\/schema.org","@graph":[{"@type":"Organization","@id":"https:\/\/padelestrelladamm.es\/blog\/#organization","name":"Circuito de P\u00e1del Estrelladamm","url":"https:\/\/padelestrelladamm.es\/blog\/","sameAs":["https:\/\/www.instagram.com\/circuitopadelestrelladamm","https:\/\/www.youtube.com\/user\/padelestrelladamm","https:\/\/www.facebook.com\/CircuitoDePadelEstrellaDamm"],"logo":{"@type":"ImageObject","inLanguage":"es","@id":"https:\/\/padelestrelladamm.es\/blog\/#\/schema\/logo\/image\/","url":"https:\/\/padelestrelladamm.es\/blog\/wp-content\/uploads\/2021\/06\/BLOG-128.jpg","contentUrl":"https:\/\/padelestrelladamm.es\/blog\/wp-content\/uploads\/2021\/06\/BLOG-128.jpg","width":128,"height":26,"caption":"Circuito de P\u00e1del Estrelladamm"},"image":{"@id":"https:\/\/padelestrelladamm.es\/blog\/#\/schema\/logo\/image\/"}},{"@type":"WebSite","@id":"https:\/\/padelestrelladamm.es\/blog\/#website","url":"https:\/\/padelestrelladamm.es\/blog\/","name":"Blog de p\u00e1del - An\u00e1lisis, noticias y opini\u00f3n - Estrella Damm","description":"Blog de p\u00e1del. Inf\u00f3rmate sobre la actualidad relacionada con el mundo del p\u00e1del. An\u00e1lisis y noticias, lo mejor en P\u00e1del Estrella Damm","publisher":{"@id":"https:\/\/padelestrelladamm.es\/blog\/#organization"},"potentialAction":[{"@type":"SearchAction","target":{"@type":"EntryPoint","urlTemplate":"https:\/\/padelestrelladamm.es\/blog\/?s={search_term_string}"},"query-input":"required name=search_term_string"}],"inLanguage":"es"},{"@type":"WebPage","@id":"https:\/\/padelestrelladamm.es\/blog\/victor-sanchez-vera\/","url":"https:\/\/padelestrelladamm.es\/blog\/victor-sanchez-vera\/","name":"50 finales federadas de primera de V\u00edctor S\u00e1nchez Vera","isPartOf":{"@id":"https:\/\/padelestrelladamm.es\/blog\/#website"},"datePublished":"2024-06-18T15:46:24+00:00","dateModified":"2024-06-18T15:46:24+00:00","description":"V\u00edctor S\u00e1nchez Vera cumple 50 finales federadas en la primera categor\u00eda durante su participaci\u00f3n en el Circuito de P\u00e1del Estrella Damm.","breadcrumb":{"@id":"https:\/\/padelestrelladamm.es\/blog\/victor-sanchez-vera\/#breadcrumb"},"inLanguage":"es","potentialAction":[{"@type":"ReadAction","target":["https:\/\/padelestrelladamm.es\/blog\/victor-sanchez-vera\/"]}]},{"@type":"BreadcrumbList","@id":"https:\/\/padelestrelladamm.es\/blog\/victor-sanchez-vera\/#breadcrumb","itemListElement":[{"@type":"ListItem","position":1,"name":"Inicio","item":"https:\/\/padelestrelladamm.es\/blog\/"},{"@type":"ListItem","position":2,"name":"V\u00edctor S\u00e1nchez Vera cumple 50 finales federadas en el torneo del Circuito de P\u00e1del Estrella Damm"}]},{"@type":"Article","@id":"https:\/\/padelestrelladamm.es\/blog\/victor-sanchez-vera\/#article","isPartOf":{"@id":"https:\/\/padelestrelladamm.es\/blog\/victor-sanchez-vera\/"},"author":{"name":"Redacci\u00f3n","@id":"https:\/\/padelestrelladamm.es\/blog\/#\/schema\/person\/418380b12903f0d45c68a26eb53d71fd"},"headline":"V\u00edctor S\u00e1nchez Vera cumple 50 finales federadas en el torneo del Circuito de P\u00e1del Estrella Damm","datePublished":"2024-06-18T15:46:24+00:00","dateModified":"2024-06-18T15:46:24+00:00","mainEntityOfPage":{"@id":"https:\/\/padelestrelladamm.es\/blog\/victor-sanchez-vera\/"},"wordCount":607,"publisher":{"@id":"https:\/\/padelestrelladamm.es\/blog\/#organization"},"articleSection":["Cr\u00f3nicas"],"inLanguage":"es"},{"@type":"Person","@id":"https:\/\/padelestrelladamm.es\/blog\/#\/schema\/person\/418380b12903f0d45c68a26eb53d71fd","name":"Redacci\u00f3n","image":{"@type":"ImageObject","inLanguage":"es","@id":"https:\/\/padelestrelladamm.es\/blog\/#\/schema\/person\/image\/","url":"https:\/\/secure.gravatar.com\/avatar\/8de99d88dc171dfa4570a7b72f5fa083?s=96&d=mm&r=g","contentUrl":"https:\/\/secure.gravatar.com\/avatar\/8de99d88dc171dfa4570a7b72f5fa083?s=96&d=mm&r=g","caption":"Redacci\u00f3n"},"url":"https:\/\/padelestrelladamm.es\/blog\/author\/circuito\/"}]}},"_links":{"self":[{"href":"https:\/\/padelestrelladamm.es\/blog\/wp-json\/wp\/v2\/posts\/1485"}],"collection":[{"href":"https:\/\/padelestrelladamm.es\/blog\/wp-json\/wp\/v2\/posts"}],"about":[{"href":"https:\/\/padelestrelladamm.es\/blog\/wp-json\/wp\/v2\/types\/post"}],"author":[{"embeddable":true,"href":"https:\/\/padelestrelladamm.es\/blog\/wp-json\/wp\/v2\/users\/4"}],"replies":[{"embeddable":true,"href":"https:\/\/padelestrelladamm.es\/blog\/wp-json\/wp\/v2\/comments?post=1485"}],"version-history":[{"count":1,"href":"https:\/\/padelestrelladamm.es\/blog\/wp-json\/wp\/v2\/posts\/1485\/revisions"}],"predecessor-version":[{"id":1487,"href":"https:\/\/padelestrelladamm.es\/blog\/wp-json\/wp\/v2\/posts\/1485\/revisions\/1487"}],"wp:featuredmedia":[{"embeddable":true,"href":"https:\/\/padelestrelladamm.es\/blog\/wp-json\/wp\/v2\/media\/1486"}],"wp:attachment":[{"href":"https:\/\/padelestrelladamm.es\/blog\/wp-json\/wp\/v2\/media?parent=1485"}],"wp:term":[{"taxonomy":"category","embeddable":true,"href":"https:\/\/padelestrelladamm.es\/blog\/wp-json\/wp\/v2\/categories?post=1485"},{"taxonomy":"post_tag","embeddable":true,"href":"https:\/\/padelestrelladamm.es\/blog\/wp-json\/wp\/v2\/tags?post=1485"}],"curies":[{"name":"wp","href":"https:\/\/api.w.org\/{rel}","templated":true}]}}