{"id":1767,"date":"2026-03-17T11:56:30","date_gmt":"2026-03-17T10:56:30","guid":{"rendered":"https:\/\/padelestrelladamm.es\/blog\/?p=1767"},"modified":"2026-03-17T11:56:31","modified_gmt":"2026-03-17T10:56:31","slug":"fin-semana-circuito-padel-estrella-damm-moraleja","status":"publish","type":"post","link":"https:\/\/padelestrelladamm.es\/blog\/fin-semana-circuito-padel-estrella-damm-moraleja\/","title":{"rendered":"Ni el viento ni el fr\u00edo impiden otro gran fin de semana del Circuito de P\u00e1del Estrella Damm en La Moraleja Club de P\u00e1del"},"content":{"rendered":"\n<p>Los torneos celebrados los d\u00edas 14 (bajo) y 15 de marzo (medio-alto y avanzado) en <strong>La Moraleja Club de P\u00e1del<\/strong> volvieron a confirmar el gran momento que vive el <strong>Circuito de P\u00e1del <a href=\"https:\/\/www.estrelladamm.com\/es\">Estrella Damm<\/a><\/strong>. Entre ambas jornadas jugaron m\u00e1s de 200 personas participantes, que respondieron una vez m\u00e1s con ganas de competir, disfrutar y seguir haciendo del circuito un punto de encuentro imprescindible para los aficionados al p\u00e1del.<\/p>\n\n\n\n<p>Ni el fr\u00edo, que sigue empe\u00f1ado en acompa\u00f1arnos, ni el viento pudieron restar protagonismo a lo verdaderamente importante: el juego y el ambiente. Durante todo el fin de semana se vio muy buen p\u00e1del en pista, con partidos intensos y un nivel muy competitivo, en un torneo que volvi\u00f3 a dejar grandes momentos dentro y fuera de la cancha.<\/p>\n\n\n\n<figure class=\"wp-block-image size-large\"><img loading=\"lazy\" width=\"1024\" height=\"683\" src=\"https:\/\/padelestrelladamm.es\/blog\/wp-content\/uploads\/2026\/03\/2026-03-14-MORALEJA-Express-252-1024x683.jpg\" alt=\"\" class=\"wp-image-1769\" srcset=\"https:\/\/padelestrelladamm.es\/blog\/wp-content\/uploads\/2026\/03\/2026-03-14-MORALEJA-Express-252-1024x683.jpg 1024w, https:\/\/padelestrelladamm.es\/blog\/wp-content\/uploads\/2026\/03\/2026-03-14-MORALEJA-Express-252-300x200.jpg 300w, https:\/\/padelestrelladamm.es\/blog\/wp-content\/uploads\/2026\/03\/2026-03-14-MORALEJA-Express-252-768x512.jpg 768w, https:\/\/padelestrelladamm.es\/blog\/wp-content\/uploads\/2026\/03\/2026-03-14-MORALEJA-Express-252-1536x1024.jpg 1536w, https:\/\/padelestrelladamm.es\/blog\/wp-content\/uploads\/2026\/03\/2026-03-14-MORALEJA-Express-252-2048x1366.jpg 2048w, https:\/\/padelestrelladamm.es\/blog\/wp-content\/uploads\/2026\/03\/2026-03-14-MORALEJA-Express-252-370x247.jpg 370w, https:\/\/padelestrelladamm.es\/blog\/wp-content\/uploads\/2026\/03\/2026-03-14-MORALEJA-Express-252-270x180.jpg 270w, https:\/\/padelestrelladamm.es\/blog\/wp-content\/uploads\/2026\/03\/2026-03-14-MORALEJA-Express-252-570x380.jpg 570w, https:\/\/padelestrelladamm.es\/blog\/wp-content\/uploads\/2026\/03\/2026-03-14-MORALEJA-Express-252-600x400.jpg 600w, https:\/\/padelestrelladamm.es\/blog\/wp-content\/uploads\/2026\/03\/2026-03-14-MORALEJA-Express-252-740x493.jpg 740w\" sizes=\"(max-width: 1024px) 100vw, 1024px\" \/><\/figure>\n\n\n\n<p>El ambiente fue tan envidiable como siempre. La carpa de Estrella Damm volvi\u00f3 a ser uno de los grandes puntos de encuentro del torneo, con jugadores y acompa\u00f1antes disfrutando hasta el final de cada jornada y contribuyendo a esa atm\u00f3sfera tan especial que caracteriza a nuestro circuito en cada cita.<\/p>\n\n\n\n<p>Desde aqu\u00ed queremos agradecer a La Moraleja Club de P\u00e1del su predisposici\u00f3n, cercan\u00eda y colaboraci\u00f3n para que todo saliera a la perfecci\u00f3n. Tambi\u00e9n a nuestros patrocinadores, cuyo apoyo sigue siendo fundamental para que el Circuito de P\u00e1del Estrella Damm pueda seguir creciendo y ofreciendo a sus participantes una experiencia cada vez m\u00e1s completa.<\/p>\n\n\n\n<figure class=\"wp-block-image size-large\"><img loading=\"lazy\" width=\"1024\" height=\"683\" src=\"https:\/\/padelestrelladamm.es\/blog\/wp-content\/uploads\/2026\/03\/2026-03-14-MORALEJA-Express-173-1024x683.jpg\" alt=\"\" class=\"wp-image-1770\" srcset=\"https:\/\/padelestrelladamm.es\/blog\/wp-content\/uploads\/2026\/03\/2026-03-14-MORALEJA-Express-173-1024x683.jpg 1024w, https:\/\/padelestrelladamm.es\/blog\/wp-content\/uploads\/2026\/03\/2026-03-14-MORALEJA-Express-173-300x200.jpg 300w, https:\/\/padelestrelladamm.es\/blog\/wp-content\/uploads\/2026\/03\/2026-03-14-MORALEJA-Express-173-768x512.jpg 768w, https:\/\/padelestrelladamm.es\/blog\/wp-content\/uploads\/2026\/03\/2026-03-14-MORALEJA-Express-173-1536x1024.jpg 1536w, https:\/\/padelestrelladamm.es\/blog\/wp-content\/uploads\/2026\/03\/2026-03-14-MORALEJA-Express-173-2048x1366.jpg 2048w, https:\/\/padelestrelladamm.es\/blog\/wp-content\/uploads\/2026\/03\/2026-03-14-MORALEJA-Express-173-370x247.jpg 370w, https:\/\/padelestrelladamm.es\/blog\/wp-content\/uploads\/2026\/03\/2026-03-14-MORALEJA-Express-173-270x180.jpg 270w, https:\/\/padelestrelladamm.es\/blog\/wp-content\/uploads\/2026\/03\/2026-03-14-MORALEJA-Express-173-570x380.jpg 570w, https:\/\/padelestrelladamm.es\/blog\/wp-content\/uploads\/2026\/03\/2026-03-14-MORALEJA-Express-173-600x400.jpg 600w, https:\/\/padelestrelladamm.es\/blog\/wp-content\/uploads\/2026\/03\/2026-03-14-MORALEJA-Express-173-740x493.jpg 740w\" sizes=\"(max-width: 1024px) 100vw, 1024px\" \/><\/figure>\n\n\n\n<p>En esta ocasi\u00f3n volvieron a destacar las dos palas <strong><a href=\"https:\/\/starvie.com\/\">Starvie <\/a><\/strong>repartidas en los sorteos, uno de los premios m\u00e1s esperados del fin de semana, junto a las entradas dobles para el <strong><a href=\"https:\/\/mutuamadridopen.com\/\">Mutua Madrid Open<\/a><\/strong>, que se entregaron tanto en los sorteos como a los ganadores. Adem\u00e1s, los participantes pudieron volver a disfrutar de las cervezas Bohemia Reserva 150, conmemorativas del 150 aniversario de Damm, y se llevaron tambi\u00e9n una botella de Nestea sabor pi\u00f1a y mango.<\/p>\n\n\n\n<p>Ahora, con la vista puesta en las pr\u00f3ximas semanas, os deseamos a todos una feliz Semana Santa. Nosotros ya seguimos trabajando en la pr\u00f3xima gran cita del circuito: <strong>el torneo ben\u00e9fico 1001 Esperanzas, que se celebrar\u00e1 el 19 de abril en la CD Jarama<\/strong> y en el que todo lo recaudado ir\u00e1 destinado a la Fundaci\u00f3n 1001 Esperanzas, que ayuda a ni\u00f1os que reciben tratamiento oncol\u00f3gico en el Hospital HM Montepr\u00edncipe y a sus familias. <strong>El 24 de marzo abrimos las inscripciones. \u00a1<\/strong>Ap\u00fantatelo que vuelan!<\/p>\n","protected":false},"excerpt":{"rendered":"<p>Los torneos celebrados los d\u00edas 14 (bajo) y 15 de marzo (medio-alto y avanzado) en La Moraleja Club de P\u00e1del volvieron a confirmar el gran momento que vive el Circuito de P\u00e1del Estrella Damm. Entre ambas jornadas jugaron m\u00e1s de 200 personas participantes, que respondieron una vez m\u00e1s con ganas de competir, disfrutar y seguir [&hellip;]<\/p>\n","protected":false},"author":4,"featured_media":1768,"comment_status":"open","ping_status":"open","sticky":false,"template":"","format":"standard","meta":[],"categories":[7],"tags":[13,19,20,32],"yoast_head":"<!-- This site is optimized with the Yoast SEO plugin v19.4 - https:\/\/yoast.com\/wordpress\/plugins\/seo\/ -->\n<title>Ni el viento ni el fr\u00edo impiden otro gran fin de semana del Circuito de P\u00e1del Estrella Damm en La Moraleja Club de P\u00e1del Otro \u00e9xito del Circuito de P\u00e1del Estrella Damm en La Moraleja<\/title>\n<meta name=\"description\" content=\"M\u00e1s de 200 jugadores se dieron cita en La Moraleja Club de P\u00e1del a pesar del viento y el fr\u00edo en otras dos jornadas redondas el circuito.\" \/>\n<meta name=\"robots\" content=\"index, follow, max-snippet:-1, max-image-preview:large, max-video-preview:-1\" \/>\n<link rel=\"canonical\" href=\"https:\/\/padelestrelladamm.es\/blog\/fin-semana-circuito-padel-estrella-damm-moraleja\/\" \/>\n<meta property=\"og:locale\" content=\"es_ES\" \/>\n<meta property=\"og:type\" content=\"article\" \/>\n<meta property=\"og:title\" content=\"Ni el viento ni el fr\u00edo impiden otro gran fin de semana del Circuito de P\u00e1del Estrella Damm en La Moraleja Club de P\u00e1del Otro \u00e9xito del Circuito de P\u00e1del Estrella Damm en La Moraleja\" \/>\n<meta property=\"og:description\" content=\"M\u00e1s de 200 jugadores se dieron cita en La Moraleja Club de P\u00e1del a pesar del viento y el fr\u00edo en otras dos jornadas redondas el circuito.\" \/>\n<meta property=\"og:url\" content=\"https:\/\/padelestrelladamm.es\/blog\/fin-semana-circuito-padel-estrella-damm-moraleja\/\" \/>\n<meta property=\"og:site_name\" content=\"Blog de p\u00e1del - An\u00e1lisis, noticias y opini\u00f3n - Estrella Damm\" \/>\n<meta property=\"article:publisher\" content=\"https:\/\/www.facebook.com\/CircuitoDePadelEstrellaDamm\" \/>\n<meta property=\"article:published_time\" content=\"2026-03-17T10:56:30+00:00\" \/>\n<meta property=\"article:modified_time\" content=\"2026-03-17T10:56:31+00:00\" \/>\n<meta property=\"og:image\" content=\"https:\/\/padelestrelladamm.es\/blog\/wp-content\/uploads\/2026\/03\/Diseno-sin-titulo-7-1.png\" \/>\n\t<meta property=\"og:image:width\" content=\"1200\" \/>\n\t<meta property=\"og:image:height\" content=\"398\" \/>\n\t<meta property=\"og:image:type\" content=\"image\/png\" \/>\n<meta name=\"author\" content=\"Redacci\u00f3n\" \/>\n<meta name=\"twitter:card\" content=\"summary_large_image\" \/>\n<meta name=\"twitter:label1\" content=\"Escrito por\" \/>\n\t<meta name=\"twitter:data1\" content=\"Redacci\u00f3n\" \/>\n\t<meta name=\"twitter:label2\" content=\"Tiempo de lectura\" \/>\n\t<meta name=\"twitter:data2\" content=\"2 minutos\" \/>\n<script type=\"application\/ld+json\" class=\"yoast-schema-graph\">{\"@context\":\"https:\/\/schema.org\",\"@graph\":[{\"@type\":\"Organization\",\"@id\":\"https:\/\/padelestrelladamm.es\/blog\/#organization\",\"name\":\"Circuito de P\u00e1del Estrelladamm\",\"url\":\"https:\/\/padelestrelladamm.es\/blog\/\",\"sameAs\":[\"https:\/\/www.instagram.com\/circuitopadelestrelladamm\",\"https:\/\/www.youtube.com\/user\/padelestrelladamm\",\"https:\/\/www.facebook.com\/CircuitoDePadelEstrellaDamm\"],\"logo\":{\"@type\":\"ImageObject\",\"inLanguage\":\"es\",\"@id\":\"https:\/\/padelestrelladamm.es\/blog\/#\/schema\/logo\/image\/\",\"url\":\"https:\/\/padelestrelladamm.es\/blog\/wp-content\/uploads\/2021\/06\/BLOG-128.jpg\",\"contentUrl\":\"https:\/\/padelestrelladamm.es\/blog\/wp-content\/uploads\/2021\/06\/BLOG-128.jpg\",\"width\":128,\"height\":26,\"caption\":\"Circuito de P\u00e1del Estrelladamm\"},\"image\":{\"@id\":\"https:\/\/padelestrelladamm.es\/blog\/#\/schema\/logo\/image\/\"}},{\"@type\":\"WebSite\",\"@id\":\"https:\/\/padelestrelladamm.es\/blog\/#website\",\"url\":\"https:\/\/padelestrelladamm.es\/blog\/\",\"name\":\"Blog de p\u00e1del - An\u00e1lisis, noticias y opini\u00f3n - Estrella Damm\",\"description\":\"Blog de p\u00e1del. Inf\u00f3rmate sobre la actualidad relacionada con el mundo del p\u00e1del. An\u00e1lisis y noticias, lo mejor en P\u00e1del Estrella Damm\",\"publisher\":{\"@id\":\"https:\/\/padelestrelladamm.es\/blog\/#organization\"},\"potentialAction\":[{\"@type\":\"SearchAction\",\"target\":{\"@type\":\"EntryPoint\",\"urlTemplate\":\"https:\/\/padelestrelladamm.es\/blog\/?s={search_term_string}\"},\"query-input\":\"required name=search_term_string\"}],\"inLanguage\":\"es\"},{\"@type\":\"WebPage\",\"@id\":\"https:\/\/padelestrelladamm.es\/blog\/fin-semana-circuito-padel-estrella-damm-moraleja\/\",\"url\":\"https:\/\/padelestrelladamm.es\/blog\/fin-semana-circuito-padel-estrella-damm-moraleja\/\",\"name\":\"Ni el viento ni el fr\u00edo impiden otro gran fin de semana del Circuito de P\u00e1del Estrella Damm en La Moraleja Club de P\u00e1del Otro \u00e9xito del Circuito de P\u00e1del Estrella Damm en La Moraleja\",\"isPartOf\":{\"@id\":\"https:\/\/padelestrelladamm.es\/blog\/#website\"},\"datePublished\":\"2026-03-17T10:56:30+00:00\",\"dateModified\":\"2026-03-17T10:56:31+00:00\",\"description\":\"M\u00e1s de 200 jugadores se dieron cita en La Moraleja Club de P\u00e1del a pesar del viento y el fr\u00edo en otras dos jornadas redondas el circuito.\",\"breadcrumb\":{\"@id\":\"https:\/\/padelestrelladamm.es\/blog\/fin-semana-circuito-padel-estrella-damm-moraleja\/#breadcrumb\"},\"inLanguage\":\"es\",\"potentialAction\":[{\"@type\":\"ReadAction\",\"target\":[\"https:\/\/padelestrelladamm.es\/blog\/fin-semana-circuito-padel-estrella-damm-moraleja\/\"]}]},{\"@type\":\"BreadcrumbList\",\"@id\":\"https:\/\/padelestrelladamm.es\/blog\/fin-semana-circuito-padel-estrella-damm-moraleja\/#breadcrumb\",\"itemListElement\":[{\"@type\":\"ListItem\",\"position\":1,\"name\":\"Inicio\",\"item\":\"https:\/\/padelestrelladamm.es\/blog\/\"},{\"@type\":\"ListItem\",\"position\":2,\"name\":\"Ni el viento ni el fr\u00edo impiden otro gran fin de semana del Circuito de P\u00e1del Estrella Damm en La Moraleja Club de P\u00e1del\"}]},{\"@type\":\"Article\",\"@id\":\"https:\/\/padelestrelladamm.es\/blog\/fin-semana-circuito-padel-estrella-damm-moraleja\/#article\",\"isPartOf\":{\"@id\":\"https:\/\/padelestrelladamm.es\/blog\/fin-semana-circuito-padel-estrella-damm-moraleja\/\"},\"author\":{\"name\":\"Redacci\u00f3n\",\"@id\":\"https:\/\/padelestrelladamm.es\/blog\/#\/schema\/person\/418380b12903f0d45c68a26eb53d71fd\"},\"headline\":\"Ni el viento ni el fr\u00edo impiden otro gran fin de semana del Circuito de P\u00e1del Estrella Damm en La Moraleja Club de P\u00e1del\",\"datePublished\":\"2026-03-17T10:56:30+00:00\",\"dateModified\":\"2026-03-17T10:56:31+00:00\",\"mainEntityOfPage\":{\"@id\":\"https:\/\/padelestrelladamm.es\/blog\/fin-semana-circuito-padel-estrella-damm-moraleja\/\"},\"wordCount\":442,\"commentCount\":0,\"publisher\":{\"@id\":\"https:\/\/padelestrelladamm.es\/blog\/#organization\"},\"keywords\":[\"circuito\",\"Circuito de P\u00e1del Estrella Damm\",\"Estrella Damm\",\"la moraleja club de padel\"],\"articleSection\":[\"Cr\u00f3nicas\"],\"inLanguage\":\"es\",\"potentialAction\":[{\"@type\":\"CommentAction\",\"name\":\"Comment\",\"target\":[\"https:\/\/padelestrelladamm.es\/blog\/fin-semana-circuito-padel-estrella-damm-moraleja\/#respond\"]}]},{\"@type\":\"Person\",\"@id\":\"https:\/\/padelestrelladamm.es\/blog\/#\/schema\/person\/418380b12903f0d45c68a26eb53d71fd\",\"name\":\"Redacci\u00f3n\",\"image\":{\"@type\":\"ImageObject\",\"inLanguage\":\"es\",\"@id\":\"https:\/\/padelestrelladamm.es\/blog\/#\/schema\/person\/image\/\",\"url\":\"https:\/\/secure.gravatar.com\/avatar\/8de99d88dc171dfa4570a7b72f5fa083?s=96&d=mm&r=g\",\"contentUrl\":\"https:\/\/secure.gravatar.com\/avatar\/8de99d88dc171dfa4570a7b72f5fa083?s=96&d=mm&r=g\",\"caption\":\"Redacci\u00f3n\"},\"url\":\"https:\/\/padelestrelladamm.es\/blog\/author\/circuito\/\"}]}<\/script>\n<!-- \/ Yoast SEO plugin. -->","yoast_head_json":{"title":"Ni el viento ni el fr\u00edo impiden otro gran fin de semana del Circuito de P\u00e1del Estrella Damm en La Moraleja Club de P\u00e1del Otro \u00e9xito del Circuito de P\u00e1del Estrella Damm en La Moraleja","description":"M\u00e1s de 200 jugadores se dieron cita en La Moraleja Club de P\u00e1del a pesar del viento y el fr\u00edo en otras dos jornadas redondas el circuito.","robots":{"index":"index","follow":"follow","max-snippet":"max-snippet:-1","max-image-preview":"max-image-preview:large","max-video-preview":"max-video-preview:-1"},"canonical":"https:\/\/padelestrelladamm.es\/blog\/fin-semana-circuito-padel-estrella-damm-moraleja\/","og_locale":"es_ES","og_type":"article","og_title":"Ni el viento ni el fr\u00edo impiden otro gran fin de semana del Circuito de P\u00e1del Estrella Damm en La Moraleja Club de P\u00e1del Otro \u00e9xito del Circuito de P\u00e1del Estrella Damm en La Moraleja","og_description":"M\u00e1s de 200 jugadores se dieron cita en La Moraleja Club de P\u00e1del a pesar del viento y el fr\u00edo en otras dos jornadas redondas el circuito.","og_url":"https:\/\/padelestrelladamm.es\/blog\/fin-semana-circuito-padel-estrella-damm-moraleja\/","og_site_name":"Blog de p\u00e1del - An\u00e1lisis, noticias y opini\u00f3n - Estrella Damm","article_publisher":"https:\/\/www.facebook.com\/CircuitoDePadelEstrellaDamm","article_published_time":"2026-03-17T10:56:30+00:00","article_modified_time":"2026-03-17T10:56:31+00:00","og_image":[{"width":1200,"height":398,"url":"https:\/\/padelestrelladamm.es\/blog\/wp-content\/uploads\/2026\/03\/Diseno-sin-titulo-7-1.png","type":"image\/png"}],"author":"Redacci\u00f3n","twitter_card":"summary_large_image","twitter_misc":{"Escrito por":"Redacci\u00f3n","Tiempo de lectura":"2 minutos"},"schema":{"@context":"https:\/\/schema.org","@graph":[{"@type":"Organization","@id":"https:\/\/padelestrelladamm.es\/blog\/#organization","name":"Circuito de P\u00e1del Estrelladamm","url":"https:\/\/padelestrelladamm.es\/blog\/","sameAs":["https:\/\/www.instagram.com\/circuitopadelestrelladamm","https:\/\/www.youtube.com\/user\/padelestrelladamm","https:\/\/www.facebook.com\/CircuitoDePadelEstrellaDamm"],"logo":{"@type":"ImageObject","inLanguage":"es","@id":"https:\/\/padelestrelladamm.es\/blog\/#\/schema\/logo\/image\/","url":"https:\/\/padelestrelladamm.es\/blog\/wp-content\/uploads\/2021\/06\/BLOG-128.jpg","contentUrl":"https:\/\/padelestrelladamm.es\/blog\/wp-content\/uploads\/2021\/06\/BLOG-128.jpg","width":128,"height":26,"caption":"Circuito de P\u00e1del Estrelladamm"},"image":{"@id":"https:\/\/padelestrelladamm.es\/blog\/#\/schema\/logo\/image\/"}},{"@type":"WebSite","@id":"https:\/\/padelestrelladamm.es\/blog\/#website","url":"https:\/\/padelestrelladamm.es\/blog\/","name":"Blog de p\u00e1del - An\u00e1lisis, noticias y opini\u00f3n - Estrella Damm","description":"Blog de p\u00e1del. Inf\u00f3rmate sobre la actualidad relacionada con el mundo del p\u00e1del. An\u00e1lisis y noticias, lo mejor en P\u00e1del Estrella Damm","publisher":{"@id":"https:\/\/padelestrelladamm.es\/blog\/#organization"},"potentialAction":[{"@type":"SearchAction","target":{"@type":"EntryPoint","urlTemplate":"https:\/\/padelestrelladamm.es\/blog\/?s={search_term_string}"},"query-input":"required name=search_term_string"}],"inLanguage":"es"},{"@type":"WebPage","@id":"https:\/\/padelestrelladamm.es\/blog\/fin-semana-circuito-padel-estrella-damm-moraleja\/","url":"https:\/\/padelestrelladamm.es\/blog\/fin-semana-circuito-padel-estrella-damm-moraleja\/","name":"Ni el viento ni el fr\u00edo impiden otro gran fin de semana del Circuito de P\u00e1del Estrella Damm en La Moraleja Club de P\u00e1del Otro \u00e9xito del Circuito de P\u00e1del Estrella Damm en La Moraleja","isPartOf":{"@id":"https:\/\/padelestrelladamm.es\/blog\/#website"},"datePublished":"2026-03-17T10:56:30+00:00","dateModified":"2026-03-17T10:56:31+00:00","description":"M\u00e1s de 200 jugadores se dieron cita en La Moraleja Club de P\u00e1del a pesar del viento y el fr\u00edo en otras dos jornadas redondas el circuito.","breadcrumb":{"@id":"https:\/\/padelestrelladamm.es\/blog\/fin-semana-circuito-padel-estrella-damm-moraleja\/#breadcrumb"},"inLanguage":"es","potentialAction":[{"@type":"ReadAction","target":["https:\/\/padelestrelladamm.es\/blog\/fin-semana-circuito-padel-estrella-damm-moraleja\/"]}]},{"@type":"BreadcrumbList","@id":"https:\/\/padelestrelladamm.es\/blog\/fin-semana-circuito-padel-estrella-damm-moraleja\/#breadcrumb","itemListElement":[{"@type":"ListItem","position":1,"name":"Inicio","item":"https:\/\/padelestrelladamm.es\/blog\/"},{"@type":"ListItem","position":2,"name":"Ni el viento ni el fr\u00edo impiden otro gran fin de semana del Circuito de P\u00e1del Estrella Damm en La Moraleja Club de P\u00e1del"}]},{"@type":"Article","@id":"https:\/\/padelestrelladamm.es\/blog\/fin-semana-circuito-padel-estrella-damm-moraleja\/#article","isPartOf":{"@id":"https:\/\/padelestrelladamm.es\/blog\/fin-semana-circuito-padel-estrella-damm-moraleja\/"},"author":{"name":"Redacci\u00f3n","@id":"https:\/\/padelestrelladamm.es\/blog\/#\/schema\/person\/418380b12903f0d45c68a26eb53d71fd"},"headline":"Ni el viento ni el fr\u00edo impiden otro gran fin de semana del Circuito de P\u00e1del Estrella Damm en La Moraleja Club de P\u00e1del","datePublished":"2026-03-17T10:56:30+00:00","dateModified":"2026-03-17T10:56:31+00:00","mainEntityOfPage":{"@id":"https:\/\/padelestrelladamm.es\/blog\/fin-semana-circuito-padel-estrella-damm-moraleja\/"},"wordCount":442,"commentCount":0,"publisher":{"@id":"https:\/\/padelestrelladamm.es\/blog\/#organization"},"keywords":["circuito","Circuito de P\u00e1del Estrella Damm","Estrella Damm","la moraleja club de padel"],"articleSection":["Cr\u00f3nicas"],"inLanguage":"es","potentialAction":[{"@type":"CommentAction","name":"Comment","target":["https:\/\/padelestrelladamm.es\/blog\/fin-semana-circuito-padel-estrella-damm-moraleja\/#respond"]}]},{"@type":"Person","@id":"https:\/\/padelestrelladamm.es\/blog\/#\/schema\/person\/418380b12903f0d45c68a26eb53d71fd","name":"Redacci\u00f3n","image":{"@type":"ImageObject","inLanguage":"es","@id":"https:\/\/padelestrelladamm.es\/blog\/#\/schema\/person\/image\/","url":"https:\/\/secure.gravatar.com\/avatar\/8de99d88dc171dfa4570a7b72f5fa083?s=96&d=mm&r=g","contentUrl":"https:\/\/secure.gravatar.com\/avatar\/8de99d88dc171dfa4570a7b72f5fa083?s=96&d=mm&r=g","caption":"Redacci\u00f3n"},"url":"https:\/\/padelestrelladamm.es\/blog\/author\/circuito\/"}]}},"_links":{"self":[{"href":"https:\/\/padelestrelladamm.es\/blog\/wp-json\/wp\/v2\/posts\/1767"}],"collection":[{"href":"https:\/\/padelestrelladamm.es\/blog\/wp-json\/wp\/v2\/posts"}],"about":[{"href":"https:\/\/padelestrelladamm.es\/blog\/wp-json\/wp\/v2\/types\/post"}],"author":[{"embeddable":true,"href":"https:\/\/padelestrelladamm.es\/blog\/wp-json\/wp\/v2\/users\/4"}],"replies":[{"embeddable":true,"href":"https:\/\/padelestrelladamm.es\/blog\/wp-json\/wp\/v2\/comments?post=1767"}],"version-history":[{"count":2,"href":"https:\/\/padelestrelladamm.es\/blog\/wp-json\/wp\/v2\/posts\/1767\/revisions"}],"predecessor-version":[{"id":1772,"href":"https:\/\/padelestrelladamm.es\/blog\/wp-json\/wp\/v2\/posts\/1767\/revisions\/1772"}],"wp:featuredmedia":[{"embeddable":true,"href":"https:\/\/padelestrelladamm.es\/blog\/wp-json\/wp\/v2\/media\/1768"}],"wp:attachment":[{"href":"https:\/\/padelestrelladamm.es\/blog\/wp-json\/wp\/v2\/media?parent=1767"}],"wp:term":[{"taxonomy":"category","embeddable":true,"href":"https:\/\/padelestrelladamm.es\/blog\/wp-json\/wp\/v2\/categories?post=1767"},{"taxonomy":"post_tag","embeddable":true,"href":"https:\/\/padelestrelladamm.es\/blog\/wp-json\/wp\/v2\/tags?post=1767"}],"curies":[{"name":"wp","href":"https:\/\/api.w.org\/{rel}","templated":true}]}}