{"id":1844,"date":"2026-04-28T11:11:12","date_gmt":"2026-04-28T09:11:12","guid":{"rendered":"https:\/\/padelestrelladamm.es\/blog\/?p=1844"},"modified":"2026-04-28T11:11:13","modified_gmt":"2026-04-28T09:11:13","slug":"circuito-padel-estrella-damm-cierra-abril-tard-padel-jarama","status":"publish","type":"post","link":"https:\/\/padelestrelladamm.es\/blog\/circuito-padel-estrella-damm-cierra-abril-tard-padel-jarama\/","title":{"rendered":"El Circuito de P\u00e1del Estrella Damm cierra abril con una gran tarde de p\u00e1del en CD Jarama"},"content":{"rendered":"\n<p>El <strong>Circuito de P\u00e1del <a href=\"https:\/\/padelestrelladamm.es\/\">Estrella Damm<\/a><\/strong> volvi\u00f3 a reunir a su comunidad el pasado 26 de abril en CD Jarama, donde se celebr\u00f3 un nuevo torneo expres con <strong>142 jugadores y m\u00e1s de 200 personas<\/strong> que pasaron por la carpa Estrella Damm a lo largo de la tarde. Fue una jornada marcada por el p\u00e1del, el ambiente y tambi\u00e9n por un invitado inesperado: el polen, que invadi\u00f3 el club durante buena parte del torneo. Nada que no pudieran superar los jugadores, que dejaron grandes partidos y mucha competitividad en las diferentes categor\u00edas.<\/p>\n\n\n\n<figure class=\"wp-block-image size-large\"><img loading=\"lazy\" width=\"1024\" height=\"683\" src=\"https:\/\/padelestrelladamm.es\/blog\/wp-content\/uploads\/2026\/04\/2026-04-27-Jarama-Express-34-1024x683.jpg\" alt=\"\" class=\"wp-image-1848\" srcset=\"https:\/\/padelestrelladamm.es\/blog\/wp-content\/uploads\/2026\/04\/2026-04-27-Jarama-Express-34-1024x683.jpg 1024w, https:\/\/padelestrelladamm.es\/blog\/wp-content\/uploads\/2026\/04\/2026-04-27-Jarama-Express-34-300x200.jpg 300w, https:\/\/padelestrelladamm.es\/blog\/wp-content\/uploads\/2026\/04\/2026-04-27-Jarama-Express-34-768x512.jpg 768w, https:\/\/padelestrelladamm.es\/blog\/wp-content\/uploads\/2026\/04\/2026-04-27-Jarama-Express-34-1536x1024.jpg 1536w, https:\/\/padelestrelladamm.es\/blog\/wp-content\/uploads\/2026\/04\/2026-04-27-Jarama-Express-34-2048x1366.jpg 2048w, https:\/\/padelestrelladamm.es\/blog\/wp-content\/uploads\/2026\/04\/2026-04-27-Jarama-Express-34-370x247.jpg 370w, https:\/\/padelestrelladamm.es\/blog\/wp-content\/uploads\/2026\/04\/2026-04-27-Jarama-Express-34-270x180.jpg 270w, https:\/\/padelestrelladamm.es\/blog\/wp-content\/uploads\/2026\/04\/2026-04-27-Jarama-Express-34-570x380.jpg 570w, https:\/\/padelestrelladamm.es\/blog\/wp-content\/uploads\/2026\/04\/2026-04-27-Jarama-Express-34-600x400.jpg 600w, https:\/\/padelestrelladamm.es\/blog\/wp-content\/uploads\/2026\/04\/2026-04-27-Jarama-Express-34-740x493.jpg 740w\" sizes=\"(max-width: 1024px) 100vw, 1024px\" \/><\/figure>\n\n\n\n<p>El torneo tambi\u00e9n sirvi\u00f3 para entregar las \u00faltimas entradas para e<strong>l Mutua Madrid Open<\/strong>, que se est\u00e1 disputando actualmente en la Caja M\u00e1gica. Con ellas, el Circuito de P\u00e1del Estrella Damm ha repartido este a\u00f1o un total de <a href=\"https:\/\/padelestrelladamm.es\/blog\/entradas-mutua-madrid-open-circuito-padel-estrella-damm\/\">160 entradas entre sus participantes<\/a>, tanto para campeones como a trav\u00e9s de los diferentes sorteos celebrados durante los torneos.<\/p>\n\n\n\n<p>Una de las grandes novedades de la jornada fue la aparici\u00f3n de <strong>BE-KIND<\/strong>, nuevo socio del Circuito, que se incorpor\u00f3 al welcome pack de los jugadores con sus barritas nutritivas en dos sabores: frutos secos con chocolate y sal marina y almendras caramelizadas y sal marina. Una sorpresa muy bien recibida por los participantes y que refuerza la experiencia del jugador.<\/p>\n\n\n\n<figure class=\"wp-block-image size-large\"><img loading=\"lazy\" width=\"1024\" height=\"683\" src=\"https:\/\/padelestrelladamm.es\/blog\/wp-content\/uploads\/2026\/04\/2026-04-27-Jarama-Express-48-2-1024x683.jpg\" alt=\"\" class=\"wp-image-1847\" srcset=\"https:\/\/padelestrelladamm.es\/blog\/wp-content\/uploads\/2026\/04\/2026-04-27-Jarama-Express-48-2-1024x683.jpg 1024w, https:\/\/padelestrelladamm.es\/blog\/wp-content\/uploads\/2026\/04\/2026-04-27-Jarama-Express-48-2-300x200.jpg 300w, https:\/\/padelestrelladamm.es\/blog\/wp-content\/uploads\/2026\/04\/2026-04-27-Jarama-Express-48-2-768x512.jpg 768w, https:\/\/padelestrelladamm.es\/blog\/wp-content\/uploads\/2026\/04\/2026-04-27-Jarama-Express-48-2-1536x1024.jpg 1536w, https:\/\/padelestrelladamm.es\/blog\/wp-content\/uploads\/2026\/04\/2026-04-27-Jarama-Express-48-2-2048x1366.jpg 2048w, https:\/\/padelestrelladamm.es\/blog\/wp-content\/uploads\/2026\/04\/2026-04-27-Jarama-Express-48-2-370x247.jpg 370w, https:\/\/padelestrelladamm.es\/blog\/wp-content\/uploads\/2026\/04\/2026-04-27-Jarama-Express-48-2-270x180.jpg 270w, https:\/\/padelestrelladamm.es\/blog\/wp-content\/uploads\/2026\/04\/2026-04-27-Jarama-Express-48-2-570x380.jpg 570w, https:\/\/padelestrelladamm.es\/blog\/wp-content\/uploads\/2026\/04\/2026-04-27-Jarama-Express-48-2-600x400.jpg 600w, https:\/\/padelestrelladamm.es\/blog\/wp-content\/uploads\/2026\/04\/2026-04-27-Jarama-Express-48-2-740x493.jpg 740w\" sizes=\"(max-width: 1024px) 100vw, 1024px\" \/><\/figure>\n\n\n\n<p>Desde el Circuito de P\u00e1del Estrella Damm queremos agradecer, una vez m\u00e1s, el apoyo de todos nuestros patrocinadores y colaboradores. De manera especial, a <strong>Estrella Damm<\/strong>, que sigue haciendo posible la celebraci\u00f3n de cada torneo, y a <strong>Starvie<\/strong>, socio estrat\u00e9gico del Circuito y parte fundamental de este proyecto.<\/p>\n\n\n\n<p>El mes de abril termina, pero el p\u00e1del no se detiene. En mayo est\u00e1n programados nuevos torneos que anunciaremos muy pronto en nuestra web y en nuestros perfiles de redes sociales. Nos vemos en la pista.<\/p>\n","protected":false},"excerpt":{"rendered":"<p>El Circuito de P\u00e1del Estrella Damm volvi\u00f3 a reunir a su comunidad el pasado 26 de abril en CD Jarama, donde se celebr\u00f3 un nuevo torneo expres con 142 jugadores y m\u00e1s de 200 personas que pasaron por la carpa Estrella Damm a lo largo de la tarde. Fue una jornada marcada por el p\u00e1del, [&hellip;]<\/p>\n","protected":false},"author":4,"featured_media":1846,"comment_status":"open","ping_status":"open","sticky":false,"template":"","format":"standard","meta":[],"categories":[1],"tags":[14,13,19,20,26],"yoast_head":"<!-- This site is optimized with the Yoast SEO plugin v19.4 - https:\/\/yoast.com\/wordpress\/plugins\/seo\/ -->\n<title>El Circuito de P\u00e1del Estrella Damm cierra abril con una gran tarde de p\u00e1del en CD Jarama<\/title>\n<meta name=\"description\" content=\"142 jugadores disfrutaron de una gran tarde de p\u00e1del en el CD Jarama, en el que se repartieron las \u00faltimas entradas para el Mutua Madrid Open\" \/>\n<meta name=\"robots\" content=\"index, follow, max-snippet:-1, max-image-preview:large, max-video-preview:-1\" \/>\n<link rel=\"canonical\" href=\"https:\/\/padelestrelladamm.es\/blog\/circuito-padel-estrella-damm-cierra-abril-tard-padel-jarama\/\" \/>\n<meta property=\"og:locale\" content=\"es_ES\" \/>\n<meta property=\"og:type\" content=\"article\" \/>\n<meta property=\"og:title\" content=\"El Circuito de P\u00e1del Estrella Damm cierra abril con una gran tarde de p\u00e1del en CD Jarama\" \/>\n<meta property=\"og:description\" content=\"142 jugadores disfrutaron de una gran tarde de p\u00e1del en el CD Jarama, en el que se repartieron las \u00faltimas entradas para el Mutua Madrid Open\" \/>\n<meta property=\"og:url\" content=\"https:\/\/padelestrelladamm.es\/blog\/circuito-padel-estrella-damm-cierra-abril-tard-padel-jarama\/\" \/>\n<meta property=\"og:site_name\" content=\"Blog de p\u00e1del - An\u00e1lisis, noticias y opini\u00f3n - Estrella Damm\" \/>\n<meta property=\"article:publisher\" content=\"https:\/\/www.facebook.com\/CircuitoDePadelEstrellaDamm\" \/>\n<meta property=\"article:published_time\" content=\"2026-04-28T09:11:12+00:00\" \/>\n<meta property=\"article:modified_time\" content=\"2026-04-28T09:11:13+00:00\" \/>\n<meta property=\"og:image\" content=\"https:\/\/padelestrelladamm.es\/blog\/wp-content\/uploads\/2026\/04\/Diseno-sin-titulo-10.png\" \/>\n\t<meta property=\"og:image:width\" content=\"1200\" \/>\n\t<meta property=\"og:image:height\" content=\"398\" \/>\n\t<meta property=\"og:image:type\" content=\"image\/png\" \/>\n<meta name=\"author\" content=\"Redacci\u00f3n\" \/>\n<meta name=\"twitter:card\" content=\"summary_large_image\" \/>\n<meta name=\"twitter:label1\" content=\"Escrito por\" \/>\n\t<meta name=\"twitter:data1\" content=\"Redacci\u00f3n\" \/>\n\t<meta name=\"twitter:label2\" content=\"Tiempo de lectura\" \/>\n\t<meta name=\"twitter:data2\" content=\"2 minutos\" \/>\n<script type=\"application\/ld+json\" class=\"yoast-schema-graph\">{\"@context\":\"https:\/\/schema.org\",\"@graph\":[{\"@type\":\"Organization\",\"@id\":\"https:\/\/padelestrelladamm.es\/blog\/#organization\",\"name\":\"Circuito de P\u00e1del Estrelladamm\",\"url\":\"https:\/\/padelestrelladamm.es\/blog\/\",\"sameAs\":[\"https:\/\/www.instagram.com\/circuitopadelestrelladamm\",\"https:\/\/www.youtube.com\/user\/padelestrelladamm\",\"https:\/\/www.facebook.com\/CircuitoDePadelEstrellaDamm\"],\"logo\":{\"@type\":\"ImageObject\",\"inLanguage\":\"es\",\"@id\":\"https:\/\/padelestrelladamm.es\/blog\/#\/schema\/logo\/image\/\",\"url\":\"https:\/\/padelestrelladamm.es\/blog\/wp-content\/uploads\/2021\/06\/BLOG-128.jpg\",\"contentUrl\":\"https:\/\/padelestrelladamm.es\/blog\/wp-content\/uploads\/2021\/06\/BLOG-128.jpg\",\"width\":128,\"height\":26,\"caption\":\"Circuito de P\u00e1del Estrelladamm\"},\"image\":{\"@id\":\"https:\/\/padelestrelladamm.es\/blog\/#\/schema\/logo\/image\/\"}},{\"@type\":\"WebSite\",\"@id\":\"https:\/\/padelestrelladamm.es\/blog\/#website\",\"url\":\"https:\/\/padelestrelladamm.es\/blog\/\",\"name\":\"Blog de p\u00e1del - An\u00e1lisis, noticias y opini\u00f3n - Estrella Damm\",\"description\":\"Blog de p\u00e1del. Inf\u00f3rmate sobre la actualidad relacionada con el mundo del p\u00e1del. An\u00e1lisis y noticias, lo mejor en P\u00e1del Estrella Damm\",\"publisher\":{\"@id\":\"https:\/\/padelestrelladamm.es\/blog\/#organization\"},\"potentialAction\":[{\"@type\":\"SearchAction\",\"target\":{\"@type\":\"EntryPoint\",\"urlTemplate\":\"https:\/\/padelestrelladamm.es\/blog\/?s={search_term_string}\"},\"query-input\":\"required name=search_term_string\"}],\"inLanguage\":\"es\"},{\"@type\":\"WebPage\",\"@id\":\"https:\/\/padelestrelladamm.es\/blog\/circuito-padel-estrella-damm-cierra-abril-tard-padel-jarama\/\",\"url\":\"https:\/\/padelestrelladamm.es\/blog\/circuito-padel-estrella-damm-cierra-abril-tard-padel-jarama\/\",\"name\":\"El Circuito de P\u00e1del Estrella Damm cierra abril con una gran tarde de p\u00e1del en CD Jarama\",\"isPartOf\":{\"@id\":\"https:\/\/padelestrelladamm.es\/blog\/#website\"},\"datePublished\":\"2026-04-28T09:11:12+00:00\",\"dateModified\":\"2026-04-28T09:11:13+00:00\",\"description\":\"142 jugadores disfrutaron de una gran tarde de p\u00e1del en el CD Jarama, en el que se repartieron las \u00faltimas entradas para el Mutua Madrid Open\",\"breadcrumb\":{\"@id\":\"https:\/\/padelestrelladamm.es\/blog\/circuito-padel-estrella-damm-cierra-abril-tard-padel-jarama\/#breadcrumb\"},\"inLanguage\":\"es\",\"potentialAction\":[{\"@type\":\"ReadAction\",\"target\":[\"https:\/\/padelestrelladamm.es\/blog\/circuito-padel-estrella-damm-cierra-abril-tard-padel-jarama\/\"]}]},{\"@type\":\"BreadcrumbList\",\"@id\":\"https:\/\/padelestrelladamm.es\/blog\/circuito-padel-estrella-damm-cierra-abril-tard-padel-jarama\/#breadcrumb\",\"itemListElement\":[{\"@type\":\"ListItem\",\"position\":1,\"name\":\"Inicio\",\"item\":\"https:\/\/padelestrelladamm.es\/blog\/\"},{\"@type\":\"ListItem\",\"position\":2,\"name\":\"El Circuito de P\u00e1del Estrella Damm cierra abril con una gran tarde de p\u00e1del en CD Jarama\"}]},{\"@type\":\"Article\",\"@id\":\"https:\/\/padelestrelladamm.es\/blog\/circuito-padel-estrella-damm-cierra-abril-tard-padel-jarama\/#article\",\"isPartOf\":{\"@id\":\"https:\/\/padelestrelladamm.es\/blog\/circuito-padel-estrella-damm-cierra-abril-tard-padel-jarama\/\"},\"author\":{\"name\":\"Redacci\u00f3n\",\"@id\":\"https:\/\/padelestrelladamm.es\/blog\/#\/schema\/person\/418380b12903f0d45c68a26eb53d71fd\"},\"headline\":\"El Circuito de P\u00e1del Estrella Damm cierra abril con una gran tarde de p\u00e1del en CD Jarama\",\"datePublished\":\"2026-04-28T09:11:12+00:00\",\"dateModified\":\"2026-04-28T09:11:13+00:00\",\"mainEntityOfPage\":{\"@id\":\"https:\/\/padelestrelladamm.es\/blog\/circuito-padel-estrella-damm-cierra-abril-tard-padel-jarama\/\"},\"wordCount\":326,\"commentCount\":0,\"publisher\":{\"@id\":\"https:\/\/padelestrelladamm.es\/blog\/#organization\"},\"keywords\":[\"2026\",\"circuito\",\"Circuito de P\u00e1del Estrella Damm\",\"Estrella Damm\",\"jarama\"],\"articleSection\":[\"Uncategorized\"],\"inLanguage\":\"es\",\"potentialAction\":[{\"@type\":\"CommentAction\",\"name\":\"Comment\",\"target\":[\"https:\/\/padelestrelladamm.es\/blog\/circuito-padel-estrella-damm-cierra-abril-tard-padel-jarama\/#respond\"]}]},{\"@type\":\"Person\",\"@id\":\"https:\/\/padelestrelladamm.es\/blog\/#\/schema\/person\/418380b12903f0d45c68a26eb53d71fd\",\"name\":\"Redacci\u00f3n\",\"image\":{\"@type\":\"ImageObject\",\"inLanguage\":\"es\",\"@id\":\"https:\/\/padelestrelladamm.es\/blog\/#\/schema\/person\/image\/\",\"url\":\"https:\/\/secure.gravatar.com\/avatar\/8de99d88dc171dfa4570a7b72f5fa083?s=96&d=mm&r=g\",\"contentUrl\":\"https:\/\/secure.gravatar.com\/avatar\/8de99d88dc171dfa4570a7b72f5fa083?s=96&d=mm&r=g\",\"caption\":\"Redacci\u00f3n\"},\"url\":\"https:\/\/padelestrelladamm.es\/blog\/author\/circuito\/\"}]}<\/script>\n<!-- \/ Yoast SEO plugin. -->","yoast_head_json":{"title":"El Circuito de P\u00e1del Estrella Damm cierra abril con una gran tarde de p\u00e1del en CD Jarama","description":"142 jugadores disfrutaron de una gran tarde de p\u00e1del en el CD Jarama, en el que se repartieron las \u00faltimas entradas para el Mutua Madrid Open","robots":{"index":"index","follow":"follow","max-snippet":"max-snippet:-1","max-image-preview":"max-image-preview:large","max-video-preview":"max-video-preview:-1"},"canonical":"https:\/\/padelestrelladamm.es\/blog\/circuito-padel-estrella-damm-cierra-abril-tard-padel-jarama\/","og_locale":"es_ES","og_type":"article","og_title":"El Circuito de P\u00e1del Estrella Damm cierra abril con una gran tarde de p\u00e1del en CD Jarama","og_description":"142 jugadores disfrutaron de una gran tarde de p\u00e1del en el CD Jarama, en el que se repartieron las \u00faltimas entradas para el Mutua Madrid Open","og_url":"https:\/\/padelestrelladamm.es\/blog\/circuito-padel-estrella-damm-cierra-abril-tard-padel-jarama\/","og_site_name":"Blog de p\u00e1del - An\u00e1lisis, noticias y opini\u00f3n - Estrella Damm","article_publisher":"https:\/\/www.facebook.com\/CircuitoDePadelEstrellaDamm","article_published_time":"2026-04-28T09:11:12+00:00","article_modified_time":"2026-04-28T09:11:13+00:00","og_image":[{"width":1200,"height":398,"url":"https:\/\/padelestrelladamm.es\/blog\/wp-content\/uploads\/2026\/04\/Diseno-sin-titulo-10.png","type":"image\/png"}],"author":"Redacci\u00f3n","twitter_card":"summary_large_image","twitter_misc":{"Escrito por":"Redacci\u00f3n","Tiempo de lectura":"2 minutos"},"schema":{"@context":"https:\/\/schema.org","@graph":[{"@type":"Organization","@id":"https:\/\/padelestrelladamm.es\/blog\/#organization","name":"Circuito de P\u00e1del Estrelladamm","url":"https:\/\/padelestrelladamm.es\/blog\/","sameAs":["https:\/\/www.instagram.com\/circuitopadelestrelladamm","https:\/\/www.youtube.com\/user\/padelestrelladamm","https:\/\/www.facebook.com\/CircuitoDePadelEstrellaDamm"],"logo":{"@type":"ImageObject","inLanguage":"es","@id":"https:\/\/padelestrelladamm.es\/blog\/#\/schema\/logo\/image\/","url":"https:\/\/padelestrelladamm.es\/blog\/wp-content\/uploads\/2021\/06\/BLOG-128.jpg","contentUrl":"https:\/\/padelestrelladamm.es\/blog\/wp-content\/uploads\/2021\/06\/BLOG-128.jpg","width":128,"height":26,"caption":"Circuito de P\u00e1del Estrelladamm"},"image":{"@id":"https:\/\/padelestrelladamm.es\/blog\/#\/schema\/logo\/image\/"}},{"@type":"WebSite","@id":"https:\/\/padelestrelladamm.es\/blog\/#website","url":"https:\/\/padelestrelladamm.es\/blog\/","name":"Blog de p\u00e1del - An\u00e1lisis, noticias y opini\u00f3n - Estrella Damm","description":"Blog de p\u00e1del. Inf\u00f3rmate sobre la actualidad relacionada con el mundo del p\u00e1del. An\u00e1lisis y noticias, lo mejor en P\u00e1del Estrella Damm","publisher":{"@id":"https:\/\/padelestrelladamm.es\/blog\/#organization"},"potentialAction":[{"@type":"SearchAction","target":{"@type":"EntryPoint","urlTemplate":"https:\/\/padelestrelladamm.es\/blog\/?s={search_term_string}"},"query-input":"required name=search_term_string"}],"inLanguage":"es"},{"@type":"WebPage","@id":"https:\/\/padelestrelladamm.es\/blog\/circuito-padel-estrella-damm-cierra-abril-tard-padel-jarama\/","url":"https:\/\/padelestrelladamm.es\/blog\/circuito-padel-estrella-damm-cierra-abril-tard-padel-jarama\/","name":"El Circuito de P\u00e1del Estrella Damm cierra abril con una gran tarde de p\u00e1del en CD Jarama","isPartOf":{"@id":"https:\/\/padelestrelladamm.es\/blog\/#website"},"datePublished":"2026-04-28T09:11:12+00:00","dateModified":"2026-04-28T09:11:13+00:00","description":"142 jugadores disfrutaron de una gran tarde de p\u00e1del en el CD Jarama, en el que se repartieron las \u00faltimas entradas para el Mutua Madrid Open","breadcrumb":{"@id":"https:\/\/padelestrelladamm.es\/blog\/circuito-padel-estrella-damm-cierra-abril-tard-padel-jarama\/#breadcrumb"},"inLanguage":"es","potentialAction":[{"@type":"ReadAction","target":["https:\/\/padelestrelladamm.es\/blog\/circuito-padel-estrella-damm-cierra-abril-tard-padel-jarama\/"]}]},{"@type":"BreadcrumbList","@id":"https:\/\/padelestrelladamm.es\/blog\/circuito-padel-estrella-damm-cierra-abril-tard-padel-jarama\/#breadcrumb","itemListElement":[{"@type":"ListItem","position":1,"name":"Inicio","item":"https:\/\/padelestrelladamm.es\/blog\/"},{"@type":"ListItem","position":2,"name":"El Circuito de P\u00e1del Estrella Damm cierra abril con una gran tarde de p\u00e1del en CD Jarama"}]},{"@type":"Article","@id":"https:\/\/padelestrelladamm.es\/blog\/circuito-padel-estrella-damm-cierra-abril-tard-padel-jarama\/#article","isPartOf":{"@id":"https:\/\/padelestrelladamm.es\/blog\/circuito-padel-estrella-damm-cierra-abril-tard-padel-jarama\/"},"author":{"name":"Redacci\u00f3n","@id":"https:\/\/padelestrelladamm.es\/blog\/#\/schema\/person\/418380b12903f0d45c68a26eb53d71fd"},"headline":"El Circuito de P\u00e1del Estrella Damm cierra abril con una gran tarde de p\u00e1del en CD Jarama","datePublished":"2026-04-28T09:11:12+00:00","dateModified":"2026-04-28T09:11:13+00:00","mainEntityOfPage":{"@id":"https:\/\/padelestrelladamm.es\/blog\/circuito-padel-estrella-damm-cierra-abril-tard-padel-jarama\/"},"wordCount":326,"commentCount":0,"publisher":{"@id":"https:\/\/padelestrelladamm.es\/blog\/#organization"},"keywords":["2026","circuito","Circuito de P\u00e1del Estrella Damm","Estrella Damm","jarama"],"articleSection":["Uncategorized"],"inLanguage":"es","potentialAction":[{"@type":"CommentAction","name":"Comment","target":["https:\/\/padelestrelladamm.es\/blog\/circuito-padel-estrella-damm-cierra-abril-tard-padel-jarama\/#respond"]}]},{"@type":"Person","@id":"https:\/\/padelestrelladamm.es\/blog\/#\/schema\/person\/418380b12903f0d45c68a26eb53d71fd","name":"Redacci\u00f3n","image":{"@type":"ImageObject","inLanguage":"es","@id":"https:\/\/padelestrelladamm.es\/blog\/#\/schema\/person\/image\/","url":"https:\/\/secure.gravatar.com\/avatar\/8de99d88dc171dfa4570a7b72f5fa083?s=96&d=mm&r=g","contentUrl":"https:\/\/secure.gravatar.com\/avatar\/8de99d88dc171dfa4570a7b72f5fa083?s=96&d=mm&r=g","caption":"Redacci\u00f3n"},"url":"https:\/\/padelestrelladamm.es\/blog\/author\/circuito\/"}]}},"_links":{"self":[{"href":"https:\/\/padelestrelladamm.es\/blog\/wp-json\/wp\/v2\/posts\/1844"}],"collection":[{"href":"https:\/\/padelestrelladamm.es\/blog\/wp-json\/wp\/v2\/posts"}],"about":[{"href":"https:\/\/padelestrelladamm.es\/blog\/wp-json\/wp\/v2\/types\/post"}],"author":[{"embeddable":true,"href":"https:\/\/padelestrelladamm.es\/blog\/wp-json\/wp\/v2\/users\/4"}],"replies":[{"embeddable":true,"href":"https:\/\/padelestrelladamm.es\/blog\/wp-json\/wp\/v2\/comments?post=1844"}],"version-history":[{"count":2,"href":"https:\/\/padelestrelladamm.es\/blog\/wp-json\/wp\/v2\/posts\/1844\/revisions"}],"predecessor-version":[{"id":1849,"href":"https:\/\/padelestrelladamm.es\/blog\/wp-json\/wp\/v2\/posts\/1844\/revisions\/1849"}],"wp:featuredmedia":[{"embeddable":true,"href":"https:\/\/padelestrelladamm.es\/blog\/wp-json\/wp\/v2\/media\/1846"}],"wp:attachment":[{"href":"https:\/\/padelestrelladamm.es\/blog\/wp-json\/wp\/v2\/media?parent=1844"}],"wp:term":[{"taxonomy":"category","embeddable":true,"href":"https:\/\/padelestrelladamm.es\/blog\/wp-json\/wp\/v2\/categories?post=1844"},{"taxonomy":"post_tag","embeddable":true,"href":"https:\/\/padelestrelladamm.es\/blog\/wp-json\/wp\/v2\/tags?post=1844"}],"curies":[{"name":"wp","href":"https:\/\/api.w.org\/{rel}","templated":true}]}}