{"id":297,"date":"2021-04-26T18:50:09","date_gmt":"2021-04-26T16:50:09","guid":{"rendered":"https:\/\/padelestrelladamm.es\/blog\/?p=297"},"modified":"2021-07-08T12:11:30","modified_gmt":"2021-07-08T10:11:30","slug":"jaime-fermosell-sorprende-en-su-debut-en-el-circuito-de-padel-estrella-damm","status":"publish","type":"post","link":"https:\/\/padelestrelladamm.es\/blog\/jaime-fermosell-sorprende-en-su-debut-en-el-circuito-de-padel-estrella-damm\/","title":{"rendered":"JAIME FERMOSELL SORPRENDE EN SU DEBUT EN EL CIRCUITO DE P\u00c1DEL ESTRELLA DAMM"},"content":{"rendered":"\n<blockquote class=\"wp-block-quote\"><p>\u201cVeni, vidi, vici\u201d. Vino, vio y venci\u00f3. Esto es lo que ha hecho Jaime Fermosell en su primera incursi\u00f3n en el Circuito de P\u00e1del Estrella Damm. Sucedi\u00f3 en el torneo federado celebrado en el club Maspadel del 18 al 25 de abril. Este joven de 23 a\u00f1os, junto a Miguel Gonz\u00e1lez, se subi\u00f3 a lo m\u00e1s alto del podio de la primera categor\u00eda masculina tras alzarse con la final frente a Daniel de Castro y Javier Collantes.<\/p><\/blockquote>\n\n\n\n<p>No fue una final tan sencilla como hac\u00eda esperar un primer set que ganaron por un 6\/2. De Castro y Collantes sacaron entonces toda su garra y a punto estuvieron de forzar un tercero. No lo lograron cayendo en el segundo por un 7\/5.<\/p>\n\n\n\n<p>Una final que s\u00ed lleg\u00f3 al tercer set y que destac\u00f3 por su emoci\u00f3n y calidad de juego fue la de segunda categor\u00eda. Esta final cont\u00f3, en un lado de la pista, con Ignacio \u00c1lvarez de Mon y Santiago Camarero y, en el otro, con Miguel Vallejo e \u00cd\u00f1igo Berasategui. Fueron los primeros los que lograron la victoria por un 4\/6 7\/6 7\/6.<\/p>\n\n\n\n<!--more-->\n\n\n\n<p>La final de primera femenina, promet\u00eda un fant\u00e1stico espect\u00e1culo. En la pista, Lorena Alonso y B\u00e1rbara Las Heras frente a Carolina Orsi y Carlotta Casali. Un re\u00f1ido primer set para Alonso y Las Heras por un 7\/6 vaticinaba que cualquier resultado final era posible. Pero un desafortunado accidente, hizo retirarse a Casali y Orsi cuando estaban oponiendo una fuerte resistencia trunc\u00e1ndose una posible victoria. Lorena Alonso vuelve a subir a lo m\u00e1s alto del podio por tercera vez consecutiva en la XXV edici\u00f3n del Circuito de P\u00e1del Estrella Damm.<\/p>\n\n\n\n<p>En el cuadro femenino, destacar a la pareja formada por Laura Fraile y Carla Serrano que sigue su ascenso en el Circuito. Tras alzarse con la tercera categor\u00eda en el torneo de marzo, han vuelto a erigirse campeones, en esta ocasi\u00f3n, en la segunda categor\u00eda por un contundente 6\/0 6\/1 frente a Ana Bastida y Helena de Arcos. Estas dos jugadoras coincidieron en destacar, al abandonar la pista, el gran partido de Carla Serrano, actual n\u00famero 153 del ranking del World Padel Tour. Es seguro que pronto veremos a Fraile y Serrano luchando por el triunfo en la primera categor\u00eda.<\/p>\n\n\n\n<h3>Los torneos federados siguen atrayendo nuevos jugadores<\/h3>\n\n\n\n<p>El auge del p\u00e1del de los \u00faltimos tiempos ha incidido muy favorablemente en la demanda de los torneos federados que siguen imparables. El torneo que finaliz\u00f3 ayer en Masp\u00e1del cont\u00f3 con una inscripci\u00f3n de 526 jugadores. A estos se habr\u00edan sumado aquellos de las primeras categor\u00edas habituales del Circuito que no han participado por la coincidencia de este torneo con la prueba de Alicante del World Padel Tour y con el Torneo de Dubai de la Federaci\u00f3n Internacional de P\u00e1del.\nY destaca el gran n\u00famero de jugadores y jugadoras que se han adentrado en el mundo federado desde que comenz\u00f3 la presente edici\u00f3n. Lo nuevos jugadores y jugadoras en los tres primeros torneos del a\u00f1o ascienden a 239. \n<\/p>\n\n\n\n<h3>La lluvia trunca los torneos express<\/h3>\n\n\n\n<p>La borrasca Lola ha jugado en contra de los torneos express de este mes. Las fuertes lluvias de la tarde del domingo 25 imposibilit\u00f3 la celebraci\u00f3n del Torneo Express Alto convocado para ese d\u00eda. \nS\u00ed se pudo celebrar el Torneo Express Bajo que tuvo lugar el 17 de abril y que volvi\u00f3 a contar con pleno en inscripci\u00f3n. <\/p>\n\n\n\n<p>La oferta de torneos del Circuito de P\u00e1del Estrella Damm de mayo se centrar\u00e1 en los torneos express convocando cinco torneos diferentes, los cuales se anunciar\u00e1n en los pr\u00f3ximos d\u00edas.<\/p>\n","protected":false},"excerpt":{"rendered":"<p>\u201cVeni, vidi, vici\u201d. Vino, vio y venci\u00f3. Esto es lo que ha hecho Jaime Fermosell en su primera incursi\u00f3n en el Circuito de P\u00e1del Estrella Damm. Sucedi\u00f3 en el torneo federado celebrado en el club Maspadel del 18 al 25 de abril. Este joven de 23 a\u00f1os, junto a Miguel Gonz\u00e1lez, se subi\u00f3 a lo [&hellip;]<\/p>\n","protected":false},"author":4,"featured_media":464,"comment_status":"open","ping_status":"open","sticky":false,"template":"","format":"standard","meta":[],"categories":[7],"tags":[],"yoast_head":"<!-- This site is optimized with the Yoast SEO plugin v19.4 - https:\/\/yoast.com\/wordpress\/plugins\/seo\/ -->\n<title>JAIME FERMOSELL SORPRENDE EN SU DEBUT EN EL CIRCUITO DE P\u00c1DEL ESTRELLA DAMM<\/title>\n<meta name=\"robots\" content=\"index, follow, max-snippet:-1, max-image-preview:large, max-video-preview:-1\" \/>\n<link rel=\"canonical\" href=\"https:\/\/padelestrelladamm.es\/blog\/jaime-fermosell-sorprende-en-su-debut-en-el-circuito-de-padel-estrella-damm\/\" \/>\n<meta property=\"og:locale\" content=\"es_ES\" \/>\n<meta property=\"og:type\" content=\"article\" \/>\n<meta property=\"og:title\" content=\"JAIME FERMOSELL SORPRENDE EN SU DEBUT EN EL CIRCUITO DE P\u00c1DEL ESTRELLA DAMM\" \/>\n<meta property=\"og:description\" content=\"\u201cVeni, vidi, vici\u201d. Vino, vio y venci\u00f3. Esto es lo que ha hecho Jaime Fermosell en su primera incursi\u00f3n en el Circuito de P\u00e1del Estrella Damm. Sucedi\u00f3 en el torneo federado celebrado en el club Maspadel del 18 al 25 de abril. Este joven de 23 a\u00f1os, junto a Miguel Gonz\u00e1lez, se subi\u00f3 a lo [&hellip;]\" \/>\n<meta property=\"og:url\" content=\"https:\/\/padelestrelladamm.es\/blog\/jaime-fermosell-sorprende-en-su-debut-en-el-circuito-de-padel-estrella-damm\/\" \/>\n<meta property=\"og:site_name\" content=\"Blog de p\u00e1del - An\u00e1lisis, noticias y opini\u00f3n - Estrella Damm\" \/>\n<meta property=\"article:publisher\" content=\"https:\/\/www.facebook.com\/CircuitoDePadelEstrellaDamm\" \/>\n<meta property=\"article:published_time\" content=\"2021-04-26T16:50:09+00:00\" \/>\n<meta property=\"article:modified_time\" content=\"2021-07-08T10:11:30+00:00\" \/>\n<meta property=\"og:image\" content=\"https:\/\/padelestrelladamm.es\/blog\/wp-content\/uploads\/2021\/04\/Fermosell.jpg\" \/>\n\t<meta property=\"og:image:width\" content=\"500\" \/>\n\t<meta property=\"og:image:height\" content=\"166\" \/>\n\t<meta property=\"og:image:type\" content=\"image\/jpeg\" \/>\n<meta name=\"author\" content=\"Redacci\u00f3n\" \/>\n<meta name=\"twitter:card\" content=\"summary_large_image\" \/>\n<meta name=\"twitter:label1\" content=\"Escrito por\" \/>\n\t<meta name=\"twitter:data1\" content=\"Redacci\u00f3n\" \/>\n\t<meta name=\"twitter:label2\" content=\"Tiempo de lectura\" \/>\n\t<meta name=\"twitter:data2\" content=\"3 minutos\" \/>\n<script type=\"application\/ld+json\" class=\"yoast-schema-graph\">{\"@context\":\"https:\/\/schema.org\",\"@graph\":[{\"@type\":\"Organization\",\"@id\":\"https:\/\/padelestrelladamm.es\/blog\/#organization\",\"name\":\"Circuito de P\u00e1del Estrelladamm\",\"url\":\"https:\/\/padelestrelladamm.es\/blog\/\",\"sameAs\":[\"https:\/\/www.instagram.com\/circuitopadelestrelladamm\",\"https:\/\/www.youtube.com\/user\/padelestrelladamm\",\"https:\/\/www.facebook.com\/CircuitoDePadelEstrellaDamm\"],\"logo\":{\"@type\":\"ImageObject\",\"inLanguage\":\"es\",\"@id\":\"https:\/\/padelestrelladamm.es\/blog\/#\/schema\/logo\/image\/\",\"url\":\"https:\/\/padelestrelladamm.es\/blog\/wp-content\/uploads\/2021\/06\/BLOG-128.jpg\",\"contentUrl\":\"https:\/\/padelestrelladamm.es\/blog\/wp-content\/uploads\/2021\/06\/BLOG-128.jpg\",\"width\":128,\"height\":26,\"caption\":\"Circuito de P\u00e1del Estrelladamm\"},\"image\":{\"@id\":\"https:\/\/padelestrelladamm.es\/blog\/#\/schema\/logo\/image\/\"}},{\"@type\":\"WebSite\",\"@id\":\"https:\/\/padelestrelladamm.es\/blog\/#website\",\"url\":\"https:\/\/padelestrelladamm.es\/blog\/\",\"name\":\"Blog de p\u00e1del - An\u00e1lisis, noticias y opini\u00f3n - Estrella Damm\",\"description\":\"Blog de p\u00e1del. Inf\u00f3rmate sobre la actualidad relacionada con el mundo del p\u00e1del. An\u00e1lisis y noticias, lo mejor en P\u00e1del Estrella Damm\",\"publisher\":{\"@id\":\"https:\/\/padelestrelladamm.es\/blog\/#organization\"},\"potentialAction\":[{\"@type\":\"SearchAction\",\"target\":{\"@type\":\"EntryPoint\",\"urlTemplate\":\"https:\/\/padelestrelladamm.es\/blog\/?s={search_term_string}\"},\"query-input\":\"required name=search_term_string\"}],\"inLanguage\":\"es\"},{\"@type\":\"WebPage\",\"@id\":\"https:\/\/padelestrelladamm.es\/blog\/jaime-fermosell-sorprende-en-su-debut-en-el-circuito-de-padel-estrella-damm\/\",\"url\":\"https:\/\/padelestrelladamm.es\/blog\/jaime-fermosell-sorprende-en-su-debut-en-el-circuito-de-padel-estrella-damm\/\",\"name\":\"JAIME FERMOSELL SORPRENDE EN SU DEBUT EN EL CIRCUITO DE P\u00c1DEL ESTRELLA DAMM\",\"isPartOf\":{\"@id\":\"https:\/\/padelestrelladamm.es\/blog\/#website\"},\"datePublished\":\"2021-04-26T16:50:09+00:00\",\"dateModified\":\"2021-07-08T10:11:30+00:00\",\"breadcrumb\":{\"@id\":\"https:\/\/padelestrelladamm.es\/blog\/jaime-fermosell-sorprende-en-su-debut-en-el-circuito-de-padel-estrella-damm\/#breadcrumb\"},\"inLanguage\":\"es\",\"potentialAction\":[{\"@type\":\"ReadAction\",\"target\":[\"https:\/\/padelestrelladamm.es\/blog\/jaime-fermosell-sorprende-en-su-debut-en-el-circuito-de-padel-estrella-damm\/\"]}]},{\"@type\":\"BreadcrumbList\",\"@id\":\"https:\/\/padelestrelladamm.es\/blog\/jaime-fermosell-sorprende-en-su-debut-en-el-circuito-de-padel-estrella-damm\/#breadcrumb\",\"itemListElement\":[{\"@type\":\"ListItem\",\"position\":1,\"name\":\"Inicio\",\"item\":\"https:\/\/padelestrelladamm.es\/blog\/\"},{\"@type\":\"ListItem\",\"position\":2,\"name\":\"JAIME FERMOSELL SORPRENDE EN SU DEBUT EN EL CIRCUITO DE P\u00c1DEL ESTRELLA DAMM\"}]},{\"@type\":\"Article\",\"@id\":\"https:\/\/padelestrelladamm.es\/blog\/jaime-fermosell-sorprende-en-su-debut-en-el-circuito-de-padel-estrella-damm\/#article\",\"isPartOf\":{\"@id\":\"https:\/\/padelestrelladamm.es\/blog\/jaime-fermosell-sorprende-en-su-debut-en-el-circuito-de-padel-estrella-damm\/\"},\"author\":{\"name\":\"Redacci\u00f3n\",\"@id\":\"https:\/\/padelestrelladamm.es\/blog\/#\/schema\/person\/418380b12903f0d45c68a26eb53d71fd\"},\"headline\":\"JAIME FERMOSELL SORPRENDE EN SU DEBUT EN EL CIRCUITO DE P\u00c1DEL ESTRELLA DAMM\",\"datePublished\":\"2021-04-26T16:50:09+00:00\",\"dateModified\":\"2021-07-08T10:11:30+00:00\",\"mainEntityOfPage\":{\"@id\":\"https:\/\/padelestrelladamm.es\/blog\/jaime-fermosell-sorprende-en-su-debut-en-el-circuito-de-padel-estrella-damm\/\"},\"wordCount\":630,\"commentCount\":0,\"publisher\":{\"@id\":\"https:\/\/padelestrelladamm.es\/blog\/#organization\"},\"articleSection\":[\"Cr\u00f3nicas\"],\"inLanguage\":\"es\",\"potentialAction\":[{\"@type\":\"CommentAction\",\"name\":\"Comment\",\"target\":[\"https:\/\/padelestrelladamm.es\/blog\/jaime-fermosell-sorprende-en-su-debut-en-el-circuito-de-padel-estrella-damm\/#respond\"]}]},{\"@type\":\"Person\",\"@id\":\"https:\/\/padelestrelladamm.es\/blog\/#\/schema\/person\/418380b12903f0d45c68a26eb53d71fd\",\"name\":\"Redacci\u00f3n\",\"image\":{\"@type\":\"ImageObject\",\"inLanguage\":\"es\",\"@id\":\"https:\/\/padelestrelladamm.es\/blog\/#\/schema\/person\/image\/\",\"url\":\"https:\/\/secure.gravatar.com\/avatar\/8de99d88dc171dfa4570a7b72f5fa083?s=96&d=mm&r=g\",\"contentUrl\":\"https:\/\/secure.gravatar.com\/avatar\/8de99d88dc171dfa4570a7b72f5fa083?s=96&d=mm&r=g\",\"caption\":\"Redacci\u00f3n\"},\"url\":\"https:\/\/padelestrelladamm.es\/blog\/author\/circuito\/\"}]}<\/script>\n<!-- \/ Yoast SEO plugin. -->","yoast_head_json":{"title":"JAIME FERMOSELL SORPRENDE EN SU DEBUT EN EL CIRCUITO DE P\u00c1DEL ESTRELLA DAMM","robots":{"index":"index","follow":"follow","max-snippet":"max-snippet:-1","max-image-preview":"max-image-preview:large","max-video-preview":"max-video-preview:-1"},"canonical":"https:\/\/padelestrelladamm.es\/blog\/jaime-fermosell-sorprende-en-su-debut-en-el-circuito-de-padel-estrella-damm\/","og_locale":"es_ES","og_type":"article","og_title":"JAIME FERMOSELL SORPRENDE EN SU DEBUT EN EL CIRCUITO DE P\u00c1DEL ESTRELLA DAMM","og_description":"\u201cVeni, vidi, vici\u201d. Vino, vio y venci\u00f3. Esto es lo que ha hecho Jaime Fermosell en su primera incursi\u00f3n en el Circuito de P\u00e1del Estrella Damm. Sucedi\u00f3 en el torneo federado celebrado en el club Maspadel del 18 al 25 de abril. Este joven de 23 a\u00f1os, junto a Miguel Gonz\u00e1lez, se subi\u00f3 a lo [&hellip;]","og_url":"https:\/\/padelestrelladamm.es\/blog\/jaime-fermosell-sorprende-en-su-debut-en-el-circuito-de-padel-estrella-damm\/","og_site_name":"Blog de p\u00e1del - An\u00e1lisis, noticias y opini\u00f3n - Estrella Damm","article_publisher":"https:\/\/www.facebook.com\/CircuitoDePadelEstrellaDamm","article_published_time":"2021-04-26T16:50:09+00:00","article_modified_time":"2021-07-08T10:11:30+00:00","og_image":[{"width":500,"height":166,"url":"https:\/\/padelestrelladamm.es\/blog\/wp-content\/uploads\/2021\/04\/Fermosell.jpg","type":"image\/jpeg"}],"author":"Redacci\u00f3n","twitter_card":"summary_large_image","twitter_misc":{"Escrito por":"Redacci\u00f3n","Tiempo de lectura":"3 minutos"},"schema":{"@context":"https:\/\/schema.org","@graph":[{"@type":"Organization","@id":"https:\/\/padelestrelladamm.es\/blog\/#organization","name":"Circuito de P\u00e1del Estrelladamm","url":"https:\/\/padelestrelladamm.es\/blog\/","sameAs":["https:\/\/www.instagram.com\/circuitopadelestrelladamm","https:\/\/www.youtube.com\/user\/padelestrelladamm","https:\/\/www.facebook.com\/CircuitoDePadelEstrellaDamm"],"logo":{"@type":"ImageObject","inLanguage":"es","@id":"https:\/\/padelestrelladamm.es\/blog\/#\/schema\/logo\/image\/","url":"https:\/\/padelestrelladamm.es\/blog\/wp-content\/uploads\/2021\/06\/BLOG-128.jpg","contentUrl":"https:\/\/padelestrelladamm.es\/blog\/wp-content\/uploads\/2021\/06\/BLOG-128.jpg","width":128,"height":26,"caption":"Circuito de P\u00e1del Estrelladamm"},"image":{"@id":"https:\/\/padelestrelladamm.es\/blog\/#\/schema\/logo\/image\/"}},{"@type":"WebSite","@id":"https:\/\/padelestrelladamm.es\/blog\/#website","url":"https:\/\/padelestrelladamm.es\/blog\/","name":"Blog de p\u00e1del - An\u00e1lisis, noticias y opini\u00f3n - Estrella Damm","description":"Blog de p\u00e1del. Inf\u00f3rmate sobre la actualidad relacionada con el mundo del p\u00e1del. An\u00e1lisis y noticias, lo mejor en P\u00e1del Estrella Damm","publisher":{"@id":"https:\/\/padelestrelladamm.es\/blog\/#organization"},"potentialAction":[{"@type":"SearchAction","target":{"@type":"EntryPoint","urlTemplate":"https:\/\/padelestrelladamm.es\/blog\/?s={search_term_string}"},"query-input":"required name=search_term_string"}],"inLanguage":"es"},{"@type":"WebPage","@id":"https:\/\/padelestrelladamm.es\/blog\/jaime-fermosell-sorprende-en-su-debut-en-el-circuito-de-padel-estrella-damm\/","url":"https:\/\/padelestrelladamm.es\/blog\/jaime-fermosell-sorprende-en-su-debut-en-el-circuito-de-padel-estrella-damm\/","name":"JAIME FERMOSELL SORPRENDE EN SU DEBUT EN EL CIRCUITO DE P\u00c1DEL ESTRELLA DAMM","isPartOf":{"@id":"https:\/\/padelestrelladamm.es\/blog\/#website"},"datePublished":"2021-04-26T16:50:09+00:00","dateModified":"2021-07-08T10:11:30+00:00","breadcrumb":{"@id":"https:\/\/padelestrelladamm.es\/blog\/jaime-fermosell-sorprende-en-su-debut-en-el-circuito-de-padel-estrella-damm\/#breadcrumb"},"inLanguage":"es","potentialAction":[{"@type":"ReadAction","target":["https:\/\/padelestrelladamm.es\/blog\/jaime-fermosell-sorprende-en-su-debut-en-el-circuito-de-padel-estrella-damm\/"]}]},{"@type":"BreadcrumbList","@id":"https:\/\/padelestrelladamm.es\/blog\/jaime-fermosell-sorprende-en-su-debut-en-el-circuito-de-padel-estrella-damm\/#breadcrumb","itemListElement":[{"@type":"ListItem","position":1,"name":"Inicio","item":"https:\/\/padelestrelladamm.es\/blog\/"},{"@type":"ListItem","position":2,"name":"JAIME FERMOSELL SORPRENDE EN SU DEBUT EN EL CIRCUITO DE P\u00c1DEL ESTRELLA DAMM"}]},{"@type":"Article","@id":"https:\/\/padelestrelladamm.es\/blog\/jaime-fermosell-sorprende-en-su-debut-en-el-circuito-de-padel-estrella-damm\/#article","isPartOf":{"@id":"https:\/\/padelestrelladamm.es\/blog\/jaime-fermosell-sorprende-en-su-debut-en-el-circuito-de-padel-estrella-damm\/"},"author":{"name":"Redacci\u00f3n","@id":"https:\/\/padelestrelladamm.es\/blog\/#\/schema\/person\/418380b12903f0d45c68a26eb53d71fd"},"headline":"JAIME FERMOSELL SORPRENDE EN SU DEBUT EN EL CIRCUITO DE P\u00c1DEL ESTRELLA DAMM","datePublished":"2021-04-26T16:50:09+00:00","dateModified":"2021-07-08T10:11:30+00:00","mainEntityOfPage":{"@id":"https:\/\/padelestrelladamm.es\/blog\/jaime-fermosell-sorprende-en-su-debut-en-el-circuito-de-padel-estrella-damm\/"},"wordCount":630,"commentCount":0,"publisher":{"@id":"https:\/\/padelestrelladamm.es\/blog\/#organization"},"articleSection":["Cr\u00f3nicas"],"inLanguage":"es","potentialAction":[{"@type":"CommentAction","name":"Comment","target":["https:\/\/padelestrelladamm.es\/blog\/jaime-fermosell-sorprende-en-su-debut-en-el-circuito-de-padel-estrella-damm\/#respond"]}]},{"@type":"Person","@id":"https:\/\/padelestrelladamm.es\/blog\/#\/schema\/person\/418380b12903f0d45c68a26eb53d71fd","name":"Redacci\u00f3n","image":{"@type":"ImageObject","inLanguage":"es","@id":"https:\/\/padelestrelladamm.es\/blog\/#\/schema\/person\/image\/","url":"https:\/\/secure.gravatar.com\/avatar\/8de99d88dc171dfa4570a7b72f5fa083?s=96&d=mm&r=g","contentUrl":"https:\/\/secure.gravatar.com\/avatar\/8de99d88dc171dfa4570a7b72f5fa083?s=96&d=mm&r=g","caption":"Redacci\u00f3n"},"url":"https:\/\/padelestrelladamm.es\/blog\/author\/circuito\/"}]}},"_links":{"self":[{"href":"https:\/\/padelestrelladamm.es\/blog\/wp-json\/wp\/v2\/posts\/297"}],"collection":[{"href":"https:\/\/padelestrelladamm.es\/blog\/wp-json\/wp\/v2\/posts"}],"about":[{"href":"https:\/\/padelestrelladamm.es\/blog\/wp-json\/wp\/v2\/types\/post"}],"author":[{"embeddable":true,"href":"https:\/\/padelestrelladamm.es\/blog\/wp-json\/wp\/v2\/users\/4"}],"replies":[{"embeddable":true,"href":"https:\/\/padelestrelladamm.es\/blog\/wp-json\/wp\/v2\/comments?post=297"}],"version-history":[{"count":1,"href":"https:\/\/padelestrelladamm.es\/blog\/wp-json\/wp\/v2\/posts\/297\/revisions"}],"predecessor-version":[{"id":298,"href":"https:\/\/padelestrelladamm.es\/blog\/wp-json\/wp\/v2\/posts\/297\/revisions\/298"}],"wp:featuredmedia":[{"embeddable":true,"href":"https:\/\/padelestrelladamm.es\/blog\/wp-json\/wp\/v2\/media\/464"}],"wp:attachment":[{"href":"https:\/\/padelestrelladamm.es\/blog\/wp-json\/wp\/v2\/media?parent=297"}],"wp:term":[{"taxonomy":"category","embeddable":true,"href":"https:\/\/padelestrelladamm.es\/blog\/wp-json\/wp\/v2\/categories?post=297"},{"taxonomy":"post_tag","embeddable":true,"href":"https:\/\/padelestrelladamm.es\/blog\/wp-json\/wp\/v2\/tags?post=297"}],"curies":[{"name":"wp","href":"https:\/\/api.w.org\/{rel}","templated":true}]}}