{"id":407,"date":"2020-12-10T14:15:00","date_gmt":"2020-12-10T13:15:00","guid":{"rendered":"https:\/\/padelestrelladamm.es\/blog\/?p=407"},"modified":"2021-07-07T14:16:02","modified_gmt":"2021-07-07T12:16:02","slug":"grandes-figuras-del-padel-madrileno-en-la-ultima-prueba-del-2020","status":"publish","type":"post","link":"https:\/\/padelestrelladamm.es\/blog\/grandes-figuras-del-padel-madrileno-en-la-ultima-prueba-del-2020\/","title":{"rendered":"GRANDES FIGURAS DEL P\u00c1DEL MADRILE\u00d1O EN LA \u00daLTIMA PRUEBA DEL 2020"},"content":{"rendered":"\n<p>La \u00faltima prueba del Circuito de P\u00e1del Estrella Damm ha contado con grandes figuras del p\u00e1del madrile\u00f1o. Esta prueba, marcada por las bajas temperaturas, ha tenido lugar en el Club Deportivo Somontes del 28 de noviembre al 6 de diciembre.<\/p>\n\n\n\n<p>El torneo federado cont\u00f3, en su modalidad masculina, con siete de las diez mejores \u201cpalas\u201d del ranking de la Federaci\u00f3n de P\u00e1del de Madrid (FMP), adem\u00e1s de otras grandes figuras como Javier Concepci\u00f3n. As\u00ed, en las pistas se pudo disfrutar de V\u00edctor S\u00e1nchez Vera, Adri\u00e1n Ronco, Miguel Gonz\u00e1lez, David Garc\u00eda Campos, Ra\u00fal D\u00edaz, Javier Collantes y Daniel Bressel. Todo un espect\u00e1culo reunido.&nbsp;<\/p>\n\n\n\n<p>Y de todos ellos, los que subieron al podio de la primera categor\u00eda fue la pareja formada por V\u00edctor S\u00e1nchez Vera y David Garc\u00eda Campos que se impusieron, en la final, a Daniel Bressel y V\u00edctor Manuel Mena por un 6\/2 6\/4.<\/p>\n\n\n\n<p>En cuanto al cuadro femenino, tambi\u00e9n cont\u00f3 esta prueba con grandes figuras del p\u00e1del madrile\u00f1o. Por el Club Deportivo Somontes han pasado Lorena Alonso, Alicia Berl y Carlota Casali, tambi\u00e9n en las primeras posiciones del ranking federado de la FMP. Todas ellas estuvieron presentes en una final que recay\u00f3 en Lorena Alonso y Alicia Berl, que ganaron a Carlota Casali y Rebeca L\u00f3pez por un 6\/4 6\/1.<\/p>\n\n\n\n<p>Tambi\u00e9n tuvieron lugar, en el marco de esta \u00faltima prueba del a\u00f1o, tres torneos express que contaron con un total de 230 participantes. Si fuese por las parejas inscritas, la participaci\u00f3n hubiese ascendido a 576 jugadores y jugadoras, pero el n\u00famero de plazas era limitado, m\u00e1xime cuando hubo que cambiar de ubicaci\u00f3n en el \u00faltimo momento ante el confinamiento del \u00e1rea sanitaria de La Moraleja, lugar donde estaba programada la celebraci\u00f3n en primera instancia.<\/p>\n\n\n\n<p>A estos torneos express, el Circuito de P\u00e1del Estrella Damm ha querido llevar la Navidad con el sorteo de tres cestas regalo que fueron a parar a Sonia Navarro, Marta S\u00e1nchez Barril e Iv\u00e1n Mora. Estos participantes se llevaron a sus casas una pala Titania Moon de StarVie, una cena para dos en Hamburguesa Nostra, un cheque regalo de gasolina DISA-Shell, una licencia de la FMP para 2021, adem\u00e1s de art\u00edculos regalo del World Padel Tour, de StarVie y del Circuito de P\u00e1del Estrella Damm.<\/p>\n\n\n\n<h4>Fin de fiesta en una jornada navide\u00f1a de p\u00e1del<\/h4>\n\n\n\n<p>Para cerrar la XXIV edici\u00f3n del Circuito de P\u00e1del Estrella Damm, se ha programado una jornada de p\u00e1del en la que se celebrar\u00e1 un torneo de ma\u00f1ana y otro torneo de tarde. Todo ello suceder\u00e1 el s\u00e1bado, 19 de diciembre. El Circuito quiere celebrar con todos sus seguidores la llegada de un nuevo a\u00f1o que espera traiga nuevas ilusiones. Y para ello, adem\u00e1s de una gran competici\u00f3n ofrecer\u00e1 como tentempi\u00e9 rosc\u00f3n de reyes de Rodilla con batidos Cacaolat. Y ofrecer\u00e1 alguna otra sorpresa a sus seguidores.&nbsp;<\/p>\n","protected":false},"excerpt":{"rendered":"<p>La \u00faltima prueba del Circuito de P\u00e1del Estrella Damm ha contado con grandes figuras del p\u00e1del madrile\u00f1o. Esta prueba, marcada por las bajas temperaturas, ha tenido lugar en el Club Deportivo Somontes del 28 de noviembre al 6 de diciembre. El torneo federado cont\u00f3, en su modalidad masculina, con siete de las diez mejores \u201cpalas\u201d [&hellip;]<\/p>\n","protected":false},"author":4,"featured_media":408,"comment_status":"open","ping_status":"open","sticky":false,"template":"","format":"standard","meta":[],"categories":[7],"tags":[],"yoast_head":"<!-- This site is optimized with the Yoast SEO plugin v19.4 - https:\/\/yoast.com\/wordpress\/plugins\/seo\/ -->\n<title>GRANDES FIGURAS DEL P\u00c1DEL MADRILE\u00d1O EN LA \u00daLTIMA PRUEBA DEL 2020<\/title>\n<meta name=\"robots\" content=\"index, follow, max-snippet:-1, max-image-preview:large, max-video-preview:-1\" \/>\n<link rel=\"canonical\" href=\"https:\/\/padelestrelladamm.es\/blog\/grandes-figuras-del-padel-madrileno-en-la-ultima-prueba-del-2020\/\" \/>\n<meta property=\"og:locale\" content=\"es_ES\" \/>\n<meta property=\"og:type\" content=\"article\" \/>\n<meta property=\"og:title\" content=\"GRANDES FIGURAS DEL P\u00c1DEL MADRILE\u00d1O EN LA \u00daLTIMA PRUEBA DEL 2020\" \/>\n<meta property=\"og:description\" content=\"La \u00faltima prueba del Circuito de P\u00e1del Estrella Damm ha contado con grandes figuras del p\u00e1del madrile\u00f1o. Esta prueba, marcada por las bajas temperaturas, ha tenido lugar en el Club Deportivo Somontes del 28 de noviembre al 6 de diciembre. El torneo federado cont\u00f3, en su modalidad masculina, con siete de las diez mejores \u201cpalas\u201d [&hellip;]\" \/>\n<meta property=\"og:url\" content=\"https:\/\/padelestrelladamm.es\/blog\/grandes-figuras-del-padel-madrileno-en-la-ultima-prueba-del-2020\/\" \/>\n<meta property=\"og:site_name\" content=\"Blog de p\u00e1del - An\u00e1lisis, noticias y opini\u00f3n - Estrella Damm\" \/>\n<meta property=\"article:publisher\" content=\"https:\/\/www.facebook.com\/CircuitoDePadelEstrellaDamm\" \/>\n<meta property=\"article:published_time\" content=\"2020-12-10T13:15:00+00:00\" \/>\n<meta property=\"article:modified_time\" content=\"2021-07-07T12:16:02+00:00\" \/>\n<meta property=\"og:image\" content=\"https:\/\/padelestrelladamm.es\/blog\/wp-content\/uploads\/2021\/07\/ultima-2020.jpg\" \/>\n\t<meta property=\"og:image:width\" content=\"500\" \/>\n\t<meta property=\"og:image:height\" content=\"166\" \/>\n\t<meta property=\"og:image:type\" content=\"image\/jpeg\" \/>\n<meta name=\"author\" content=\"Redacci\u00f3n\" \/>\n<meta name=\"twitter:card\" content=\"summary_large_image\" \/>\n<meta name=\"twitter:label1\" content=\"Escrito por\" \/>\n\t<meta name=\"twitter:data1\" content=\"Redacci\u00f3n\" \/>\n\t<meta name=\"twitter:label2\" content=\"Tiempo de lectura\" \/>\n\t<meta name=\"twitter:data2\" content=\"3 minutos\" \/>\n<script type=\"application\/ld+json\" class=\"yoast-schema-graph\">{\"@context\":\"https:\/\/schema.org\",\"@graph\":[{\"@type\":\"Organization\",\"@id\":\"https:\/\/padelestrelladamm.es\/blog\/#organization\",\"name\":\"Circuito de P\u00e1del Estrelladamm\",\"url\":\"https:\/\/padelestrelladamm.es\/blog\/\",\"sameAs\":[\"https:\/\/www.instagram.com\/circuitopadelestrelladamm\",\"https:\/\/www.youtube.com\/user\/padelestrelladamm\",\"https:\/\/www.facebook.com\/CircuitoDePadelEstrellaDamm\"],\"logo\":{\"@type\":\"ImageObject\",\"inLanguage\":\"es\",\"@id\":\"https:\/\/padelestrelladamm.es\/blog\/#\/schema\/logo\/image\/\",\"url\":\"https:\/\/padelestrelladamm.es\/blog\/wp-content\/uploads\/2021\/06\/BLOG-128.jpg\",\"contentUrl\":\"https:\/\/padelestrelladamm.es\/blog\/wp-content\/uploads\/2021\/06\/BLOG-128.jpg\",\"width\":128,\"height\":26,\"caption\":\"Circuito de P\u00e1del Estrelladamm\"},\"image\":{\"@id\":\"https:\/\/padelestrelladamm.es\/blog\/#\/schema\/logo\/image\/\"}},{\"@type\":\"WebSite\",\"@id\":\"https:\/\/padelestrelladamm.es\/blog\/#website\",\"url\":\"https:\/\/padelestrelladamm.es\/blog\/\",\"name\":\"Blog de p\u00e1del - An\u00e1lisis, noticias y opini\u00f3n - Estrella Damm\",\"description\":\"Blog de p\u00e1del. Inf\u00f3rmate sobre la actualidad relacionada con el mundo del p\u00e1del. An\u00e1lisis y noticias, lo mejor en P\u00e1del Estrella Damm\",\"publisher\":{\"@id\":\"https:\/\/padelestrelladamm.es\/blog\/#organization\"},\"potentialAction\":[{\"@type\":\"SearchAction\",\"target\":{\"@type\":\"EntryPoint\",\"urlTemplate\":\"https:\/\/padelestrelladamm.es\/blog\/?s={search_term_string}\"},\"query-input\":\"required name=search_term_string\"}],\"inLanguage\":\"es\"},{\"@type\":\"WebPage\",\"@id\":\"https:\/\/padelestrelladamm.es\/blog\/grandes-figuras-del-padel-madrileno-en-la-ultima-prueba-del-2020\/\",\"url\":\"https:\/\/padelestrelladamm.es\/blog\/grandes-figuras-del-padel-madrileno-en-la-ultima-prueba-del-2020\/\",\"name\":\"GRANDES FIGURAS DEL P\u00c1DEL MADRILE\u00d1O EN LA \u00daLTIMA PRUEBA DEL 2020\",\"isPartOf\":{\"@id\":\"https:\/\/padelestrelladamm.es\/blog\/#website\"},\"datePublished\":\"2020-12-10T13:15:00+00:00\",\"dateModified\":\"2021-07-07T12:16:02+00:00\",\"breadcrumb\":{\"@id\":\"https:\/\/padelestrelladamm.es\/blog\/grandes-figuras-del-padel-madrileno-en-la-ultima-prueba-del-2020\/#breadcrumb\"},\"inLanguage\":\"es\",\"potentialAction\":[{\"@type\":\"ReadAction\",\"target\":[\"https:\/\/padelestrelladamm.es\/blog\/grandes-figuras-del-padel-madrileno-en-la-ultima-prueba-del-2020\/\"]}]},{\"@type\":\"BreadcrumbList\",\"@id\":\"https:\/\/padelestrelladamm.es\/blog\/grandes-figuras-del-padel-madrileno-en-la-ultima-prueba-del-2020\/#breadcrumb\",\"itemListElement\":[{\"@type\":\"ListItem\",\"position\":1,\"name\":\"Inicio\",\"item\":\"https:\/\/padelestrelladamm.es\/blog\/\"},{\"@type\":\"ListItem\",\"position\":2,\"name\":\"GRANDES FIGURAS DEL P\u00c1DEL MADRILE\u00d1O EN LA \u00daLTIMA PRUEBA DEL 2020\"}]},{\"@type\":\"Article\",\"@id\":\"https:\/\/padelestrelladamm.es\/blog\/grandes-figuras-del-padel-madrileno-en-la-ultima-prueba-del-2020\/#article\",\"isPartOf\":{\"@id\":\"https:\/\/padelestrelladamm.es\/blog\/grandes-figuras-del-padel-madrileno-en-la-ultima-prueba-del-2020\/\"},\"author\":{\"name\":\"Redacci\u00f3n\",\"@id\":\"https:\/\/padelestrelladamm.es\/blog\/#\/schema\/person\/418380b12903f0d45c68a26eb53d71fd\"},\"headline\":\"GRANDES FIGURAS DEL P\u00c1DEL MADRILE\u00d1O EN LA \u00daLTIMA PRUEBA DEL 2020\",\"datePublished\":\"2020-12-10T13:15:00+00:00\",\"dateModified\":\"2021-07-07T12:16:02+00:00\",\"mainEntityOfPage\":{\"@id\":\"https:\/\/padelestrelladamm.es\/blog\/grandes-figuras-del-padel-madrileno-en-la-ultima-prueba-del-2020\/\"},\"wordCount\":518,\"commentCount\":0,\"publisher\":{\"@id\":\"https:\/\/padelestrelladamm.es\/blog\/#organization\"},\"articleSection\":[\"Cr\u00f3nicas\"],\"inLanguage\":\"es\",\"potentialAction\":[{\"@type\":\"CommentAction\",\"name\":\"Comment\",\"target\":[\"https:\/\/padelestrelladamm.es\/blog\/grandes-figuras-del-padel-madrileno-en-la-ultima-prueba-del-2020\/#respond\"]}]},{\"@type\":\"Person\",\"@id\":\"https:\/\/padelestrelladamm.es\/blog\/#\/schema\/person\/418380b12903f0d45c68a26eb53d71fd\",\"name\":\"Redacci\u00f3n\",\"image\":{\"@type\":\"ImageObject\",\"inLanguage\":\"es\",\"@id\":\"https:\/\/padelestrelladamm.es\/blog\/#\/schema\/person\/image\/\",\"url\":\"https:\/\/secure.gravatar.com\/avatar\/8de99d88dc171dfa4570a7b72f5fa083?s=96&d=mm&r=g\",\"contentUrl\":\"https:\/\/secure.gravatar.com\/avatar\/8de99d88dc171dfa4570a7b72f5fa083?s=96&d=mm&r=g\",\"caption\":\"Redacci\u00f3n\"},\"url\":\"https:\/\/padelestrelladamm.es\/blog\/author\/circuito\/\"}]}<\/script>\n<!-- \/ Yoast SEO plugin. -->","yoast_head_json":{"title":"GRANDES FIGURAS DEL P\u00c1DEL MADRILE\u00d1O EN LA \u00daLTIMA PRUEBA DEL 2020","robots":{"index":"index","follow":"follow","max-snippet":"max-snippet:-1","max-image-preview":"max-image-preview:large","max-video-preview":"max-video-preview:-1"},"canonical":"https:\/\/padelestrelladamm.es\/blog\/grandes-figuras-del-padel-madrileno-en-la-ultima-prueba-del-2020\/","og_locale":"es_ES","og_type":"article","og_title":"GRANDES FIGURAS DEL P\u00c1DEL MADRILE\u00d1O EN LA \u00daLTIMA PRUEBA DEL 2020","og_description":"La \u00faltima prueba del Circuito de P\u00e1del Estrella Damm ha contado con grandes figuras del p\u00e1del madrile\u00f1o. Esta prueba, marcada por las bajas temperaturas, ha tenido lugar en el Club Deportivo Somontes del 28 de noviembre al 6 de diciembre. El torneo federado cont\u00f3, en su modalidad masculina, con siete de las diez mejores \u201cpalas\u201d [&hellip;]","og_url":"https:\/\/padelestrelladamm.es\/blog\/grandes-figuras-del-padel-madrileno-en-la-ultima-prueba-del-2020\/","og_site_name":"Blog de p\u00e1del - An\u00e1lisis, noticias y opini\u00f3n - Estrella Damm","article_publisher":"https:\/\/www.facebook.com\/CircuitoDePadelEstrellaDamm","article_published_time":"2020-12-10T13:15:00+00:00","article_modified_time":"2021-07-07T12:16:02+00:00","og_image":[{"width":500,"height":166,"url":"https:\/\/padelestrelladamm.es\/blog\/wp-content\/uploads\/2021\/07\/ultima-2020.jpg","type":"image\/jpeg"}],"author":"Redacci\u00f3n","twitter_card":"summary_large_image","twitter_misc":{"Escrito por":"Redacci\u00f3n","Tiempo de lectura":"3 minutos"},"schema":{"@context":"https:\/\/schema.org","@graph":[{"@type":"Organization","@id":"https:\/\/padelestrelladamm.es\/blog\/#organization","name":"Circuito de P\u00e1del Estrelladamm","url":"https:\/\/padelestrelladamm.es\/blog\/","sameAs":["https:\/\/www.instagram.com\/circuitopadelestrelladamm","https:\/\/www.youtube.com\/user\/padelestrelladamm","https:\/\/www.facebook.com\/CircuitoDePadelEstrellaDamm"],"logo":{"@type":"ImageObject","inLanguage":"es","@id":"https:\/\/padelestrelladamm.es\/blog\/#\/schema\/logo\/image\/","url":"https:\/\/padelestrelladamm.es\/blog\/wp-content\/uploads\/2021\/06\/BLOG-128.jpg","contentUrl":"https:\/\/padelestrelladamm.es\/blog\/wp-content\/uploads\/2021\/06\/BLOG-128.jpg","width":128,"height":26,"caption":"Circuito de P\u00e1del Estrelladamm"},"image":{"@id":"https:\/\/padelestrelladamm.es\/blog\/#\/schema\/logo\/image\/"}},{"@type":"WebSite","@id":"https:\/\/padelestrelladamm.es\/blog\/#website","url":"https:\/\/padelestrelladamm.es\/blog\/","name":"Blog de p\u00e1del - An\u00e1lisis, noticias y opini\u00f3n - Estrella Damm","description":"Blog de p\u00e1del. Inf\u00f3rmate sobre la actualidad relacionada con el mundo del p\u00e1del. An\u00e1lisis y noticias, lo mejor en P\u00e1del Estrella Damm","publisher":{"@id":"https:\/\/padelestrelladamm.es\/blog\/#organization"},"potentialAction":[{"@type":"SearchAction","target":{"@type":"EntryPoint","urlTemplate":"https:\/\/padelestrelladamm.es\/blog\/?s={search_term_string}"},"query-input":"required name=search_term_string"}],"inLanguage":"es"},{"@type":"WebPage","@id":"https:\/\/padelestrelladamm.es\/blog\/grandes-figuras-del-padel-madrileno-en-la-ultima-prueba-del-2020\/","url":"https:\/\/padelestrelladamm.es\/blog\/grandes-figuras-del-padel-madrileno-en-la-ultima-prueba-del-2020\/","name":"GRANDES FIGURAS DEL P\u00c1DEL MADRILE\u00d1O EN LA \u00daLTIMA PRUEBA DEL 2020","isPartOf":{"@id":"https:\/\/padelestrelladamm.es\/blog\/#website"},"datePublished":"2020-12-10T13:15:00+00:00","dateModified":"2021-07-07T12:16:02+00:00","breadcrumb":{"@id":"https:\/\/padelestrelladamm.es\/blog\/grandes-figuras-del-padel-madrileno-en-la-ultima-prueba-del-2020\/#breadcrumb"},"inLanguage":"es","potentialAction":[{"@type":"ReadAction","target":["https:\/\/padelestrelladamm.es\/blog\/grandes-figuras-del-padel-madrileno-en-la-ultima-prueba-del-2020\/"]}]},{"@type":"BreadcrumbList","@id":"https:\/\/padelestrelladamm.es\/blog\/grandes-figuras-del-padel-madrileno-en-la-ultima-prueba-del-2020\/#breadcrumb","itemListElement":[{"@type":"ListItem","position":1,"name":"Inicio","item":"https:\/\/padelestrelladamm.es\/blog\/"},{"@type":"ListItem","position":2,"name":"GRANDES FIGURAS DEL P\u00c1DEL MADRILE\u00d1O EN LA \u00daLTIMA PRUEBA DEL 2020"}]},{"@type":"Article","@id":"https:\/\/padelestrelladamm.es\/blog\/grandes-figuras-del-padel-madrileno-en-la-ultima-prueba-del-2020\/#article","isPartOf":{"@id":"https:\/\/padelestrelladamm.es\/blog\/grandes-figuras-del-padel-madrileno-en-la-ultima-prueba-del-2020\/"},"author":{"name":"Redacci\u00f3n","@id":"https:\/\/padelestrelladamm.es\/blog\/#\/schema\/person\/418380b12903f0d45c68a26eb53d71fd"},"headline":"GRANDES FIGURAS DEL P\u00c1DEL MADRILE\u00d1O EN LA \u00daLTIMA PRUEBA DEL 2020","datePublished":"2020-12-10T13:15:00+00:00","dateModified":"2021-07-07T12:16:02+00:00","mainEntityOfPage":{"@id":"https:\/\/padelestrelladamm.es\/blog\/grandes-figuras-del-padel-madrileno-en-la-ultima-prueba-del-2020\/"},"wordCount":518,"commentCount":0,"publisher":{"@id":"https:\/\/padelestrelladamm.es\/blog\/#organization"},"articleSection":["Cr\u00f3nicas"],"inLanguage":"es","potentialAction":[{"@type":"CommentAction","name":"Comment","target":["https:\/\/padelestrelladamm.es\/blog\/grandes-figuras-del-padel-madrileno-en-la-ultima-prueba-del-2020\/#respond"]}]},{"@type":"Person","@id":"https:\/\/padelestrelladamm.es\/blog\/#\/schema\/person\/418380b12903f0d45c68a26eb53d71fd","name":"Redacci\u00f3n","image":{"@type":"ImageObject","inLanguage":"es","@id":"https:\/\/padelestrelladamm.es\/blog\/#\/schema\/person\/image\/","url":"https:\/\/secure.gravatar.com\/avatar\/8de99d88dc171dfa4570a7b72f5fa083?s=96&d=mm&r=g","contentUrl":"https:\/\/secure.gravatar.com\/avatar\/8de99d88dc171dfa4570a7b72f5fa083?s=96&d=mm&r=g","caption":"Redacci\u00f3n"},"url":"https:\/\/padelestrelladamm.es\/blog\/author\/circuito\/"}]}},"_links":{"self":[{"href":"https:\/\/padelestrelladamm.es\/blog\/wp-json\/wp\/v2\/posts\/407"}],"collection":[{"href":"https:\/\/padelestrelladamm.es\/blog\/wp-json\/wp\/v2\/posts"}],"about":[{"href":"https:\/\/padelestrelladamm.es\/blog\/wp-json\/wp\/v2\/types\/post"}],"author":[{"embeddable":true,"href":"https:\/\/padelestrelladamm.es\/blog\/wp-json\/wp\/v2\/users\/4"}],"replies":[{"embeddable":true,"href":"https:\/\/padelestrelladamm.es\/blog\/wp-json\/wp\/v2\/comments?post=407"}],"version-history":[{"count":1,"href":"https:\/\/padelestrelladamm.es\/blog\/wp-json\/wp\/v2\/posts\/407\/revisions"}],"predecessor-version":[{"id":409,"href":"https:\/\/padelestrelladamm.es\/blog\/wp-json\/wp\/v2\/posts\/407\/revisions\/409"}],"wp:featuredmedia":[{"embeddable":true,"href":"https:\/\/padelestrelladamm.es\/blog\/wp-json\/wp\/v2\/media\/408"}],"wp:attachment":[{"href":"https:\/\/padelestrelladamm.es\/blog\/wp-json\/wp\/v2\/media?parent=407"}],"wp:term":[{"taxonomy":"category","embeddable":true,"href":"https:\/\/padelestrelladamm.es\/blog\/wp-json\/wp\/v2\/categories?post=407"},{"taxonomy":"post_tag","embeddable":true,"href":"https:\/\/padelestrelladamm.es\/blog\/wp-json\/wp\/v2\/tags?post=407"}],"curies":[{"name":"wp","href":"https:\/\/api.w.org\/{rel}","templated":true}]}}