{"id":418,"date":"2020-10-26T15:19:00","date_gmt":"2020-10-26T14:19:00","guid":{"rendered":"https:\/\/padelestrelladamm.es\/blog\/?p=418"},"modified":"2021-07-07T15:19:58","modified_gmt":"2021-07-07T13:19:58","slug":"rotundo-exito-de-participacion-en-el-veterano","status":"publish","type":"post","link":"https:\/\/padelestrelladamm.es\/blog\/rotundo-exito-de-participacion-en-el-veterano\/","title":{"rendered":"ROTUNDO \u00c9XITO DE PARTICIPACI\u00d3N EN EL VETERANO"},"content":{"rendered":"\n<p>Ni con el optimismo que caracteriza al Circuito de P\u00e1del Estrella Damm, se pod\u00eda presagiar el rotundo \u00e9xito de participaci\u00f3n que ha habido en el torneo veterano celebrado de 19 al 25 de octubre en el club Maspadel.<\/p>\n\n\n\n<p>Ni el cambio de sede de \u00faltimo momento, ni la restricci\u00f3n de movilidad de 9 municipios de la Comunidad de Madrid, han sido obst\u00e1culo para que, nada m\u00e1s y nada menos que 142 jugadores se hayan dado cita en esta competici\u00f3n.&nbsp; Ha quedado claro que, los jugadores y jugadoras veteranas, tanto federados como no federados de todos los niveles a los que se dirig\u00eda la convocatoria, estaban anhelantes de competir. La motivaci\u00f3n de los federados y federadas era clara ya que las ligas federativas fueron anuladas a principios del mes de septiembre de debido a las restricciones Covid-19.<\/p>\n\n\n\n<p>El torneo, dado los niveles de las parejas apuntadas, se estructur\u00f3&nbsp; en dos categor\u00edas femeninas (Pro y Medio) y tres masculinas (Pro, Avanzado y Medio).&nbsp;<\/p>\n\n\n\n<p>Las parejas de alto nivel, al ser las menos numerosas, disputaron la categor\u00eda Veterana Pro en formato liguilla de todas las parejas contra todas. La modalidad femenina de esta categor\u00eda no se defini\u00f3 hasta el \u00faltimo partido que enfrentaba a B\u00e1rbara Alc\u00e1ntara con Nuria Gil contra Mar\u00eda Garrido e Eva Cuezva. Pese a recaer este partido en la pareja Alc\u00e1ntara-Gil por un 6\/4-7\/6,&nbsp; el triunfo final de la liguilla por diferencia de puntos fue para Garrido-Cuezva que mostraron calidad y consistencia durante todo el torneo. El tercer puesto fue para Helena de Arcos y Elena Villalta. Por su parte, en la modalidad masculina, el primer puesto fue para Ricardo Charfol\u00e9 y Francisco Javier Rodr\u00edguez, el segundo para Willy Casta\u00f1\u00f3n junto a Francisco Javier Garc\u00eda y el tercero para Diego del Percio y Ezequiel Di Stasio. Fue en esta categor\u00eda en la que se produjo el partido m\u00e1s disputado de todo el campeonato. Se trat\u00f3 del que enfrent\u00f3 a la pareja subcampeona y a la tercera. Tres duros sets dur\u00f3 el partido, dos de ellos con tie break para alzarse con la victoria Casta\u00f1\u00f3n-G.\u00aa Machuca por un 7\/6 3\/6 7\/6.&nbsp;<\/p>\n\n\n\n<p>Otras grandes parejas tambi\u00e9n subieron al p\u00f3dium en el torneo veterano de Maspadel. En cuanto a la modalidad masculina, la categor\u00eda Avanzada se la llevaron Francisco Trave y Oscar Rodr\u00edguez que ganaron a Iv\u00e1n Gonz\u00e1lez y Adri\u00e1n Gonz\u00e1lez en la final a por un ajustado 4\/6, 6\/3y&nbsp; 6\/3. En cuanto a la categor\u00eda Media, Juan Manuel Salgado y Juan Fern\u00e1ndez fue la pareja campeona que super\u00f3 a \u00c1lvaro Fern\u00e1ndez y Jes\u00fas R\u00edos por un rotundo 6\/0 6\/0.<\/p>\n\n\n\n<p>Mirando al cuadro femenino, en la categor\u00eda media la pareja formada por Mercedes Gonz\u00e1lez y&nbsp; Paloma G\u00f3mez fue la que subi\u00f3 a lo m\u00e1s alto del podio ganando a Concepci\u00f3n Mart\u00ednez y Elena Blanco 6\/1 6\/2.<\/p>\n\n\n\n<p>En esta ocasi\u00f3n, y dada la adversa climatolog\u00eda, tan solo se celebraron dos torneos express en torno al torneo de semana. Tambi\u00e9n esta modalidad de torneo cont\u00f3 con una gran participaci\u00f3n. 164 jugadores y jugadoras pudieron participar en los torneos express del club Maspadel. Decimos pudieron porque hubo 124 personas que tuvieron que darse de baja por motivo de las restricciones de movilidad.<\/p>\n\n\n\n<p>El Circuito de P\u00e1del Estrella Damm no puede dejar de agradecer una vez m\u00e1s la confianza que los amantes del p\u00e1del depositan en su organizaci\u00f3n.&nbsp;<\/p>\n","protected":false},"excerpt":{"rendered":"<p>Ni con el optimismo que caracteriza al Circuito de P\u00e1del Estrella Damm, se pod\u00eda presagiar el rotundo \u00e9xito de participaci\u00f3n que ha habido en el torneo veterano celebrado de 19 al 25 de octubre en el club Maspadel. Ni el cambio de sede de \u00faltimo momento, ni la restricci\u00f3n de movilidad de 9 municipios de [&hellip;]<\/p>\n","protected":false},"author":4,"featured_media":419,"comment_status":"open","ping_status":"open","sticky":false,"template":"","format":"standard","meta":[],"categories":[7],"tags":[],"yoast_head":"<!-- This site is optimized with the Yoast SEO plugin v19.4 - https:\/\/yoast.com\/wordpress\/plugins\/seo\/ -->\n<title>ROTUNDO \u00c9XITO DE PARTICIPACI\u00d3N EN EL VETERANO<\/title>\n<meta name=\"robots\" content=\"index, follow, max-snippet:-1, max-image-preview:large, max-video-preview:-1\" \/>\n<link rel=\"canonical\" href=\"https:\/\/padelestrelladamm.es\/blog\/rotundo-exito-de-participacion-en-el-veterano\/\" \/>\n<meta property=\"og:locale\" content=\"es_ES\" \/>\n<meta property=\"og:type\" content=\"article\" \/>\n<meta property=\"og:title\" content=\"ROTUNDO \u00c9XITO DE PARTICIPACI\u00d3N EN EL VETERANO\" \/>\n<meta property=\"og:description\" content=\"Ni con el optimismo que caracteriza al Circuito de P\u00e1del Estrella Damm, se pod\u00eda presagiar el rotundo \u00e9xito de participaci\u00f3n que ha habido en el torneo veterano celebrado de 19 al 25 de octubre en el club Maspadel. Ni el cambio de sede de \u00faltimo momento, ni la restricci\u00f3n de movilidad de 9 municipios de [&hellip;]\" \/>\n<meta property=\"og:url\" content=\"https:\/\/padelestrelladamm.es\/blog\/rotundo-exito-de-participacion-en-el-veterano\/\" \/>\n<meta property=\"og:site_name\" content=\"Blog de p\u00e1del - An\u00e1lisis, noticias y opini\u00f3n - Estrella Damm\" \/>\n<meta property=\"article:publisher\" content=\"https:\/\/www.facebook.com\/CircuitoDePadelEstrellaDamm\" \/>\n<meta property=\"article:published_time\" content=\"2020-10-26T14:19:00+00:00\" \/>\n<meta property=\"article:modified_time\" content=\"2021-07-07T13:19:58+00:00\" \/>\n<meta property=\"og:image\" content=\"https:\/\/padelestrelladamm.es\/blog\/wp-content\/uploads\/2021\/07\/veterano-2020.jpg\" \/>\n\t<meta property=\"og:image:width\" content=\"500\" \/>\n\t<meta property=\"og:image:height\" content=\"166\" \/>\n\t<meta property=\"og:image:type\" content=\"image\/jpeg\" \/>\n<meta name=\"author\" content=\"Redacci\u00f3n\" \/>\n<meta name=\"twitter:card\" content=\"summary_large_image\" \/>\n<meta name=\"twitter:label1\" content=\"Escrito por\" \/>\n\t<meta name=\"twitter:data1\" content=\"Redacci\u00f3n\" \/>\n\t<meta name=\"twitter:label2\" content=\"Tiempo de lectura\" \/>\n\t<meta name=\"twitter:data2\" content=\"3 minutos\" \/>\n<script type=\"application\/ld+json\" class=\"yoast-schema-graph\">{\"@context\":\"https:\/\/schema.org\",\"@graph\":[{\"@type\":\"Organization\",\"@id\":\"https:\/\/padelestrelladamm.es\/blog\/#organization\",\"name\":\"Circuito de P\u00e1del Estrelladamm\",\"url\":\"https:\/\/padelestrelladamm.es\/blog\/\",\"sameAs\":[\"https:\/\/www.instagram.com\/circuitopadelestrelladamm\",\"https:\/\/www.youtube.com\/user\/padelestrelladamm\",\"https:\/\/www.facebook.com\/CircuitoDePadelEstrellaDamm\"],\"logo\":{\"@type\":\"ImageObject\",\"inLanguage\":\"es\",\"@id\":\"https:\/\/padelestrelladamm.es\/blog\/#\/schema\/logo\/image\/\",\"url\":\"https:\/\/padelestrelladamm.es\/blog\/wp-content\/uploads\/2021\/06\/BLOG-128.jpg\",\"contentUrl\":\"https:\/\/padelestrelladamm.es\/blog\/wp-content\/uploads\/2021\/06\/BLOG-128.jpg\",\"width\":128,\"height\":26,\"caption\":\"Circuito de P\u00e1del Estrelladamm\"},\"image\":{\"@id\":\"https:\/\/padelestrelladamm.es\/blog\/#\/schema\/logo\/image\/\"}},{\"@type\":\"WebSite\",\"@id\":\"https:\/\/padelestrelladamm.es\/blog\/#website\",\"url\":\"https:\/\/padelestrelladamm.es\/blog\/\",\"name\":\"Blog de p\u00e1del - An\u00e1lisis, noticias y opini\u00f3n - Estrella Damm\",\"description\":\"Blog de p\u00e1del. Inf\u00f3rmate sobre la actualidad relacionada con el mundo del p\u00e1del. An\u00e1lisis y noticias, lo mejor en P\u00e1del Estrella Damm\",\"publisher\":{\"@id\":\"https:\/\/padelestrelladamm.es\/blog\/#organization\"},\"potentialAction\":[{\"@type\":\"SearchAction\",\"target\":{\"@type\":\"EntryPoint\",\"urlTemplate\":\"https:\/\/padelestrelladamm.es\/blog\/?s={search_term_string}\"},\"query-input\":\"required name=search_term_string\"}],\"inLanguage\":\"es\"},{\"@type\":\"WebPage\",\"@id\":\"https:\/\/padelestrelladamm.es\/blog\/rotundo-exito-de-participacion-en-el-veterano\/\",\"url\":\"https:\/\/padelestrelladamm.es\/blog\/rotundo-exito-de-participacion-en-el-veterano\/\",\"name\":\"ROTUNDO \u00c9XITO DE PARTICIPACI\u00d3N EN EL VETERANO\",\"isPartOf\":{\"@id\":\"https:\/\/padelestrelladamm.es\/blog\/#website\"},\"datePublished\":\"2020-10-26T14:19:00+00:00\",\"dateModified\":\"2021-07-07T13:19:58+00:00\",\"breadcrumb\":{\"@id\":\"https:\/\/padelestrelladamm.es\/blog\/rotundo-exito-de-participacion-en-el-veterano\/#breadcrumb\"},\"inLanguage\":\"es\",\"potentialAction\":[{\"@type\":\"ReadAction\",\"target\":[\"https:\/\/padelestrelladamm.es\/blog\/rotundo-exito-de-participacion-en-el-veterano\/\"]}]},{\"@type\":\"BreadcrumbList\",\"@id\":\"https:\/\/padelestrelladamm.es\/blog\/rotundo-exito-de-participacion-en-el-veterano\/#breadcrumb\",\"itemListElement\":[{\"@type\":\"ListItem\",\"position\":1,\"name\":\"Inicio\",\"item\":\"https:\/\/padelestrelladamm.es\/blog\/\"},{\"@type\":\"ListItem\",\"position\":2,\"name\":\"ROTUNDO \u00c9XITO DE PARTICIPACI\u00d3N EN EL VETERANO\"}]},{\"@type\":\"Article\",\"@id\":\"https:\/\/padelestrelladamm.es\/blog\/rotundo-exito-de-participacion-en-el-veterano\/#article\",\"isPartOf\":{\"@id\":\"https:\/\/padelestrelladamm.es\/blog\/rotundo-exito-de-participacion-en-el-veterano\/\"},\"author\":{\"name\":\"Redacci\u00f3n\",\"@id\":\"https:\/\/padelestrelladamm.es\/blog\/#\/schema\/person\/418380b12903f0d45c68a26eb53d71fd\"},\"headline\":\"ROTUNDO \u00c9XITO DE PARTICIPACI\u00d3N EN EL VETERANO\",\"datePublished\":\"2020-10-26T14:19:00+00:00\",\"dateModified\":\"2021-07-07T13:19:58+00:00\",\"mainEntityOfPage\":{\"@id\":\"https:\/\/padelestrelladamm.es\/blog\/rotundo-exito-de-participacion-en-el-veterano\/\"},\"wordCount\":601,\"commentCount\":0,\"publisher\":{\"@id\":\"https:\/\/padelestrelladamm.es\/blog\/#organization\"},\"articleSection\":[\"Cr\u00f3nicas\"],\"inLanguage\":\"es\",\"potentialAction\":[{\"@type\":\"CommentAction\",\"name\":\"Comment\",\"target\":[\"https:\/\/padelestrelladamm.es\/blog\/rotundo-exito-de-participacion-en-el-veterano\/#respond\"]}]},{\"@type\":\"Person\",\"@id\":\"https:\/\/padelestrelladamm.es\/blog\/#\/schema\/person\/418380b12903f0d45c68a26eb53d71fd\",\"name\":\"Redacci\u00f3n\",\"image\":{\"@type\":\"ImageObject\",\"inLanguage\":\"es\",\"@id\":\"https:\/\/padelestrelladamm.es\/blog\/#\/schema\/person\/image\/\",\"url\":\"https:\/\/secure.gravatar.com\/avatar\/8de99d88dc171dfa4570a7b72f5fa083?s=96&d=mm&r=g\",\"contentUrl\":\"https:\/\/secure.gravatar.com\/avatar\/8de99d88dc171dfa4570a7b72f5fa083?s=96&d=mm&r=g\",\"caption\":\"Redacci\u00f3n\"},\"url\":\"https:\/\/padelestrelladamm.es\/blog\/author\/circuito\/\"}]}<\/script>\n<!-- \/ Yoast SEO plugin. -->","yoast_head_json":{"title":"ROTUNDO \u00c9XITO DE PARTICIPACI\u00d3N EN EL VETERANO","robots":{"index":"index","follow":"follow","max-snippet":"max-snippet:-1","max-image-preview":"max-image-preview:large","max-video-preview":"max-video-preview:-1"},"canonical":"https:\/\/padelestrelladamm.es\/blog\/rotundo-exito-de-participacion-en-el-veterano\/","og_locale":"es_ES","og_type":"article","og_title":"ROTUNDO \u00c9XITO DE PARTICIPACI\u00d3N EN EL VETERANO","og_description":"Ni con el optimismo que caracteriza al Circuito de P\u00e1del Estrella Damm, se pod\u00eda presagiar el rotundo \u00e9xito de participaci\u00f3n que ha habido en el torneo veterano celebrado de 19 al 25 de octubre en el club Maspadel. Ni el cambio de sede de \u00faltimo momento, ni la restricci\u00f3n de movilidad de 9 municipios de [&hellip;]","og_url":"https:\/\/padelestrelladamm.es\/blog\/rotundo-exito-de-participacion-en-el-veterano\/","og_site_name":"Blog de p\u00e1del - An\u00e1lisis, noticias y opini\u00f3n - Estrella Damm","article_publisher":"https:\/\/www.facebook.com\/CircuitoDePadelEstrellaDamm","article_published_time":"2020-10-26T14:19:00+00:00","article_modified_time":"2021-07-07T13:19:58+00:00","og_image":[{"width":500,"height":166,"url":"https:\/\/padelestrelladamm.es\/blog\/wp-content\/uploads\/2021\/07\/veterano-2020.jpg","type":"image\/jpeg"}],"author":"Redacci\u00f3n","twitter_card":"summary_large_image","twitter_misc":{"Escrito por":"Redacci\u00f3n","Tiempo de lectura":"3 minutos"},"schema":{"@context":"https:\/\/schema.org","@graph":[{"@type":"Organization","@id":"https:\/\/padelestrelladamm.es\/blog\/#organization","name":"Circuito de P\u00e1del Estrelladamm","url":"https:\/\/padelestrelladamm.es\/blog\/","sameAs":["https:\/\/www.instagram.com\/circuitopadelestrelladamm","https:\/\/www.youtube.com\/user\/padelestrelladamm","https:\/\/www.facebook.com\/CircuitoDePadelEstrellaDamm"],"logo":{"@type":"ImageObject","inLanguage":"es","@id":"https:\/\/padelestrelladamm.es\/blog\/#\/schema\/logo\/image\/","url":"https:\/\/padelestrelladamm.es\/blog\/wp-content\/uploads\/2021\/06\/BLOG-128.jpg","contentUrl":"https:\/\/padelestrelladamm.es\/blog\/wp-content\/uploads\/2021\/06\/BLOG-128.jpg","width":128,"height":26,"caption":"Circuito de P\u00e1del Estrelladamm"},"image":{"@id":"https:\/\/padelestrelladamm.es\/blog\/#\/schema\/logo\/image\/"}},{"@type":"WebSite","@id":"https:\/\/padelestrelladamm.es\/blog\/#website","url":"https:\/\/padelestrelladamm.es\/blog\/","name":"Blog de p\u00e1del - An\u00e1lisis, noticias y opini\u00f3n - Estrella Damm","description":"Blog de p\u00e1del. Inf\u00f3rmate sobre la actualidad relacionada con el mundo del p\u00e1del. An\u00e1lisis y noticias, lo mejor en P\u00e1del Estrella Damm","publisher":{"@id":"https:\/\/padelestrelladamm.es\/blog\/#organization"},"potentialAction":[{"@type":"SearchAction","target":{"@type":"EntryPoint","urlTemplate":"https:\/\/padelestrelladamm.es\/blog\/?s={search_term_string}"},"query-input":"required name=search_term_string"}],"inLanguage":"es"},{"@type":"WebPage","@id":"https:\/\/padelestrelladamm.es\/blog\/rotundo-exito-de-participacion-en-el-veterano\/","url":"https:\/\/padelestrelladamm.es\/blog\/rotundo-exito-de-participacion-en-el-veterano\/","name":"ROTUNDO \u00c9XITO DE PARTICIPACI\u00d3N EN EL VETERANO","isPartOf":{"@id":"https:\/\/padelestrelladamm.es\/blog\/#website"},"datePublished":"2020-10-26T14:19:00+00:00","dateModified":"2021-07-07T13:19:58+00:00","breadcrumb":{"@id":"https:\/\/padelestrelladamm.es\/blog\/rotundo-exito-de-participacion-en-el-veterano\/#breadcrumb"},"inLanguage":"es","potentialAction":[{"@type":"ReadAction","target":["https:\/\/padelestrelladamm.es\/blog\/rotundo-exito-de-participacion-en-el-veterano\/"]}]},{"@type":"BreadcrumbList","@id":"https:\/\/padelestrelladamm.es\/blog\/rotundo-exito-de-participacion-en-el-veterano\/#breadcrumb","itemListElement":[{"@type":"ListItem","position":1,"name":"Inicio","item":"https:\/\/padelestrelladamm.es\/blog\/"},{"@type":"ListItem","position":2,"name":"ROTUNDO \u00c9XITO DE PARTICIPACI\u00d3N EN EL VETERANO"}]},{"@type":"Article","@id":"https:\/\/padelestrelladamm.es\/blog\/rotundo-exito-de-participacion-en-el-veterano\/#article","isPartOf":{"@id":"https:\/\/padelestrelladamm.es\/blog\/rotundo-exito-de-participacion-en-el-veterano\/"},"author":{"name":"Redacci\u00f3n","@id":"https:\/\/padelestrelladamm.es\/blog\/#\/schema\/person\/418380b12903f0d45c68a26eb53d71fd"},"headline":"ROTUNDO \u00c9XITO DE PARTICIPACI\u00d3N EN EL VETERANO","datePublished":"2020-10-26T14:19:00+00:00","dateModified":"2021-07-07T13:19:58+00:00","mainEntityOfPage":{"@id":"https:\/\/padelestrelladamm.es\/blog\/rotundo-exito-de-participacion-en-el-veterano\/"},"wordCount":601,"commentCount":0,"publisher":{"@id":"https:\/\/padelestrelladamm.es\/blog\/#organization"},"articleSection":["Cr\u00f3nicas"],"inLanguage":"es","potentialAction":[{"@type":"CommentAction","name":"Comment","target":["https:\/\/padelestrelladamm.es\/blog\/rotundo-exito-de-participacion-en-el-veterano\/#respond"]}]},{"@type":"Person","@id":"https:\/\/padelestrelladamm.es\/blog\/#\/schema\/person\/418380b12903f0d45c68a26eb53d71fd","name":"Redacci\u00f3n","image":{"@type":"ImageObject","inLanguage":"es","@id":"https:\/\/padelestrelladamm.es\/blog\/#\/schema\/person\/image\/","url":"https:\/\/secure.gravatar.com\/avatar\/8de99d88dc171dfa4570a7b72f5fa083?s=96&d=mm&r=g","contentUrl":"https:\/\/secure.gravatar.com\/avatar\/8de99d88dc171dfa4570a7b72f5fa083?s=96&d=mm&r=g","caption":"Redacci\u00f3n"},"url":"https:\/\/padelestrelladamm.es\/blog\/author\/circuito\/"}]}},"_links":{"self":[{"href":"https:\/\/padelestrelladamm.es\/blog\/wp-json\/wp\/v2\/posts\/418"}],"collection":[{"href":"https:\/\/padelestrelladamm.es\/blog\/wp-json\/wp\/v2\/posts"}],"about":[{"href":"https:\/\/padelestrelladamm.es\/blog\/wp-json\/wp\/v2\/types\/post"}],"author":[{"embeddable":true,"href":"https:\/\/padelestrelladamm.es\/blog\/wp-json\/wp\/v2\/users\/4"}],"replies":[{"embeddable":true,"href":"https:\/\/padelestrelladamm.es\/blog\/wp-json\/wp\/v2\/comments?post=418"}],"version-history":[{"count":1,"href":"https:\/\/padelestrelladamm.es\/blog\/wp-json\/wp\/v2\/posts\/418\/revisions"}],"predecessor-version":[{"id":420,"href":"https:\/\/padelestrelladamm.es\/blog\/wp-json\/wp\/v2\/posts\/418\/revisions\/420"}],"wp:featuredmedia":[{"embeddable":true,"href":"https:\/\/padelestrelladamm.es\/blog\/wp-json\/wp\/v2\/media\/419"}],"wp:attachment":[{"href":"https:\/\/padelestrelladamm.es\/blog\/wp-json\/wp\/v2\/media?parent=418"}],"wp:term":[{"taxonomy":"category","embeddable":true,"href":"https:\/\/padelestrelladamm.es\/blog\/wp-json\/wp\/v2\/categories?post=418"},{"taxonomy":"post_tag","embeddable":true,"href":"https:\/\/padelestrelladamm.es\/blog\/wp-json\/wp\/v2\/tags?post=418"}],"curies":[{"name":"wp","href":"https:\/\/api.w.org\/{rel}","templated":true}]}}