{"id":424,"date":"2020-02-24T15:28:00","date_gmt":"2020-02-24T14:28:00","guid":{"rendered":"https:\/\/padelestrelladamm.es\/blog\/?p=424"},"modified":"2021-07-13T13:54:13","modified_gmt":"2021-07-13T11:54:13","slug":"los-torneos-federados-del-circuito-de-padel-estrella-damm-vuelven-a-las-pistas","status":"publish","type":"post","link":"https:\/\/padelestrelladamm.es\/blog\/los-torneos-federados-del-circuito-de-padel-estrella-damm-vuelven-a-las-pistas\/","title":{"rendered":"LOS TORNEOS FEDERADOS DEL CIRCUITO DE P\u00c1DEL ESTRELLA DAMM VUELVEN A LAS PISTAS"},"content":{"rendered":"\n<p>Mucho tiempo hac\u00eda que los jugadores y jugadoras no se ve\u00edan las caras en el marco de un torneo federado del Circuito de P\u00e1del Estrella Damm. Este encuentro se ha producido en el torneo celebrado del 20 al 27 de septiembre en el Club Deportivo Somontes.<\/p>\n\n\n\n<p>La respuesta de los seguidores del Circuito ha sido excepcional. Tan solo han faltado tres parejas para que este torneo reuniese a 400 jugadores y jugadoras.&nbsp;<\/p>\n\n\n\n<p>Se han vivido encuentros apasionantes en las cuatro categor\u00edas masculinas y las tres femeninas que han conformado los cuadros.&nbsp;<\/p>\n\n\n\n<p>Uno de ellos fue la final de primera masculina que dej\u00f3 un resultado, cuando menos, sorprendente por los rotundos vaivenes en el marcador. Miguel Semmler y Jose Mar\u00eda Montes acabaron haci\u00e9ndose con el partido a tres set frente a Daniel de Castro y Javier Collantes con un resultado de 6\/3 0\/6 6\/3.<\/p>\n\n\n\n<p>Por el camino de este cuadro de primera quedaron magn\u00edficos jugadores como Javier Concepci\u00f3n, Iker del Valle, David Garc\u00eda Campos, V\u00edctor S\u00e1nchez Vera, Ra\u00fal D\u00edaz o Jaime Mu\u00f1oz Enrile que demostraron qu\u00e9 es p\u00e1del de altura.&nbsp;<\/p>\n\n\n\n<p>En el cuadro femenino de primera, la victoria fue para la pareja formada por Lorena Alonso y Marta Talab\u00e1n. Con un marcador de 6\/1 6\/3, se impusieron a Carlota Casali y Alicia Berl. Durante su participaci\u00f3n en este torneo, tan solo se dejaron arrebatar dos juegos en los partidos previos. Casali y Berl no lo tuvieron tan sencillo para llegar a la final. Tanto en cuartos contra Noelia M\u00e1rquez y Julia Polo Bautista, como en semifinales contra Rebeca L\u00f3pez y Melisa Chico, tuvieron duros enfrentamientos a tres sets.<\/p>\n\n\n\n<p>Como siempre que se celebra un torneo de semana, el Circuito convoc\u00f3 sus ya cl\u00e1sicos torneos express. En esta ocasi\u00f3n solo pudo celebrarse uno de los tres torneos express convocados dado que la lluvia oblig\u00f3 a suspender los programados para el fin de semana del 19 y 20 de septiembre. Cerca de 200 jugadores y jugadoras quisieron participar en el torneo Medio que s\u00ed se celebr\u00f3, aunque por aforo de pistas, solo pudieron participar&nbsp; la mitad. Por ello y para que los seguidores del Circuito no se queden sin disfrutar de estos torneos, el Circuito ha convocado tres torneos extras para los d\u00edas 2, 3 y 4 de octubre en este mismo club. La inscripci\u00f3n ya se puede realizar a trav\u00e9s de la p\u00e1gina web del Circuito www. Padelestrelladamm.es<\/p>\n\n\n\n<h4>Un torneo federado del Circuito un tanto at\u00edpico<\/h4>\n\n\n\n<p>Los participantes del torneo federado han sido testigos de algunas de las medidas adoptadas por la organizaci\u00f3n para lograr una competici\u00f3n segura para todos y todas.<\/p>\n\n\n\n<p>Por primera vez en la Historia de los torneos federados del Circuito, la entrega de premios se realiz\u00f3 de forma escalonada conforme finalizaban los diferentes encuentros. Evitar una concentraci\u00f3n de personas en la entrega de premios ha sido el objetivo de esta medida.&nbsp;<\/p>\n\n\n\n<p>En esta l\u00ednea, una constante durante toda la semana ha sido el pedir que los jugadores y jugadoras el acudir como m\u00e1ximo con un acompa\u00f1ante por persona.<\/p>\n\n\n\n<p>Y para reducir el car\u00e1cter social de la prueba, hasta que la situaci\u00f3n sanitaria lo permita, la carpa de Estrella Damm est\u00e1 limitada a los jugadores y jugadoras y la degustaci\u00f3n de las cervezas ha de realizarse sentado en mesas.&nbsp;<\/p>\n\n\n\n<p>Afortunadamente, todas estas medidas a las que se suma la utilizaci\u00f3n permanente de las mascarillas, no han hecho mella en la felicidad originada por los reencuentros que se han producido en el Circuito, eso s\u00ed, con rigurosa distancia de seguridad.<\/p>\n","protected":false},"excerpt":{"rendered":"<p>Mucho tiempo hac\u00eda que los jugadores y jugadoras no se ve\u00edan las caras en el marco de un torneo federado del Circuito de P\u00e1del Estrella Damm. Este encuentro se ha producido en el torneo celebrado del 20 al 27 de septiembre en el Club Deportivo Somontes. La respuesta de los seguidores del Circuito ha sido [&hellip;]<\/p>\n","protected":false},"author":4,"featured_media":425,"comment_status":"open","ping_status":"open","sticky":false,"template":"","format":"standard","meta":[],"categories":[7],"tags":[],"yoast_head":"<!-- This site is optimized with the Yoast SEO plugin v19.4 - https:\/\/yoast.com\/wordpress\/plugins\/seo\/ -->\n<title>LOS TORNEOS FEDERADOS DEL CIRCUITO DE P\u00c1DEL ESTRELLA DAMM VUELVEN A LAS PISTAS<\/title>\n<meta name=\"robots\" content=\"index, follow, max-snippet:-1, max-image-preview:large, max-video-preview:-1\" \/>\n<link rel=\"canonical\" href=\"https:\/\/padelestrelladamm.es\/blog\/los-torneos-federados-del-circuito-de-padel-estrella-damm-vuelven-a-las-pistas\/\" \/>\n<meta property=\"og:locale\" content=\"es_ES\" \/>\n<meta property=\"og:type\" content=\"article\" \/>\n<meta property=\"og:title\" content=\"LOS TORNEOS FEDERADOS DEL CIRCUITO DE P\u00c1DEL ESTRELLA DAMM VUELVEN A LAS PISTAS\" \/>\n<meta property=\"og:description\" content=\"Mucho tiempo hac\u00eda que los jugadores y jugadoras no se ve\u00edan las caras en el marco de un torneo federado del Circuito de P\u00e1del Estrella Damm. Este encuentro se ha producido en el torneo celebrado del 20 al 27 de septiembre en el Club Deportivo Somontes. La respuesta de los seguidores del Circuito ha sido [&hellip;]\" \/>\n<meta property=\"og:url\" content=\"https:\/\/padelestrelladamm.es\/blog\/los-torneos-federados-del-circuito-de-padel-estrella-damm-vuelven-a-las-pistas\/\" \/>\n<meta property=\"og:site_name\" content=\"Blog de p\u00e1del - An\u00e1lisis, noticias y opini\u00f3n - Estrella Damm\" \/>\n<meta property=\"article:publisher\" content=\"https:\/\/www.facebook.com\/CircuitoDePadelEstrellaDamm\" \/>\n<meta property=\"article:published_time\" content=\"2020-02-24T14:28:00+00:00\" \/>\n<meta property=\"article:modified_time\" content=\"2021-07-13T11:54:13+00:00\" \/>\n<meta property=\"og:image\" content=\"https:\/\/padelestrelladamm.es\/blog\/wp-content\/uploads\/2021\/07\/sep-2020.jpg\" \/>\n\t<meta property=\"og:image:width\" content=\"500\" \/>\n\t<meta property=\"og:image:height\" content=\"166\" \/>\n\t<meta property=\"og:image:type\" content=\"image\/jpeg\" \/>\n<meta name=\"author\" content=\"Redacci\u00f3n\" \/>\n<meta name=\"twitter:card\" content=\"summary_large_image\" \/>\n<meta name=\"twitter:label1\" content=\"Escrito por\" \/>\n\t<meta name=\"twitter:data1\" content=\"Redacci\u00f3n\" \/>\n\t<meta name=\"twitter:label2\" content=\"Tiempo de lectura\" \/>\n\t<meta name=\"twitter:data2\" content=\"3 minutos\" \/>\n<script type=\"application\/ld+json\" class=\"yoast-schema-graph\">{\"@context\":\"https:\/\/schema.org\",\"@graph\":[{\"@type\":\"Organization\",\"@id\":\"https:\/\/padelestrelladamm.es\/blog\/#organization\",\"name\":\"Circuito de P\u00e1del Estrelladamm\",\"url\":\"https:\/\/padelestrelladamm.es\/blog\/\",\"sameAs\":[\"https:\/\/www.instagram.com\/circuitopadelestrelladamm\",\"https:\/\/www.youtube.com\/user\/padelestrelladamm\",\"https:\/\/www.facebook.com\/CircuitoDePadelEstrellaDamm\"],\"logo\":{\"@type\":\"ImageObject\",\"inLanguage\":\"es\",\"@id\":\"https:\/\/padelestrelladamm.es\/blog\/#\/schema\/logo\/image\/\",\"url\":\"https:\/\/padelestrelladamm.es\/blog\/wp-content\/uploads\/2021\/06\/BLOG-128.jpg\",\"contentUrl\":\"https:\/\/padelestrelladamm.es\/blog\/wp-content\/uploads\/2021\/06\/BLOG-128.jpg\",\"width\":128,\"height\":26,\"caption\":\"Circuito de P\u00e1del Estrelladamm\"},\"image\":{\"@id\":\"https:\/\/padelestrelladamm.es\/blog\/#\/schema\/logo\/image\/\"}},{\"@type\":\"WebSite\",\"@id\":\"https:\/\/padelestrelladamm.es\/blog\/#website\",\"url\":\"https:\/\/padelestrelladamm.es\/blog\/\",\"name\":\"Blog de p\u00e1del - An\u00e1lisis, noticias y opini\u00f3n - Estrella Damm\",\"description\":\"Blog de p\u00e1del. Inf\u00f3rmate sobre la actualidad relacionada con el mundo del p\u00e1del. An\u00e1lisis y noticias, lo mejor en P\u00e1del Estrella Damm\",\"publisher\":{\"@id\":\"https:\/\/padelestrelladamm.es\/blog\/#organization\"},\"potentialAction\":[{\"@type\":\"SearchAction\",\"target\":{\"@type\":\"EntryPoint\",\"urlTemplate\":\"https:\/\/padelestrelladamm.es\/blog\/?s={search_term_string}\"},\"query-input\":\"required name=search_term_string\"}],\"inLanguage\":\"es\"},{\"@type\":\"WebPage\",\"@id\":\"https:\/\/padelestrelladamm.es\/blog\/los-torneos-federados-del-circuito-de-padel-estrella-damm-vuelven-a-las-pistas\/\",\"url\":\"https:\/\/padelestrelladamm.es\/blog\/los-torneos-federados-del-circuito-de-padel-estrella-damm-vuelven-a-las-pistas\/\",\"name\":\"LOS TORNEOS FEDERADOS DEL CIRCUITO DE P\u00c1DEL ESTRELLA DAMM VUELVEN A LAS PISTAS\",\"isPartOf\":{\"@id\":\"https:\/\/padelestrelladamm.es\/blog\/#website\"},\"datePublished\":\"2020-02-24T14:28:00+00:00\",\"dateModified\":\"2021-07-13T11:54:13+00:00\",\"breadcrumb\":{\"@id\":\"https:\/\/padelestrelladamm.es\/blog\/los-torneos-federados-del-circuito-de-padel-estrella-damm-vuelven-a-las-pistas\/#breadcrumb\"},\"inLanguage\":\"es\",\"potentialAction\":[{\"@type\":\"ReadAction\",\"target\":[\"https:\/\/padelestrelladamm.es\/blog\/los-torneos-federados-del-circuito-de-padel-estrella-damm-vuelven-a-las-pistas\/\"]}]},{\"@type\":\"BreadcrumbList\",\"@id\":\"https:\/\/padelestrelladamm.es\/blog\/los-torneos-federados-del-circuito-de-padel-estrella-damm-vuelven-a-las-pistas\/#breadcrumb\",\"itemListElement\":[{\"@type\":\"ListItem\",\"position\":1,\"name\":\"Inicio\",\"item\":\"https:\/\/padelestrelladamm.es\/blog\/\"},{\"@type\":\"ListItem\",\"position\":2,\"name\":\"LOS TORNEOS FEDERADOS DEL CIRCUITO DE P\u00c1DEL ESTRELLA DAMM VUELVEN A LAS PISTAS\"}]},{\"@type\":\"Article\",\"@id\":\"https:\/\/padelestrelladamm.es\/blog\/los-torneos-federados-del-circuito-de-padel-estrella-damm-vuelven-a-las-pistas\/#article\",\"isPartOf\":{\"@id\":\"https:\/\/padelestrelladamm.es\/blog\/los-torneos-federados-del-circuito-de-padel-estrella-damm-vuelven-a-las-pistas\/\"},\"author\":{\"name\":\"Redacci\u00f3n\",\"@id\":\"https:\/\/padelestrelladamm.es\/blog\/#\/schema\/person\/418380b12903f0d45c68a26eb53d71fd\"},\"headline\":\"LOS TORNEOS FEDERADOS DEL CIRCUITO DE P\u00c1DEL ESTRELLA DAMM VUELVEN A LAS PISTAS\",\"datePublished\":\"2020-02-24T14:28:00+00:00\",\"dateModified\":\"2021-07-13T11:54:13+00:00\",\"mainEntityOfPage\":{\"@id\":\"https:\/\/padelestrelladamm.es\/blog\/los-torneos-federados-del-circuito-de-padel-estrella-damm-vuelven-a-las-pistas\/\"},\"wordCount\":623,\"commentCount\":0,\"publisher\":{\"@id\":\"https:\/\/padelestrelladamm.es\/blog\/#organization\"},\"articleSection\":[\"Cr\u00f3nicas\"],\"inLanguage\":\"es\",\"potentialAction\":[{\"@type\":\"CommentAction\",\"name\":\"Comment\",\"target\":[\"https:\/\/padelestrelladamm.es\/blog\/los-torneos-federados-del-circuito-de-padel-estrella-damm-vuelven-a-las-pistas\/#respond\"]}]},{\"@type\":\"Person\",\"@id\":\"https:\/\/padelestrelladamm.es\/blog\/#\/schema\/person\/418380b12903f0d45c68a26eb53d71fd\",\"name\":\"Redacci\u00f3n\",\"image\":{\"@type\":\"ImageObject\",\"inLanguage\":\"es\",\"@id\":\"https:\/\/padelestrelladamm.es\/blog\/#\/schema\/person\/image\/\",\"url\":\"https:\/\/secure.gravatar.com\/avatar\/8de99d88dc171dfa4570a7b72f5fa083?s=96&d=mm&r=g\",\"contentUrl\":\"https:\/\/secure.gravatar.com\/avatar\/8de99d88dc171dfa4570a7b72f5fa083?s=96&d=mm&r=g\",\"caption\":\"Redacci\u00f3n\"},\"url\":\"https:\/\/padelestrelladamm.es\/blog\/author\/circuito\/\"}]}<\/script>\n<!-- \/ Yoast SEO plugin. -->","yoast_head_json":{"title":"LOS TORNEOS FEDERADOS DEL CIRCUITO DE P\u00c1DEL ESTRELLA DAMM VUELVEN A LAS PISTAS","robots":{"index":"index","follow":"follow","max-snippet":"max-snippet:-1","max-image-preview":"max-image-preview:large","max-video-preview":"max-video-preview:-1"},"canonical":"https:\/\/padelestrelladamm.es\/blog\/los-torneos-federados-del-circuito-de-padel-estrella-damm-vuelven-a-las-pistas\/","og_locale":"es_ES","og_type":"article","og_title":"LOS TORNEOS FEDERADOS DEL CIRCUITO DE P\u00c1DEL ESTRELLA DAMM VUELVEN A LAS PISTAS","og_description":"Mucho tiempo hac\u00eda que los jugadores y jugadoras no se ve\u00edan las caras en el marco de un torneo federado del Circuito de P\u00e1del Estrella Damm. Este encuentro se ha producido en el torneo celebrado del 20 al 27 de septiembre en el Club Deportivo Somontes. La respuesta de los seguidores del Circuito ha sido [&hellip;]","og_url":"https:\/\/padelestrelladamm.es\/blog\/los-torneos-federados-del-circuito-de-padel-estrella-damm-vuelven-a-las-pistas\/","og_site_name":"Blog de p\u00e1del - An\u00e1lisis, noticias y opini\u00f3n - Estrella Damm","article_publisher":"https:\/\/www.facebook.com\/CircuitoDePadelEstrellaDamm","article_published_time":"2020-02-24T14:28:00+00:00","article_modified_time":"2021-07-13T11:54:13+00:00","og_image":[{"width":500,"height":166,"url":"https:\/\/padelestrelladamm.es\/blog\/wp-content\/uploads\/2021\/07\/sep-2020.jpg","type":"image\/jpeg"}],"author":"Redacci\u00f3n","twitter_card":"summary_large_image","twitter_misc":{"Escrito por":"Redacci\u00f3n","Tiempo de lectura":"3 minutos"},"schema":{"@context":"https:\/\/schema.org","@graph":[{"@type":"Organization","@id":"https:\/\/padelestrelladamm.es\/blog\/#organization","name":"Circuito de P\u00e1del Estrelladamm","url":"https:\/\/padelestrelladamm.es\/blog\/","sameAs":["https:\/\/www.instagram.com\/circuitopadelestrelladamm","https:\/\/www.youtube.com\/user\/padelestrelladamm","https:\/\/www.facebook.com\/CircuitoDePadelEstrellaDamm"],"logo":{"@type":"ImageObject","inLanguage":"es","@id":"https:\/\/padelestrelladamm.es\/blog\/#\/schema\/logo\/image\/","url":"https:\/\/padelestrelladamm.es\/blog\/wp-content\/uploads\/2021\/06\/BLOG-128.jpg","contentUrl":"https:\/\/padelestrelladamm.es\/blog\/wp-content\/uploads\/2021\/06\/BLOG-128.jpg","width":128,"height":26,"caption":"Circuito de P\u00e1del Estrelladamm"},"image":{"@id":"https:\/\/padelestrelladamm.es\/blog\/#\/schema\/logo\/image\/"}},{"@type":"WebSite","@id":"https:\/\/padelestrelladamm.es\/blog\/#website","url":"https:\/\/padelestrelladamm.es\/blog\/","name":"Blog de p\u00e1del - An\u00e1lisis, noticias y opini\u00f3n - Estrella Damm","description":"Blog de p\u00e1del. Inf\u00f3rmate sobre la actualidad relacionada con el mundo del p\u00e1del. An\u00e1lisis y noticias, lo mejor en P\u00e1del Estrella Damm","publisher":{"@id":"https:\/\/padelestrelladamm.es\/blog\/#organization"},"potentialAction":[{"@type":"SearchAction","target":{"@type":"EntryPoint","urlTemplate":"https:\/\/padelestrelladamm.es\/blog\/?s={search_term_string}"},"query-input":"required name=search_term_string"}],"inLanguage":"es"},{"@type":"WebPage","@id":"https:\/\/padelestrelladamm.es\/blog\/los-torneos-federados-del-circuito-de-padel-estrella-damm-vuelven-a-las-pistas\/","url":"https:\/\/padelestrelladamm.es\/blog\/los-torneos-federados-del-circuito-de-padel-estrella-damm-vuelven-a-las-pistas\/","name":"LOS TORNEOS FEDERADOS DEL CIRCUITO DE P\u00c1DEL ESTRELLA DAMM VUELVEN A LAS PISTAS","isPartOf":{"@id":"https:\/\/padelestrelladamm.es\/blog\/#website"},"datePublished":"2020-02-24T14:28:00+00:00","dateModified":"2021-07-13T11:54:13+00:00","breadcrumb":{"@id":"https:\/\/padelestrelladamm.es\/blog\/los-torneos-federados-del-circuito-de-padel-estrella-damm-vuelven-a-las-pistas\/#breadcrumb"},"inLanguage":"es","potentialAction":[{"@type":"ReadAction","target":["https:\/\/padelestrelladamm.es\/blog\/los-torneos-federados-del-circuito-de-padel-estrella-damm-vuelven-a-las-pistas\/"]}]},{"@type":"BreadcrumbList","@id":"https:\/\/padelestrelladamm.es\/blog\/los-torneos-federados-del-circuito-de-padel-estrella-damm-vuelven-a-las-pistas\/#breadcrumb","itemListElement":[{"@type":"ListItem","position":1,"name":"Inicio","item":"https:\/\/padelestrelladamm.es\/blog\/"},{"@type":"ListItem","position":2,"name":"LOS TORNEOS FEDERADOS DEL CIRCUITO DE P\u00c1DEL ESTRELLA DAMM VUELVEN A LAS PISTAS"}]},{"@type":"Article","@id":"https:\/\/padelestrelladamm.es\/blog\/los-torneos-federados-del-circuito-de-padel-estrella-damm-vuelven-a-las-pistas\/#article","isPartOf":{"@id":"https:\/\/padelestrelladamm.es\/blog\/los-torneos-federados-del-circuito-de-padel-estrella-damm-vuelven-a-las-pistas\/"},"author":{"name":"Redacci\u00f3n","@id":"https:\/\/padelestrelladamm.es\/blog\/#\/schema\/person\/418380b12903f0d45c68a26eb53d71fd"},"headline":"LOS TORNEOS FEDERADOS DEL CIRCUITO DE P\u00c1DEL ESTRELLA DAMM VUELVEN A LAS PISTAS","datePublished":"2020-02-24T14:28:00+00:00","dateModified":"2021-07-13T11:54:13+00:00","mainEntityOfPage":{"@id":"https:\/\/padelestrelladamm.es\/blog\/los-torneos-federados-del-circuito-de-padel-estrella-damm-vuelven-a-las-pistas\/"},"wordCount":623,"commentCount":0,"publisher":{"@id":"https:\/\/padelestrelladamm.es\/blog\/#organization"},"articleSection":["Cr\u00f3nicas"],"inLanguage":"es","potentialAction":[{"@type":"CommentAction","name":"Comment","target":["https:\/\/padelestrelladamm.es\/blog\/los-torneos-federados-del-circuito-de-padel-estrella-damm-vuelven-a-las-pistas\/#respond"]}]},{"@type":"Person","@id":"https:\/\/padelestrelladamm.es\/blog\/#\/schema\/person\/418380b12903f0d45c68a26eb53d71fd","name":"Redacci\u00f3n","image":{"@type":"ImageObject","inLanguage":"es","@id":"https:\/\/padelestrelladamm.es\/blog\/#\/schema\/person\/image\/","url":"https:\/\/secure.gravatar.com\/avatar\/8de99d88dc171dfa4570a7b72f5fa083?s=96&d=mm&r=g","contentUrl":"https:\/\/secure.gravatar.com\/avatar\/8de99d88dc171dfa4570a7b72f5fa083?s=96&d=mm&r=g","caption":"Redacci\u00f3n"},"url":"https:\/\/padelestrelladamm.es\/blog\/author\/circuito\/"}]}},"_links":{"self":[{"href":"https:\/\/padelestrelladamm.es\/blog\/wp-json\/wp\/v2\/posts\/424"}],"collection":[{"href":"https:\/\/padelestrelladamm.es\/blog\/wp-json\/wp\/v2\/posts"}],"about":[{"href":"https:\/\/padelestrelladamm.es\/blog\/wp-json\/wp\/v2\/types\/post"}],"author":[{"embeddable":true,"href":"https:\/\/padelestrelladamm.es\/blog\/wp-json\/wp\/v2\/users\/4"}],"replies":[{"embeddable":true,"href":"https:\/\/padelestrelladamm.es\/blog\/wp-json\/wp\/v2\/comments?post=424"}],"version-history":[{"count":2,"href":"https:\/\/padelestrelladamm.es\/blog\/wp-json\/wp\/v2\/posts\/424\/revisions"}],"predecessor-version":[{"id":485,"href":"https:\/\/padelestrelladamm.es\/blog\/wp-json\/wp\/v2\/posts\/424\/revisions\/485"}],"wp:featuredmedia":[{"embeddable":true,"href":"https:\/\/padelestrelladamm.es\/blog\/wp-json\/wp\/v2\/media\/425"}],"wp:attachment":[{"href":"https:\/\/padelestrelladamm.es\/blog\/wp-json\/wp\/v2\/media?parent=424"}],"wp:term":[{"taxonomy":"category","embeddable":true,"href":"https:\/\/padelestrelladamm.es\/blog\/wp-json\/wp\/v2\/categories?post=424"},{"taxonomy":"post_tag","embeddable":true,"href":"https:\/\/padelestrelladamm.es\/blog\/wp-json\/wp\/v2\/tags?post=424"}],"curies":[{"name":"wp","href":"https:\/\/api.w.org\/{rel}","templated":true}]}}