{"id":430,"date":"2020-09-02T15:36:00","date_gmt":"2020-09-02T13:36:00","guid":{"rendered":"https:\/\/padelestrelladamm.es\/blog\/?p=430"},"modified":"2022-03-25T10:00:58","modified_gmt":"2022-03-25T09:00:58","slug":"medidas-covid-19","status":"publish","type":"post","link":"https:\/\/padelestrelladamm.es\/blog\/medidas-covid-19\/","title":{"rendered":"MEDIDAS COVID-19"},"content":{"rendered":"\n<p>De cara a la vuelta del Circuito de P\u00e1del Estrella Damm a las pistas, hemos elaborado unas medidas para que la participaci\u00f3n de nuestros seguidores se realice con las m\u00e1ximas garant\u00edas de seguridad. Desde el Circuito apelamos a la responsabilidad de los jugadores y jugadoras para que se pueda disfrutar de un entorno seguro.<\/p>\n\n\n\n<figure class=\"wp-block-image size-large\"><img loading=\"lazy\" width=\"600\" height=\"849\" src=\"https:\/\/padelestrelladamm.es\/blog\/wp-content\/uploads\/2021\/07\/MEDIDAS-COVID-GENERALES.jpg\" alt=\"Normas en pista COVID-19\" class=\"wp-image-431\" srcset=\"https:\/\/padelestrelladamm.es\/blog\/wp-content\/uploads\/2021\/07\/MEDIDAS-COVID-GENERALES.jpg 600w, https:\/\/padelestrelladamm.es\/blog\/wp-content\/uploads\/2021\/07\/MEDIDAS-COVID-GENERALES-212x300.jpg 212w, https:\/\/padelestrelladamm.es\/blog\/wp-content\/uploads\/2021\/07\/MEDIDAS-COVID-GENERALES-370x524.jpg 370w, https:\/\/padelestrelladamm.es\/blog\/wp-content\/uploads\/2021\/07\/MEDIDAS-COVID-GENERALES-270x382.jpg 270w, https:\/\/padelestrelladamm.es\/blog\/wp-content\/uploads\/2021\/07\/MEDIDAS-COVID-GENERALES-570x807.jpg 570w, https:\/\/padelestrelladamm.es\/blog\/wp-content\/uploads\/2021\/07\/MEDIDAS-COVID-GENERALES-283x400.jpg 283w\" sizes=\"(max-width: 600px) 100vw, 600px\" \/><\/figure>\n\n\n\n<figure class=\"wp-block-image size-large\"><img loading=\"lazy\" width=\"600\" height=\"849\" src=\"https:\/\/padelestrelladamm.es\/blog\/wp-content\/uploads\/2021\/07\/MEDIDAS-COVID-EN-PISTA.jpg\" alt=\"Normas generales COVID-19\" class=\"wp-image-432\" srcset=\"https:\/\/padelestrelladamm.es\/blog\/wp-content\/uploads\/2021\/07\/MEDIDAS-COVID-EN-PISTA.jpg 600w, https:\/\/padelestrelladamm.es\/blog\/wp-content\/uploads\/2021\/07\/MEDIDAS-COVID-EN-PISTA-212x300.jpg 212w, https:\/\/padelestrelladamm.es\/blog\/wp-content\/uploads\/2021\/07\/MEDIDAS-COVID-EN-PISTA-370x524.jpg 370w, https:\/\/padelestrelladamm.es\/blog\/wp-content\/uploads\/2021\/07\/MEDIDAS-COVID-EN-PISTA-270x382.jpg 270w, https:\/\/padelestrelladamm.es\/blog\/wp-content\/uploads\/2021\/07\/MEDIDAS-COVID-EN-PISTA-570x807.jpg 570w, https:\/\/padelestrelladamm.es\/blog\/wp-content\/uploads\/2021\/07\/MEDIDAS-COVID-EN-PISTA-283x400.jpg 283w\" sizes=\"(max-width: 600px) 100vw, 600px\" \/><\/figure>\n","protected":false},"excerpt":{"rendered":"<p>De cara a la vuelta del Circuito de P\u00e1del Estrella Damm a las pistas, hemos elaborado unas medidas para que la participaci\u00f3n de nuestros seguidores se realice con las m\u00e1ximas garant\u00edas de seguridad. Desde el Circuito apelamos a la responsabilidad de los jugadores y jugadoras para que se pueda disfrutar de un entorno seguro.<\/p>\n","protected":false},"author":4,"featured_media":0,"comment_status":"closed","ping_status":"closed","sticky":false,"template":"","format":"standard","meta":[],"categories":[1],"tags":[],"yoast_head":"<!-- This site is optimized with the Yoast SEO plugin v19.4 - https:\/\/yoast.com\/wordpress\/plugins\/seo\/ -->\n<title>MEDIDAS COVID-19<\/title>\n<meta name=\"robots\" content=\"index, follow, max-snippet:-1, max-image-preview:large, max-video-preview:-1\" \/>\n<link rel=\"canonical\" href=\"https:\/\/padelestrelladamm.es\/blog\/medidas-covid-19\/\" \/>\n<meta property=\"og:locale\" content=\"es_ES\" \/>\n<meta property=\"og:type\" content=\"article\" \/>\n<meta property=\"og:title\" content=\"MEDIDAS COVID-19\" \/>\n<meta property=\"og:description\" content=\"De cara a la vuelta del Circuito de P\u00e1del Estrella Damm a las pistas, hemos elaborado unas medidas para que la participaci\u00f3n de nuestros seguidores se realice con las m\u00e1ximas garant\u00edas de seguridad. Desde el Circuito apelamos a la responsabilidad de los jugadores y jugadoras para que se pueda disfrutar de un entorno seguro.\" \/>\n<meta property=\"og:url\" content=\"https:\/\/padelestrelladamm.es\/blog\/medidas-covid-19\/\" \/>\n<meta property=\"og:site_name\" content=\"Blog de p\u00e1del - An\u00e1lisis, noticias y opini\u00f3n - Estrella Damm\" \/>\n<meta property=\"article:publisher\" content=\"https:\/\/www.facebook.com\/CircuitoDePadelEstrellaDamm\" \/>\n<meta property=\"article:published_time\" content=\"2020-09-02T13:36:00+00:00\" \/>\n<meta property=\"article:modified_time\" content=\"2022-03-25T09:00:58+00:00\" \/>\n<meta property=\"og:image\" content=\"https:\/\/padelestrelladamm.es\/blog\/wp-content\/uploads\/2021\/07\/MEDIDAS-COVID-GENERALES.jpg\" \/>\n<meta name=\"author\" content=\"Redacci\u00f3n\" \/>\n<meta name=\"twitter:card\" content=\"summary_large_image\" \/>\n<meta name=\"twitter:label1\" content=\"Escrito por\" \/>\n\t<meta name=\"twitter:data1\" content=\"Redacci\u00f3n\" \/>\n\t<meta name=\"twitter:label2\" content=\"Tiempo de lectura\" \/>\n\t<meta name=\"twitter:data2\" content=\"1 minuto\" \/>\n<script type=\"application\/ld+json\" class=\"yoast-schema-graph\">{\"@context\":\"https:\/\/schema.org\",\"@graph\":[{\"@type\":\"Organization\",\"@id\":\"https:\/\/padelestrelladamm.es\/blog\/#organization\",\"name\":\"Circuito de P\u00e1del Estrelladamm\",\"url\":\"https:\/\/padelestrelladamm.es\/blog\/\",\"sameAs\":[\"https:\/\/www.instagram.com\/circuitopadelestrelladamm\",\"https:\/\/www.youtube.com\/user\/padelestrelladamm\",\"https:\/\/www.facebook.com\/CircuitoDePadelEstrellaDamm\"],\"logo\":{\"@type\":\"ImageObject\",\"inLanguage\":\"es\",\"@id\":\"https:\/\/padelestrelladamm.es\/blog\/#\/schema\/logo\/image\/\",\"url\":\"https:\/\/padelestrelladamm.es\/blog\/wp-content\/uploads\/2021\/06\/BLOG-128.jpg\",\"contentUrl\":\"https:\/\/padelestrelladamm.es\/blog\/wp-content\/uploads\/2021\/06\/BLOG-128.jpg\",\"width\":128,\"height\":26,\"caption\":\"Circuito de P\u00e1del Estrelladamm\"},\"image\":{\"@id\":\"https:\/\/padelestrelladamm.es\/blog\/#\/schema\/logo\/image\/\"}},{\"@type\":\"WebSite\",\"@id\":\"https:\/\/padelestrelladamm.es\/blog\/#website\",\"url\":\"https:\/\/padelestrelladamm.es\/blog\/\",\"name\":\"Blog de p\u00e1del - An\u00e1lisis, noticias y opini\u00f3n - Estrella Damm\",\"description\":\"Blog de p\u00e1del. Inf\u00f3rmate sobre la actualidad relacionada con el mundo del p\u00e1del. An\u00e1lisis y noticias, lo mejor en P\u00e1del Estrella Damm\",\"publisher\":{\"@id\":\"https:\/\/padelestrelladamm.es\/blog\/#organization\"},\"potentialAction\":[{\"@type\":\"SearchAction\",\"target\":{\"@type\":\"EntryPoint\",\"urlTemplate\":\"https:\/\/padelestrelladamm.es\/blog\/?s={search_term_string}\"},\"query-input\":\"required name=search_term_string\"}],\"inLanguage\":\"es\"},{\"@type\":\"WebPage\",\"@id\":\"https:\/\/padelestrelladamm.es\/blog\/medidas-covid-19\/\",\"url\":\"https:\/\/padelestrelladamm.es\/blog\/medidas-covid-19\/\",\"name\":\"MEDIDAS COVID-19\",\"isPartOf\":{\"@id\":\"https:\/\/padelestrelladamm.es\/blog\/#website\"},\"datePublished\":\"2020-09-02T13:36:00+00:00\",\"dateModified\":\"2022-03-25T09:00:58+00:00\",\"breadcrumb\":{\"@id\":\"https:\/\/padelestrelladamm.es\/blog\/medidas-covid-19\/#breadcrumb\"},\"inLanguage\":\"es\",\"potentialAction\":[{\"@type\":\"ReadAction\",\"target\":[\"https:\/\/padelestrelladamm.es\/blog\/medidas-covid-19\/\"]}]},{\"@type\":\"BreadcrumbList\",\"@id\":\"https:\/\/padelestrelladamm.es\/blog\/medidas-covid-19\/#breadcrumb\",\"itemListElement\":[{\"@type\":\"ListItem\",\"position\":1,\"name\":\"Inicio\",\"item\":\"https:\/\/padelestrelladamm.es\/blog\/\"},{\"@type\":\"ListItem\",\"position\":2,\"name\":\"MEDIDAS COVID-19\"}]},{\"@type\":\"Article\",\"@id\":\"https:\/\/padelestrelladamm.es\/blog\/medidas-covid-19\/#article\",\"isPartOf\":{\"@id\":\"https:\/\/padelestrelladamm.es\/blog\/medidas-covid-19\/\"},\"author\":{\"name\":\"Redacci\u00f3n\",\"@id\":\"https:\/\/padelestrelladamm.es\/blog\/#\/schema\/person\/418380b12903f0d45c68a26eb53d71fd\"},\"headline\":\"MEDIDAS COVID-19\",\"datePublished\":\"2020-09-02T13:36:00+00:00\",\"dateModified\":\"2022-03-25T09:00:58+00:00\",\"mainEntityOfPage\":{\"@id\":\"https:\/\/padelestrelladamm.es\/blog\/medidas-covid-19\/\"},\"wordCount\":60,\"publisher\":{\"@id\":\"https:\/\/padelestrelladamm.es\/blog\/#organization\"},\"articleSection\":[\"Uncategorized\"],\"inLanguage\":\"es\"},{\"@type\":\"Person\",\"@id\":\"https:\/\/padelestrelladamm.es\/blog\/#\/schema\/person\/418380b12903f0d45c68a26eb53d71fd\",\"name\":\"Redacci\u00f3n\",\"image\":{\"@type\":\"ImageObject\",\"inLanguage\":\"es\",\"@id\":\"https:\/\/padelestrelladamm.es\/blog\/#\/schema\/person\/image\/\",\"url\":\"https:\/\/secure.gravatar.com\/avatar\/8de99d88dc171dfa4570a7b72f5fa083?s=96&d=mm&r=g\",\"contentUrl\":\"https:\/\/secure.gravatar.com\/avatar\/8de99d88dc171dfa4570a7b72f5fa083?s=96&d=mm&r=g\",\"caption\":\"Redacci\u00f3n\"},\"url\":\"https:\/\/padelestrelladamm.es\/blog\/author\/circuito\/\"}]}<\/script>\n<!-- \/ Yoast SEO plugin. -->","yoast_head_json":{"title":"MEDIDAS COVID-19","robots":{"index":"index","follow":"follow","max-snippet":"max-snippet:-1","max-image-preview":"max-image-preview:large","max-video-preview":"max-video-preview:-1"},"canonical":"https:\/\/padelestrelladamm.es\/blog\/medidas-covid-19\/","og_locale":"es_ES","og_type":"article","og_title":"MEDIDAS COVID-19","og_description":"De cara a la vuelta del Circuito de P\u00e1del Estrella Damm a las pistas, hemos elaborado unas medidas para que la participaci\u00f3n de nuestros seguidores se realice con las m\u00e1ximas garant\u00edas de seguridad. Desde el Circuito apelamos a la responsabilidad de los jugadores y jugadoras para que se pueda disfrutar de un entorno seguro.","og_url":"https:\/\/padelestrelladamm.es\/blog\/medidas-covid-19\/","og_site_name":"Blog de p\u00e1del - An\u00e1lisis, noticias y opini\u00f3n - Estrella Damm","article_publisher":"https:\/\/www.facebook.com\/CircuitoDePadelEstrellaDamm","article_published_time":"2020-09-02T13:36:00+00:00","article_modified_time":"2022-03-25T09:00:58+00:00","og_image":[{"url":"https:\/\/padelestrelladamm.es\/blog\/wp-content\/uploads\/2021\/07\/MEDIDAS-COVID-GENERALES.jpg"}],"author":"Redacci\u00f3n","twitter_card":"summary_large_image","twitter_misc":{"Escrito por":"Redacci\u00f3n","Tiempo de lectura":"1 minuto"},"schema":{"@context":"https:\/\/schema.org","@graph":[{"@type":"Organization","@id":"https:\/\/padelestrelladamm.es\/blog\/#organization","name":"Circuito de P\u00e1del Estrelladamm","url":"https:\/\/padelestrelladamm.es\/blog\/","sameAs":["https:\/\/www.instagram.com\/circuitopadelestrelladamm","https:\/\/www.youtube.com\/user\/padelestrelladamm","https:\/\/www.facebook.com\/CircuitoDePadelEstrellaDamm"],"logo":{"@type":"ImageObject","inLanguage":"es","@id":"https:\/\/padelestrelladamm.es\/blog\/#\/schema\/logo\/image\/","url":"https:\/\/padelestrelladamm.es\/blog\/wp-content\/uploads\/2021\/06\/BLOG-128.jpg","contentUrl":"https:\/\/padelestrelladamm.es\/blog\/wp-content\/uploads\/2021\/06\/BLOG-128.jpg","width":128,"height":26,"caption":"Circuito de P\u00e1del Estrelladamm"},"image":{"@id":"https:\/\/padelestrelladamm.es\/blog\/#\/schema\/logo\/image\/"}},{"@type":"WebSite","@id":"https:\/\/padelestrelladamm.es\/blog\/#website","url":"https:\/\/padelestrelladamm.es\/blog\/","name":"Blog de p\u00e1del - An\u00e1lisis, noticias y opini\u00f3n - Estrella Damm","description":"Blog de p\u00e1del. Inf\u00f3rmate sobre la actualidad relacionada con el mundo del p\u00e1del. An\u00e1lisis y noticias, lo mejor en P\u00e1del Estrella Damm","publisher":{"@id":"https:\/\/padelestrelladamm.es\/blog\/#organization"},"potentialAction":[{"@type":"SearchAction","target":{"@type":"EntryPoint","urlTemplate":"https:\/\/padelestrelladamm.es\/blog\/?s={search_term_string}"},"query-input":"required name=search_term_string"}],"inLanguage":"es"},{"@type":"WebPage","@id":"https:\/\/padelestrelladamm.es\/blog\/medidas-covid-19\/","url":"https:\/\/padelestrelladamm.es\/blog\/medidas-covid-19\/","name":"MEDIDAS COVID-19","isPartOf":{"@id":"https:\/\/padelestrelladamm.es\/blog\/#website"},"datePublished":"2020-09-02T13:36:00+00:00","dateModified":"2022-03-25T09:00:58+00:00","breadcrumb":{"@id":"https:\/\/padelestrelladamm.es\/blog\/medidas-covid-19\/#breadcrumb"},"inLanguage":"es","potentialAction":[{"@type":"ReadAction","target":["https:\/\/padelestrelladamm.es\/blog\/medidas-covid-19\/"]}]},{"@type":"BreadcrumbList","@id":"https:\/\/padelestrelladamm.es\/blog\/medidas-covid-19\/#breadcrumb","itemListElement":[{"@type":"ListItem","position":1,"name":"Inicio","item":"https:\/\/padelestrelladamm.es\/blog\/"},{"@type":"ListItem","position":2,"name":"MEDIDAS COVID-19"}]},{"@type":"Article","@id":"https:\/\/padelestrelladamm.es\/blog\/medidas-covid-19\/#article","isPartOf":{"@id":"https:\/\/padelestrelladamm.es\/blog\/medidas-covid-19\/"},"author":{"name":"Redacci\u00f3n","@id":"https:\/\/padelestrelladamm.es\/blog\/#\/schema\/person\/418380b12903f0d45c68a26eb53d71fd"},"headline":"MEDIDAS COVID-19","datePublished":"2020-09-02T13:36:00+00:00","dateModified":"2022-03-25T09:00:58+00:00","mainEntityOfPage":{"@id":"https:\/\/padelestrelladamm.es\/blog\/medidas-covid-19\/"},"wordCount":60,"publisher":{"@id":"https:\/\/padelestrelladamm.es\/blog\/#organization"},"articleSection":["Uncategorized"],"inLanguage":"es"},{"@type":"Person","@id":"https:\/\/padelestrelladamm.es\/blog\/#\/schema\/person\/418380b12903f0d45c68a26eb53d71fd","name":"Redacci\u00f3n","image":{"@type":"ImageObject","inLanguage":"es","@id":"https:\/\/padelestrelladamm.es\/blog\/#\/schema\/person\/image\/","url":"https:\/\/secure.gravatar.com\/avatar\/8de99d88dc171dfa4570a7b72f5fa083?s=96&d=mm&r=g","contentUrl":"https:\/\/secure.gravatar.com\/avatar\/8de99d88dc171dfa4570a7b72f5fa083?s=96&d=mm&r=g","caption":"Redacci\u00f3n"},"url":"https:\/\/padelestrelladamm.es\/blog\/author\/circuito\/"}]}},"_links":{"self":[{"href":"https:\/\/padelestrelladamm.es\/blog\/wp-json\/wp\/v2\/posts\/430"}],"collection":[{"href":"https:\/\/padelestrelladamm.es\/blog\/wp-json\/wp\/v2\/posts"}],"about":[{"href":"https:\/\/padelestrelladamm.es\/blog\/wp-json\/wp\/v2\/types\/post"}],"author":[{"embeddable":true,"href":"https:\/\/padelestrelladamm.es\/blog\/wp-json\/wp\/v2\/users\/4"}],"replies":[{"embeddable":true,"href":"https:\/\/padelestrelladamm.es\/blog\/wp-json\/wp\/v2\/comments?post=430"}],"version-history":[{"count":1,"href":"https:\/\/padelestrelladamm.es\/blog\/wp-json\/wp\/v2\/posts\/430\/revisions"}],"predecessor-version":[{"id":433,"href":"https:\/\/padelestrelladamm.es\/blog\/wp-json\/wp\/v2\/posts\/430\/revisions\/433"}],"wp:attachment":[{"href":"https:\/\/padelestrelladamm.es\/blog\/wp-json\/wp\/v2\/media?parent=430"}],"wp:term":[{"taxonomy":"category","embeddable":true,"href":"https:\/\/padelestrelladamm.es\/blog\/wp-json\/wp\/v2\/categories?post=430"},{"taxonomy":"post_tag","embeddable":true,"href":"https:\/\/padelestrelladamm.es\/blog\/wp-json\/wp\/v2\/tags?post=430"}],"curies":[{"name":"wp","href":"https:\/\/api.w.org\/{rel}","templated":true}]}}