{"id":460,"date":"2019-11-18T12:06:00","date_gmt":"2019-11-18T11:06:00","guid":{"rendered":"https:\/\/padelestrelladamm.es\/blog\/?p=460"},"modified":"2021-07-08T12:14:27","modified_gmt":"2021-07-08T10:14:27","slug":"alba-y-gil-a-la-cabeza-de-la-madrilena-tras-la-ultima-prueba-del-circuito","status":"publish","type":"post","link":"https:\/\/padelestrelladamm.es\/blog\/alba-y-gil-a-la-cabeza-de-la-madrilena-tras-la-ultima-prueba-del-circuito\/","title":{"rendered":"ALBA Y GIL A LA CABEZA DE LA MADRILE\u00d1A TRAS LA \u00daLTIMA PRUEBA DEL CIRCUITO"},"content":{"rendered":"\n<p>La \u00faltima prueba federada de la edici\u00f3n 2019 del Circuito de P\u00e1del Estrella Damm ha encumbrado a Sergio Alba y Francisco Manuel Gil a lo m\u00e1s alto del ranking de la Federaci\u00f3n Madrile\u00f1a de P\u00e1del (FMP). Fue en la Ciudad Deportiva Jarama tras derrotar a Ra\u00fal D\u00edaz y Ra\u00fal Marcos en una espectacular final a tres sets (6\/3 4\/6 6\/2). Durante m\u00e1s de dos horas de partido, cada punto, la mayor parte interminables, hizo contener la respiraci\u00f3n a los presentes por la t\u00e9cnica mostrada por parte de los cuatro jugadores.<\/p>\n\n\n\n<p>La incursi\u00f3n de Gil en la competici\u00f3n federativa madrile\u00f1a no ha podido ser m\u00e1s fulgurante. En su primer a\u00f1o, ya figura en el n\u00famero 2 del ranking de \u201cla Madrile\u00f1a\u201d precedido por su compa\u00f1ero Sergio Alba con quien tambi\u00e9n compite en el World P\u00e1del Tour.<\/p>\n\n\n\n<p>En la primera categor\u00eda femenina, el Circuito de P\u00e1del Estrella Damm vio repetirse la misma final de su \u00faltima prueba federada: Lorena Alonso y Marta Talav\u00e1n contra Alicia Berl y Ainhoa Rico. Y, nuevamente, la victoria cay\u00f3 del lado de Alonso-Talav\u00e1n por un contundente 6\/1 6\/1. Con esta victoria, Alonso y Talav\u00e1n contin\u00faan, tambi\u00e9n, en los primeros puestos del ranking de la FMP.<\/p>\n\n\n\n<p>Por otra parte, la Carrera de Campeones Estrella Damm termina con Ra\u00fal D\u00edaz y Marta Pem\u00e1n a la cabeza.<\/p>\n\n\n\n<h4>Los jugadores vuelven a apostar por el formato express<\/h4>\n\n\n\n<p>M\u00e1s de 350 amantes del p\u00e1del volvieron a confiar en los torneos express del Circuito de P\u00e1del Estrella Damm para disfrutar de su afici\u00f3n y de la carpa Estrella Damm, pese al fr\u00edo vivido en la Comunidad de Madrid esta \u00faltima semana. Se ha visto que los seguidores de este Circuito anteponen su amor por el p\u00e1del a las inclemencias del tiempo.<\/p>\n\n\n\n<p>Los seguidores pudieron elegir entre seis torneos express en funci\u00f3n de su nivel y aquellos que participaron en los del s\u00e1bado 9 tuvieron la suerte de disfrutar del gran Juani Mieres, jugador profesional del World Padel Tour, que vino a divertirse con los seguidores del Circuito madrile\u00f1o.&nbsp;<\/p>\n\n\n\n<h4>El Master Final del Circuito de P\u00e1del Estrella Damm ser\u00e1 toda una fiesta<\/h4>\n\n\n\n<p>Celebrada la \u00faltima prueba de semana y los torneos express disputados en la Ciudad Deportiva Jarama, el Circuito de P\u00e1del Estrella Damm cerrar\u00e1 sus puertas con el Master Final que tendr\u00e1 lugar del 29 de noviembre al 1 de diciembre en Reebok Sports Club La Finca. En esta competici\u00f3n participar\u00e1n los mejores jugadores y jugadoras de los torneos de semana y de los torneos express.&nbsp;<\/p>\n\n\n\n<p>Para cerrar el a\u00f1o, en el marco de este Master Final, se celebrar\u00e1n los \u00faltimos cuatro torneos express de la temporada que contar\u00e1n con la maestr\u00eda de los grandes profesionales del p\u00e1del mundial, Sebasti\u00e1n Nerone y Delfine Brea.&nbsp;<\/p>\n\n\n\n<p>Y, para terminar, se har\u00e1 entrega de los tres cheques regalo DISA-Shell por un importe total de 250 \u20ac a los jugadores y jugadoras m\u00e1s fieles del a\u00f1o, y se premiar\u00e1 a los seguidores que han sobresalido en calidad deportiva figurando en lo m\u00e1s alto de las Carreras de Campeones General y Express.<\/p>\n","protected":false},"excerpt":{"rendered":"<p>La \u00faltima prueba federada de la edici\u00f3n 2019 del Circuito de P\u00e1del Estrella Damm ha encumbrado a Sergio Alba y Francisco Manuel Gil a lo m\u00e1s alto del ranking de la Federaci\u00f3n Madrile\u00f1a de P\u00e1del (FMP). Fue en la Ciudad Deportiva Jarama tras derrotar a Ra\u00fal D\u00edaz y Ra\u00fal Marcos en una espectacular final a [&hellip;]<\/p>\n","protected":false},"author":4,"featured_media":462,"comment_status":"open","ping_status":"open","sticky":false,"template":"","format":"standard","meta":[],"categories":[7],"tags":[],"yoast_head":"<!-- This site is optimized with the Yoast SEO plugin v19.4 - https:\/\/yoast.com\/wordpress\/plugins\/seo\/ -->\n<title>ALBA Y GIL A LA CABEZA DE LA MADRILE\u00d1A TRAS LA \u00daLTIMA PRUEBA DEL CIRCUITO<\/title>\n<meta name=\"robots\" content=\"index, follow, max-snippet:-1, max-image-preview:large, max-video-preview:-1\" \/>\n<link rel=\"canonical\" href=\"https:\/\/padelestrelladamm.es\/blog\/alba-y-gil-a-la-cabeza-de-la-madrilena-tras-la-ultima-prueba-del-circuito\/\" \/>\n<meta property=\"og:locale\" content=\"es_ES\" \/>\n<meta property=\"og:type\" content=\"article\" \/>\n<meta property=\"og:title\" content=\"ALBA Y GIL A LA CABEZA DE LA MADRILE\u00d1A TRAS LA \u00daLTIMA PRUEBA DEL CIRCUITO\" \/>\n<meta property=\"og:description\" content=\"La \u00faltima prueba federada de la edici\u00f3n 2019 del Circuito de P\u00e1del Estrella Damm ha encumbrado a Sergio Alba y Francisco Manuel Gil a lo m\u00e1s alto del ranking de la Federaci\u00f3n Madrile\u00f1a de P\u00e1del (FMP). Fue en la Ciudad Deportiva Jarama tras derrotar a Ra\u00fal D\u00edaz y Ra\u00fal Marcos en una espectacular final a [&hellip;]\" \/>\n<meta property=\"og:url\" content=\"https:\/\/padelestrelladamm.es\/blog\/alba-y-gil-a-la-cabeza-de-la-madrilena-tras-la-ultima-prueba-del-circuito\/\" \/>\n<meta property=\"og:site_name\" content=\"Blog de p\u00e1del - An\u00e1lisis, noticias y opini\u00f3n - Estrella Damm\" \/>\n<meta property=\"article:publisher\" content=\"https:\/\/www.facebook.com\/CircuitoDePadelEstrellaDamm\" \/>\n<meta property=\"article:published_time\" content=\"2019-11-18T11:06:00+00:00\" \/>\n<meta property=\"article:modified_time\" content=\"2021-07-08T10:14:27+00:00\" \/>\n<meta property=\"og:image\" content=\"https:\/\/padelestrelladamm.es\/blog\/wp-content\/uploads\/2021\/07\/alba-y-gil.jpg\" \/>\n\t<meta property=\"og:image:width\" content=\"500\" \/>\n\t<meta property=\"og:image:height\" content=\"166\" \/>\n\t<meta property=\"og:image:type\" content=\"image\/jpeg\" \/>\n<meta name=\"author\" content=\"Redacci\u00f3n\" \/>\n<meta name=\"twitter:card\" content=\"summary_large_image\" \/>\n<meta name=\"twitter:label1\" content=\"Escrito por\" \/>\n\t<meta name=\"twitter:data1\" content=\"Redacci\u00f3n\" \/>\n\t<meta name=\"twitter:label2\" content=\"Tiempo de lectura\" \/>\n\t<meta name=\"twitter:data2\" content=\"3 minutos\" \/>\n<script type=\"application\/ld+json\" class=\"yoast-schema-graph\">{\"@context\":\"https:\/\/schema.org\",\"@graph\":[{\"@type\":\"Organization\",\"@id\":\"https:\/\/padelestrelladamm.es\/blog\/#organization\",\"name\":\"Circuito de P\u00e1del Estrelladamm\",\"url\":\"https:\/\/padelestrelladamm.es\/blog\/\",\"sameAs\":[\"https:\/\/www.instagram.com\/circuitopadelestrelladamm\",\"https:\/\/www.youtube.com\/user\/padelestrelladamm\",\"https:\/\/www.facebook.com\/CircuitoDePadelEstrellaDamm\"],\"logo\":{\"@type\":\"ImageObject\",\"inLanguage\":\"es\",\"@id\":\"https:\/\/padelestrelladamm.es\/blog\/#\/schema\/logo\/image\/\",\"url\":\"https:\/\/padelestrelladamm.es\/blog\/wp-content\/uploads\/2021\/06\/BLOG-128.jpg\",\"contentUrl\":\"https:\/\/padelestrelladamm.es\/blog\/wp-content\/uploads\/2021\/06\/BLOG-128.jpg\",\"width\":128,\"height\":26,\"caption\":\"Circuito de P\u00e1del Estrelladamm\"},\"image\":{\"@id\":\"https:\/\/padelestrelladamm.es\/blog\/#\/schema\/logo\/image\/\"}},{\"@type\":\"WebSite\",\"@id\":\"https:\/\/padelestrelladamm.es\/blog\/#website\",\"url\":\"https:\/\/padelestrelladamm.es\/blog\/\",\"name\":\"Blog de p\u00e1del - An\u00e1lisis, noticias y opini\u00f3n - Estrella Damm\",\"description\":\"Blog de p\u00e1del. Inf\u00f3rmate sobre la actualidad relacionada con el mundo del p\u00e1del. An\u00e1lisis y noticias, lo mejor en P\u00e1del Estrella Damm\",\"publisher\":{\"@id\":\"https:\/\/padelestrelladamm.es\/blog\/#organization\"},\"potentialAction\":[{\"@type\":\"SearchAction\",\"target\":{\"@type\":\"EntryPoint\",\"urlTemplate\":\"https:\/\/padelestrelladamm.es\/blog\/?s={search_term_string}\"},\"query-input\":\"required name=search_term_string\"}],\"inLanguage\":\"es\"},{\"@type\":\"WebPage\",\"@id\":\"https:\/\/padelestrelladamm.es\/blog\/alba-y-gil-a-la-cabeza-de-la-madrilena-tras-la-ultima-prueba-del-circuito\/\",\"url\":\"https:\/\/padelestrelladamm.es\/blog\/alba-y-gil-a-la-cabeza-de-la-madrilena-tras-la-ultima-prueba-del-circuito\/\",\"name\":\"ALBA Y GIL A LA CABEZA DE LA MADRILE\u00d1A TRAS LA \u00daLTIMA PRUEBA DEL CIRCUITO\",\"isPartOf\":{\"@id\":\"https:\/\/padelestrelladamm.es\/blog\/#website\"},\"datePublished\":\"2019-11-18T11:06:00+00:00\",\"dateModified\":\"2021-07-08T10:14:27+00:00\",\"breadcrumb\":{\"@id\":\"https:\/\/padelestrelladamm.es\/blog\/alba-y-gil-a-la-cabeza-de-la-madrilena-tras-la-ultima-prueba-del-circuito\/#breadcrumb\"},\"inLanguage\":\"es\",\"potentialAction\":[{\"@type\":\"ReadAction\",\"target\":[\"https:\/\/padelestrelladamm.es\/blog\/alba-y-gil-a-la-cabeza-de-la-madrilena-tras-la-ultima-prueba-del-circuito\/\"]}]},{\"@type\":\"BreadcrumbList\",\"@id\":\"https:\/\/padelestrelladamm.es\/blog\/alba-y-gil-a-la-cabeza-de-la-madrilena-tras-la-ultima-prueba-del-circuito\/#breadcrumb\",\"itemListElement\":[{\"@type\":\"ListItem\",\"position\":1,\"name\":\"Inicio\",\"item\":\"https:\/\/padelestrelladamm.es\/blog\/\"},{\"@type\":\"ListItem\",\"position\":2,\"name\":\"ALBA Y GIL A LA CABEZA DE LA MADRILE\u00d1A TRAS LA \u00daLTIMA PRUEBA DEL CIRCUITO\"}]},{\"@type\":\"Article\",\"@id\":\"https:\/\/padelestrelladamm.es\/blog\/alba-y-gil-a-la-cabeza-de-la-madrilena-tras-la-ultima-prueba-del-circuito\/#article\",\"isPartOf\":{\"@id\":\"https:\/\/padelestrelladamm.es\/blog\/alba-y-gil-a-la-cabeza-de-la-madrilena-tras-la-ultima-prueba-del-circuito\/\"},\"author\":{\"name\":\"Redacci\u00f3n\",\"@id\":\"https:\/\/padelestrelladamm.es\/blog\/#\/schema\/person\/418380b12903f0d45c68a26eb53d71fd\"},\"headline\":\"ALBA Y GIL A LA CABEZA DE LA MADRILE\u00d1A TRAS LA \u00daLTIMA PRUEBA DEL CIRCUITO\",\"datePublished\":\"2019-11-18T11:06:00+00:00\",\"dateModified\":\"2021-07-08T10:14:27+00:00\",\"mainEntityOfPage\":{\"@id\":\"https:\/\/padelestrelladamm.es\/blog\/alba-y-gil-a-la-cabeza-de-la-madrilena-tras-la-ultima-prueba-del-circuito\/\"},\"wordCount\":564,\"commentCount\":0,\"publisher\":{\"@id\":\"https:\/\/padelestrelladamm.es\/blog\/#organization\"},\"articleSection\":[\"Cr\u00f3nicas\"],\"inLanguage\":\"es\",\"potentialAction\":[{\"@type\":\"CommentAction\",\"name\":\"Comment\",\"target\":[\"https:\/\/padelestrelladamm.es\/blog\/alba-y-gil-a-la-cabeza-de-la-madrilena-tras-la-ultima-prueba-del-circuito\/#respond\"]}]},{\"@type\":\"Person\",\"@id\":\"https:\/\/padelestrelladamm.es\/blog\/#\/schema\/person\/418380b12903f0d45c68a26eb53d71fd\",\"name\":\"Redacci\u00f3n\",\"image\":{\"@type\":\"ImageObject\",\"inLanguage\":\"es\",\"@id\":\"https:\/\/padelestrelladamm.es\/blog\/#\/schema\/person\/image\/\",\"url\":\"https:\/\/secure.gravatar.com\/avatar\/8de99d88dc171dfa4570a7b72f5fa083?s=96&d=mm&r=g\",\"contentUrl\":\"https:\/\/secure.gravatar.com\/avatar\/8de99d88dc171dfa4570a7b72f5fa083?s=96&d=mm&r=g\",\"caption\":\"Redacci\u00f3n\"},\"url\":\"https:\/\/padelestrelladamm.es\/blog\/author\/circuito\/\"}]}<\/script>\n<!-- \/ Yoast SEO plugin. -->","yoast_head_json":{"title":"ALBA Y GIL A LA CABEZA DE LA MADRILE\u00d1A TRAS LA \u00daLTIMA PRUEBA DEL CIRCUITO","robots":{"index":"index","follow":"follow","max-snippet":"max-snippet:-1","max-image-preview":"max-image-preview:large","max-video-preview":"max-video-preview:-1"},"canonical":"https:\/\/padelestrelladamm.es\/blog\/alba-y-gil-a-la-cabeza-de-la-madrilena-tras-la-ultima-prueba-del-circuito\/","og_locale":"es_ES","og_type":"article","og_title":"ALBA Y GIL A LA CABEZA DE LA MADRILE\u00d1A TRAS LA \u00daLTIMA PRUEBA DEL CIRCUITO","og_description":"La \u00faltima prueba federada de la edici\u00f3n 2019 del Circuito de P\u00e1del Estrella Damm ha encumbrado a Sergio Alba y Francisco Manuel Gil a lo m\u00e1s alto del ranking de la Federaci\u00f3n Madrile\u00f1a de P\u00e1del (FMP). Fue en la Ciudad Deportiva Jarama tras derrotar a Ra\u00fal D\u00edaz y Ra\u00fal Marcos en una espectacular final a [&hellip;]","og_url":"https:\/\/padelestrelladamm.es\/blog\/alba-y-gil-a-la-cabeza-de-la-madrilena-tras-la-ultima-prueba-del-circuito\/","og_site_name":"Blog de p\u00e1del - An\u00e1lisis, noticias y opini\u00f3n - Estrella Damm","article_publisher":"https:\/\/www.facebook.com\/CircuitoDePadelEstrellaDamm","article_published_time":"2019-11-18T11:06:00+00:00","article_modified_time":"2021-07-08T10:14:27+00:00","og_image":[{"width":500,"height":166,"url":"https:\/\/padelestrelladamm.es\/blog\/wp-content\/uploads\/2021\/07\/alba-y-gil.jpg","type":"image\/jpeg"}],"author":"Redacci\u00f3n","twitter_card":"summary_large_image","twitter_misc":{"Escrito por":"Redacci\u00f3n","Tiempo de lectura":"3 minutos"},"schema":{"@context":"https:\/\/schema.org","@graph":[{"@type":"Organization","@id":"https:\/\/padelestrelladamm.es\/blog\/#organization","name":"Circuito de P\u00e1del Estrelladamm","url":"https:\/\/padelestrelladamm.es\/blog\/","sameAs":["https:\/\/www.instagram.com\/circuitopadelestrelladamm","https:\/\/www.youtube.com\/user\/padelestrelladamm","https:\/\/www.facebook.com\/CircuitoDePadelEstrellaDamm"],"logo":{"@type":"ImageObject","inLanguage":"es","@id":"https:\/\/padelestrelladamm.es\/blog\/#\/schema\/logo\/image\/","url":"https:\/\/padelestrelladamm.es\/blog\/wp-content\/uploads\/2021\/06\/BLOG-128.jpg","contentUrl":"https:\/\/padelestrelladamm.es\/blog\/wp-content\/uploads\/2021\/06\/BLOG-128.jpg","width":128,"height":26,"caption":"Circuito de P\u00e1del Estrelladamm"},"image":{"@id":"https:\/\/padelestrelladamm.es\/blog\/#\/schema\/logo\/image\/"}},{"@type":"WebSite","@id":"https:\/\/padelestrelladamm.es\/blog\/#website","url":"https:\/\/padelestrelladamm.es\/blog\/","name":"Blog de p\u00e1del - An\u00e1lisis, noticias y opini\u00f3n - Estrella Damm","description":"Blog de p\u00e1del. Inf\u00f3rmate sobre la actualidad relacionada con el mundo del p\u00e1del. An\u00e1lisis y noticias, lo mejor en P\u00e1del Estrella Damm","publisher":{"@id":"https:\/\/padelestrelladamm.es\/blog\/#organization"},"potentialAction":[{"@type":"SearchAction","target":{"@type":"EntryPoint","urlTemplate":"https:\/\/padelestrelladamm.es\/blog\/?s={search_term_string}"},"query-input":"required name=search_term_string"}],"inLanguage":"es"},{"@type":"WebPage","@id":"https:\/\/padelestrelladamm.es\/blog\/alba-y-gil-a-la-cabeza-de-la-madrilena-tras-la-ultima-prueba-del-circuito\/","url":"https:\/\/padelestrelladamm.es\/blog\/alba-y-gil-a-la-cabeza-de-la-madrilena-tras-la-ultima-prueba-del-circuito\/","name":"ALBA Y GIL A LA CABEZA DE LA MADRILE\u00d1A TRAS LA \u00daLTIMA PRUEBA DEL CIRCUITO","isPartOf":{"@id":"https:\/\/padelestrelladamm.es\/blog\/#website"},"datePublished":"2019-11-18T11:06:00+00:00","dateModified":"2021-07-08T10:14:27+00:00","breadcrumb":{"@id":"https:\/\/padelestrelladamm.es\/blog\/alba-y-gil-a-la-cabeza-de-la-madrilena-tras-la-ultima-prueba-del-circuito\/#breadcrumb"},"inLanguage":"es","potentialAction":[{"@type":"ReadAction","target":["https:\/\/padelestrelladamm.es\/blog\/alba-y-gil-a-la-cabeza-de-la-madrilena-tras-la-ultima-prueba-del-circuito\/"]}]},{"@type":"BreadcrumbList","@id":"https:\/\/padelestrelladamm.es\/blog\/alba-y-gil-a-la-cabeza-de-la-madrilena-tras-la-ultima-prueba-del-circuito\/#breadcrumb","itemListElement":[{"@type":"ListItem","position":1,"name":"Inicio","item":"https:\/\/padelestrelladamm.es\/blog\/"},{"@type":"ListItem","position":2,"name":"ALBA Y GIL A LA CABEZA DE LA MADRILE\u00d1A TRAS LA \u00daLTIMA PRUEBA DEL CIRCUITO"}]},{"@type":"Article","@id":"https:\/\/padelestrelladamm.es\/blog\/alba-y-gil-a-la-cabeza-de-la-madrilena-tras-la-ultima-prueba-del-circuito\/#article","isPartOf":{"@id":"https:\/\/padelestrelladamm.es\/blog\/alba-y-gil-a-la-cabeza-de-la-madrilena-tras-la-ultima-prueba-del-circuito\/"},"author":{"name":"Redacci\u00f3n","@id":"https:\/\/padelestrelladamm.es\/blog\/#\/schema\/person\/418380b12903f0d45c68a26eb53d71fd"},"headline":"ALBA Y GIL A LA CABEZA DE LA MADRILE\u00d1A TRAS LA \u00daLTIMA PRUEBA DEL CIRCUITO","datePublished":"2019-11-18T11:06:00+00:00","dateModified":"2021-07-08T10:14:27+00:00","mainEntityOfPage":{"@id":"https:\/\/padelestrelladamm.es\/blog\/alba-y-gil-a-la-cabeza-de-la-madrilena-tras-la-ultima-prueba-del-circuito\/"},"wordCount":564,"commentCount":0,"publisher":{"@id":"https:\/\/padelestrelladamm.es\/blog\/#organization"},"articleSection":["Cr\u00f3nicas"],"inLanguage":"es","potentialAction":[{"@type":"CommentAction","name":"Comment","target":["https:\/\/padelestrelladamm.es\/blog\/alba-y-gil-a-la-cabeza-de-la-madrilena-tras-la-ultima-prueba-del-circuito\/#respond"]}]},{"@type":"Person","@id":"https:\/\/padelestrelladamm.es\/blog\/#\/schema\/person\/418380b12903f0d45c68a26eb53d71fd","name":"Redacci\u00f3n","image":{"@type":"ImageObject","inLanguage":"es","@id":"https:\/\/padelestrelladamm.es\/blog\/#\/schema\/person\/image\/","url":"https:\/\/secure.gravatar.com\/avatar\/8de99d88dc171dfa4570a7b72f5fa083?s=96&d=mm&r=g","contentUrl":"https:\/\/secure.gravatar.com\/avatar\/8de99d88dc171dfa4570a7b72f5fa083?s=96&d=mm&r=g","caption":"Redacci\u00f3n"},"url":"https:\/\/padelestrelladamm.es\/blog\/author\/circuito\/"}]}},"_links":{"self":[{"href":"https:\/\/padelestrelladamm.es\/blog\/wp-json\/wp\/v2\/posts\/460"}],"collection":[{"href":"https:\/\/padelestrelladamm.es\/blog\/wp-json\/wp\/v2\/posts"}],"about":[{"href":"https:\/\/padelestrelladamm.es\/blog\/wp-json\/wp\/v2\/types\/post"}],"author":[{"embeddable":true,"href":"https:\/\/padelestrelladamm.es\/blog\/wp-json\/wp\/v2\/users\/4"}],"replies":[{"embeddable":true,"href":"https:\/\/padelestrelladamm.es\/blog\/wp-json\/wp\/v2\/comments?post=460"}],"version-history":[{"count":2,"href":"https:\/\/padelestrelladamm.es\/blog\/wp-json\/wp\/v2\/posts\/460\/revisions"}],"predecessor-version":[{"id":463,"href":"https:\/\/padelestrelladamm.es\/blog\/wp-json\/wp\/v2\/posts\/460\/revisions\/463"}],"wp:featuredmedia":[{"embeddable":true,"href":"https:\/\/padelestrelladamm.es\/blog\/wp-json\/wp\/v2\/media\/462"}],"wp:attachment":[{"href":"https:\/\/padelestrelladamm.es\/blog\/wp-json\/wp\/v2\/media?parent=460"}],"wp:term":[{"taxonomy":"category","embeddable":true,"href":"https:\/\/padelestrelladamm.es\/blog\/wp-json\/wp\/v2\/categories?post=460"},{"taxonomy":"post_tag","embeddable":true,"href":"https:\/\/padelestrelladamm.es\/blog\/wp-json\/wp\/v2\/tags?post=460"}],"curies":[{"name":"wp","href":"https:\/\/api.w.org\/{rel}","templated":true}]}}