{"id":471,"date":"2021-06-24T17:35:00","date_gmt":"2021-06-24T15:35:00","guid":{"rendered":"https:\/\/padelestrelladamm.es\/blog\/?p=471"},"modified":"2021-07-13T13:56:33","modified_gmt":"2021-07-13T11:56:33","slug":"ranking-veterano-fmp","status":"publish","type":"post","link":"https:\/\/padelestrelladamm.es\/blog\/ranking-veterano-fmp\/","title":{"rendered":"PRIMERA INCURSI\u00d3N DEL CIRCUITO EN EL RANKING VETERANO FMP"},"content":{"rendered":"\n<blockquote class=\"wp-block-quote\"><p>Con el torneo veterano federado disputado del 14 al 20 de junio, el Circuito de P\u00e1del Estrella Damm ha hecho su primera incursi\u00f3n en el ranking veterano FMP (Federaci\u00f3n Madrile\u00f1a de P\u00e1del). La modalidad masculina cont\u00f3 con las categor\u00edas +35, +45 y +55, mientras que la femenina con una \u00fanica categor\u00eda, la +35.<\/p><\/blockquote>\n\n\n\n<p>La sede del torneo fue el Club de P\u00e1del Soto Torrej\u00f3n, que ofreci\u00f3 todo tipo de facilidades para lidiar con una semana de lluvias torrenciales. Tanto es as\u00ed, que las finales del cuadro principal hubieron de posponerse a la tarde del domingo 20 por la imposibilidad de llevarse a cabo durante la ma\u00f1ana.<\/p>\n\n\n\n<p>El Circuito de P\u00e1del Estrella Damm ve en el ranking veterano FMP un gran potencial, sobre todo, si se afianza la nueva categor\u00eda Promoci\u00f3n. Esta categor\u00eda, en lugar de enfrentar a las parejas por rango de edad, toma en cuenta el nivel de juego. Por este motivo, en noviembre volver\u00e1 a celebrarse otro torneo de estas caracter\u00edsticas.&nbsp;<\/p>\n\n\n\n<p>De las tres finales del cuadro masculino, la de +55 fue la m\u00e1s re\u00f1ida de todas. Pedro Sul\u00e9 y Alejandro del Rey tuvieron que irse a un tercer set para alzarse con el triunfo ante Jos\u00e9 Mar\u00eda Valverde y Germ\u00e1n Anllo por un 6\/7 6\/3 6\/3.<\/p>\n\n\n\n<p>Las modalidades + 35 y + 45 se resolvieron en dos set. En la primera de ellas, Alejandro Rodr\u00edguez y Jos\u00e9 Pedro Calvo-Sotelo Velasco se impusieron a Carlos \u00c1lvaro del R\u00edo y David Lillo por un 6\/3 6\/1. Por otra parte, en la segunda, fueron \u00c1ngel Torres y Daniel Vaquero los que subieron a lo alto del podio al derrotar a Coca y Rafael Romero por un 6\/3 7\/5.<\/p>\n\n\n\n<p>En el cuadro femenino, la contundente pareja formada por Esther Lasheras y Marta Pem\u00e1n solo dejaron arrebatarse tres juegos por parte de Eva Ferrer y Celia Hern\u00e1ndez finalizando el partido con un 6\/0 6\/3.<\/p>\n\n\n\n<p>Descubre c\u00f3mo va el ranking veterano FMP tras esta prueba en la <a href=\"https:\/\/www.fmpadel.com\/\" target=\"_blank\" rel=\"noreferrer noopener\">p\u00e1gina web de la Federaci\u00f3n Madrile\u00f1a de P\u00e1del<\/a><\/p>\n\n\n\n<h4>\u00daltimos express antes de la plena digitalizaci\u00f3n<\/h4>\n\n\n\n<p>Los cuatro torneos express celebrados en el Club de P\u00e1del Soto Torrej\u00f3n han sido los \u00faltimos antes de la plena digitalizaci\u00f3n de los mismos. En este club se han vuelto a ofrecer los tres niveles de torneos: Bajo, Medio y Avanzado con todas las modalidades.<\/p>\n\n\n\n<p>A partir de los torneos nocturnos de julio, los seguidores y seguidoras de este formato de torneos , podr\u00e1n registrar el resultado de sus partidos de la fase de grupos, recibir comunicaci\u00f3n a trav\u00e9s del m\u00f3vil de las pistas a las que acudir en cada fase y seguir, en tiempo real, el desarrollo del torneo.<\/p>\n\n\n\n<p>La sede de los futuros torneos ser\u00e1 el Club Deportivo Somontes. Y todos los interesados e interesadas en participar ya pueden inscribirse en nuestra p\u00e1gina web.&nbsp;<\/p>\n\n\n\n<p><\/p>\n","protected":false},"excerpt":{"rendered":"<p>Con el torneo veterano federado disputado del 14 al 20 de junio, el Circuito de P\u00e1del Estrella Damm ha hecho su primera incursi\u00f3n en el ranking veterano FMP (Federaci\u00f3n Madrile\u00f1a de P\u00e1del). La modalidad masculina cont\u00f3 con las categor\u00edas +35, +45 y +55, mientras que la femenina con una \u00fanica categor\u00eda, la +35. La sede [&hellip;]<\/p>\n","protected":false},"author":4,"featured_media":477,"comment_status":"open","ping_status":"open","sticky":true,"template":"","format":"standard","meta":[],"categories":[7],"tags":[],"yoast_head":"<!-- This site is optimized with the Yoast SEO plugin v19.4 - https:\/\/yoast.com\/wordpress\/plugins\/seo\/ -->\n<title>El Ranking Veterano FMP llega al Circuito de P\u00e1del Estrella Damm<\/title>\n<meta name=\"description\" content=\"El Circuito celebra su primera prueba veterana en el marco de la Federaci\u00f3n Madrile\u00f1a de P\u00e1del computando para el ranking FMP veterano.\" \/>\n<meta name=\"robots\" content=\"index, follow, max-snippet:-1, max-image-preview:large, max-video-preview:-1\" \/>\n<link rel=\"canonical\" href=\"https:\/\/padelestrelladamm.es\/blog\/ranking-veterano-fmp\/\" \/>\n<meta property=\"og:locale\" content=\"es_ES\" \/>\n<meta property=\"og:type\" content=\"article\" \/>\n<meta property=\"og:title\" content=\"El Ranking Veterano FMP llega al Circuito de P\u00e1del Estrella Damm\" \/>\n<meta property=\"og:description\" content=\"El Circuito celebra su primera prueba veterana en el marco de la Federaci\u00f3n Madrile\u00f1a de P\u00e1del computando para el ranking FMP veterano.\" \/>\n<meta property=\"og:url\" content=\"https:\/\/padelestrelladamm.es\/blog\/ranking-veterano-fmp\/\" \/>\n<meta property=\"og:site_name\" content=\"Blog de p\u00e1del - An\u00e1lisis, noticias y opini\u00f3n - Estrella Damm\" \/>\n<meta property=\"article:publisher\" content=\"https:\/\/www.facebook.com\/CircuitoDePadelEstrellaDamm\" \/>\n<meta property=\"article:published_time\" content=\"2021-06-24T15:35:00+00:00\" \/>\n<meta property=\"article:modified_time\" content=\"2021-07-13T11:56:33+00:00\" \/>\n<meta property=\"og:image\" content=\"https:\/\/padelestrelladamm.es\/blog\/wp-content\/uploads\/2021\/06\/ranking-veterano-2.jpg\" \/>\n\t<meta property=\"og:image:width\" content=\"500\" \/>\n\t<meta property=\"og:image:height\" content=\"166\" \/>\n\t<meta property=\"og:image:type\" content=\"image\/jpeg\" \/>\n<meta name=\"author\" content=\"Redacci\u00f3n\" \/>\n<meta name=\"twitter:card\" content=\"summary_large_image\" \/>\n<meta name=\"twitter:label1\" content=\"Escrito por\" \/>\n\t<meta name=\"twitter:data1\" content=\"Redacci\u00f3n\" \/>\n\t<meta name=\"twitter:label2\" content=\"Tiempo de lectura\" \/>\n\t<meta name=\"twitter:data2\" content=\"3 minutos\" \/>\n<script type=\"application\/ld+json\" class=\"yoast-schema-graph\">{\"@context\":\"https:\/\/schema.org\",\"@graph\":[{\"@type\":\"Organization\",\"@id\":\"https:\/\/padelestrelladamm.es\/blog\/#organization\",\"name\":\"Circuito de P\u00e1del Estrelladamm\",\"url\":\"https:\/\/padelestrelladamm.es\/blog\/\",\"sameAs\":[\"https:\/\/www.instagram.com\/circuitopadelestrelladamm\",\"https:\/\/www.youtube.com\/user\/padelestrelladamm\",\"https:\/\/www.facebook.com\/CircuitoDePadelEstrellaDamm\"],\"logo\":{\"@type\":\"ImageObject\",\"inLanguage\":\"es\",\"@id\":\"https:\/\/padelestrelladamm.es\/blog\/#\/schema\/logo\/image\/\",\"url\":\"https:\/\/padelestrelladamm.es\/blog\/wp-content\/uploads\/2021\/06\/BLOG-128.jpg\",\"contentUrl\":\"https:\/\/padelestrelladamm.es\/blog\/wp-content\/uploads\/2021\/06\/BLOG-128.jpg\",\"width\":128,\"height\":26,\"caption\":\"Circuito de P\u00e1del Estrelladamm\"},\"image\":{\"@id\":\"https:\/\/padelestrelladamm.es\/blog\/#\/schema\/logo\/image\/\"}},{\"@type\":\"WebSite\",\"@id\":\"https:\/\/padelestrelladamm.es\/blog\/#website\",\"url\":\"https:\/\/padelestrelladamm.es\/blog\/\",\"name\":\"Blog de p\u00e1del - An\u00e1lisis, noticias y opini\u00f3n - Estrella Damm\",\"description\":\"Blog de p\u00e1del. Inf\u00f3rmate sobre la actualidad relacionada con el mundo del p\u00e1del. An\u00e1lisis y noticias, lo mejor en P\u00e1del Estrella Damm\",\"publisher\":{\"@id\":\"https:\/\/padelestrelladamm.es\/blog\/#organization\"},\"potentialAction\":[{\"@type\":\"SearchAction\",\"target\":{\"@type\":\"EntryPoint\",\"urlTemplate\":\"https:\/\/padelestrelladamm.es\/blog\/?s={search_term_string}\"},\"query-input\":\"required name=search_term_string\"}],\"inLanguage\":\"es\"},{\"@type\":\"WebPage\",\"@id\":\"https:\/\/padelestrelladamm.es\/blog\/ranking-veterano-fmp\/\",\"url\":\"https:\/\/padelestrelladamm.es\/blog\/ranking-veterano-fmp\/\",\"name\":\"El Ranking Veterano FMP llega al Circuito de P\u00e1del Estrella Damm\",\"isPartOf\":{\"@id\":\"https:\/\/padelestrelladamm.es\/blog\/#website\"},\"datePublished\":\"2021-06-24T15:35:00+00:00\",\"dateModified\":\"2021-07-13T11:56:33+00:00\",\"description\":\"El Circuito celebra su primera prueba veterana en el marco de la Federaci\u00f3n Madrile\u00f1a de P\u00e1del computando para el ranking FMP veterano.\",\"breadcrumb\":{\"@id\":\"https:\/\/padelestrelladamm.es\/blog\/ranking-veterano-fmp\/#breadcrumb\"},\"inLanguage\":\"es\",\"potentialAction\":[{\"@type\":\"ReadAction\",\"target\":[\"https:\/\/padelestrelladamm.es\/blog\/ranking-veterano-fmp\/\"]}]},{\"@type\":\"BreadcrumbList\",\"@id\":\"https:\/\/padelestrelladamm.es\/blog\/ranking-veterano-fmp\/#breadcrumb\",\"itemListElement\":[{\"@type\":\"ListItem\",\"position\":1,\"name\":\"Inicio\",\"item\":\"https:\/\/padelestrelladamm.es\/blog\/\"},{\"@type\":\"ListItem\",\"position\":2,\"name\":\"PRIMERA INCURSI\u00d3N DEL CIRCUITO EN EL RANKING VETERANO FMP\"}]},{\"@type\":\"Article\",\"@id\":\"https:\/\/padelestrelladamm.es\/blog\/ranking-veterano-fmp\/#article\",\"isPartOf\":{\"@id\":\"https:\/\/padelestrelladamm.es\/blog\/ranking-veterano-fmp\/\"},\"author\":{\"name\":\"Redacci\u00f3n\",\"@id\":\"https:\/\/padelestrelladamm.es\/blog\/#\/schema\/person\/418380b12903f0d45c68a26eb53d71fd\"},\"headline\":\"PRIMERA INCURSI\u00d3N DEL CIRCUITO EN EL RANKING VETERANO FMP\",\"datePublished\":\"2021-06-24T15:35:00+00:00\",\"dateModified\":\"2021-07-13T11:56:33+00:00\",\"mainEntityOfPage\":{\"@id\":\"https:\/\/padelestrelladamm.es\/blog\/ranking-veterano-fmp\/\"},\"wordCount\":492,\"commentCount\":0,\"publisher\":{\"@id\":\"https:\/\/padelestrelladamm.es\/blog\/#organization\"},\"articleSection\":[\"Cr\u00f3nicas\"],\"inLanguage\":\"es\",\"potentialAction\":[{\"@type\":\"CommentAction\",\"name\":\"Comment\",\"target\":[\"https:\/\/padelestrelladamm.es\/blog\/ranking-veterano-fmp\/#respond\"]}]},{\"@type\":\"Person\",\"@id\":\"https:\/\/padelestrelladamm.es\/blog\/#\/schema\/person\/418380b12903f0d45c68a26eb53d71fd\",\"name\":\"Redacci\u00f3n\",\"image\":{\"@type\":\"ImageObject\",\"inLanguage\":\"es\",\"@id\":\"https:\/\/padelestrelladamm.es\/blog\/#\/schema\/person\/image\/\",\"url\":\"https:\/\/secure.gravatar.com\/avatar\/8de99d88dc171dfa4570a7b72f5fa083?s=96&d=mm&r=g\",\"contentUrl\":\"https:\/\/secure.gravatar.com\/avatar\/8de99d88dc171dfa4570a7b72f5fa083?s=96&d=mm&r=g\",\"caption\":\"Redacci\u00f3n\"},\"url\":\"https:\/\/padelestrelladamm.es\/blog\/author\/circuito\/\"}]}<\/script>\n<!-- \/ Yoast SEO plugin. -->","yoast_head_json":{"title":"El Ranking Veterano FMP llega al Circuito de P\u00e1del Estrella Damm","description":"El Circuito celebra su primera prueba veterana en el marco de la Federaci\u00f3n Madrile\u00f1a de P\u00e1del computando para el ranking FMP veterano.","robots":{"index":"index","follow":"follow","max-snippet":"max-snippet:-1","max-image-preview":"max-image-preview:large","max-video-preview":"max-video-preview:-1"},"canonical":"https:\/\/padelestrelladamm.es\/blog\/ranking-veterano-fmp\/","og_locale":"es_ES","og_type":"article","og_title":"El Ranking Veterano FMP llega al Circuito de P\u00e1del Estrella Damm","og_description":"El Circuito celebra su primera prueba veterana en el marco de la Federaci\u00f3n Madrile\u00f1a de P\u00e1del computando para el ranking FMP veterano.","og_url":"https:\/\/padelestrelladamm.es\/blog\/ranking-veterano-fmp\/","og_site_name":"Blog de p\u00e1del - An\u00e1lisis, noticias y opini\u00f3n - Estrella Damm","article_publisher":"https:\/\/www.facebook.com\/CircuitoDePadelEstrellaDamm","article_published_time":"2021-06-24T15:35:00+00:00","article_modified_time":"2021-07-13T11:56:33+00:00","og_image":[{"width":500,"height":166,"url":"https:\/\/padelestrelladamm.es\/blog\/wp-content\/uploads\/2021\/06\/ranking-veterano-2.jpg","type":"image\/jpeg"}],"author":"Redacci\u00f3n","twitter_card":"summary_large_image","twitter_misc":{"Escrito por":"Redacci\u00f3n","Tiempo de lectura":"3 minutos"},"schema":{"@context":"https:\/\/schema.org","@graph":[{"@type":"Organization","@id":"https:\/\/padelestrelladamm.es\/blog\/#organization","name":"Circuito de P\u00e1del Estrelladamm","url":"https:\/\/padelestrelladamm.es\/blog\/","sameAs":["https:\/\/www.instagram.com\/circuitopadelestrelladamm","https:\/\/www.youtube.com\/user\/padelestrelladamm","https:\/\/www.facebook.com\/CircuitoDePadelEstrellaDamm"],"logo":{"@type":"ImageObject","inLanguage":"es","@id":"https:\/\/padelestrelladamm.es\/blog\/#\/schema\/logo\/image\/","url":"https:\/\/padelestrelladamm.es\/blog\/wp-content\/uploads\/2021\/06\/BLOG-128.jpg","contentUrl":"https:\/\/padelestrelladamm.es\/blog\/wp-content\/uploads\/2021\/06\/BLOG-128.jpg","width":128,"height":26,"caption":"Circuito de P\u00e1del Estrelladamm"},"image":{"@id":"https:\/\/padelestrelladamm.es\/blog\/#\/schema\/logo\/image\/"}},{"@type":"WebSite","@id":"https:\/\/padelestrelladamm.es\/blog\/#website","url":"https:\/\/padelestrelladamm.es\/blog\/","name":"Blog de p\u00e1del - An\u00e1lisis, noticias y opini\u00f3n - Estrella Damm","description":"Blog de p\u00e1del. Inf\u00f3rmate sobre la actualidad relacionada con el mundo del p\u00e1del. An\u00e1lisis y noticias, lo mejor en P\u00e1del Estrella Damm","publisher":{"@id":"https:\/\/padelestrelladamm.es\/blog\/#organization"},"potentialAction":[{"@type":"SearchAction","target":{"@type":"EntryPoint","urlTemplate":"https:\/\/padelestrelladamm.es\/blog\/?s={search_term_string}"},"query-input":"required name=search_term_string"}],"inLanguage":"es"},{"@type":"WebPage","@id":"https:\/\/padelestrelladamm.es\/blog\/ranking-veterano-fmp\/","url":"https:\/\/padelestrelladamm.es\/blog\/ranking-veterano-fmp\/","name":"El Ranking Veterano FMP llega al Circuito de P\u00e1del Estrella Damm","isPartOf":{"@id":"https:\/\/padelestrelladamm.es\/blog\/#website"},"datePublished":"2021-06-24T15:35:00+00:00","dateModified":"2021-07-13T11:56:33+00:00","description":"El Circuito celebra su primera prueba veterana en el marco de la Federaci\u00f3n Madrile\u00f1a de P\u00e1del computando para el ranking FMP veterano.","breadcrumb":{"@id":"https:\/\/padelestrelladamm.es\/blog\/ranking-veterano-fmp\/#breadcrumb"},"inLanguage":"es","potentialAction":[{"@type":"ReadAction","target":["https:\/\/padelestrelladamm.es\/blog\/ranking-veterano-fmp\/"]}]},{"@type":"BreadcrumbList","@id":"https:\/\/padelestrelladamm.es\/blog\/ranking-veterano-fmp\/#breadcrumb","itemListElement":[{"@type":"ListItem","position":1,"name":"Inicio","item":"https:\/\/padelestrelladamm.es\/blog\/"},{"@type":"ListItem","position":2,"name":"PRIMERA INCURSI\u00d3N DEL CIRCUITO EN EL RANKING VETERANO FMP"}]},{"@type":"Article","@id":"https:\/\/padelestrelladamm.es\/blog\/ranking-veterano-fmp\/#article","isPartOf":{"@id":"https:\/\/padelestrelladamm.es\/blog\/ranking-veterano-fmp\/"},"author":{"name":"Redacci\u00f3n","@id":"https:\/\/padelestrelladamm.es\/blog\/#\/schema\/person\/418380b12903f0d45c68a26eb53d71fd"},"headline":"PRIMERA INCURSI\u00d3N DEL CIRCUITO EN EL RANKING VETERANO FMP","datePublished":"2021-06-24T15:35:00+00:00","dateModified":"2021-07-13T11:56:33+00:00","mainEntityOfPage":{"@id":"https:\/\/padelestrelladamm.es\/blog\/ranking-veterano-fmp\/"},"wordCount":492,"commentCount":0,"publisher":{"@id":"https:\/\/padelestrelladamm.es\/blog\/#organization"},"articleSection":["Cr\u00f3nicas"],"inLanguage":"es","potentialAction":[{"@type":"CommentAction","name":"Comment","target":["https:\/\/padelestrelladamm.es\/blog\/ranking-veterano-fmp\/#respond"]}]},{"@type":"Person","@id":"https:\/\/padelestrelladamm.es\/blog\/#\/schema\/person\/418380b12903f0d45c68a26eb53d71fd","name":"Redacci\u00f3n","image":{"@type":"ImageObject","inLanguage":"es","@id":"https:\/\/padelestrelladamm.es\/blog\/#\/schema\/person\/image\/","url":"https:\/\/secure.gravatar.com\/avatar\/8de99d88dc171dfa4570a7b72f5fa083?s=96&d=mm&r=g","contentUrl":"https:\/\/secure.gravatar.com\/avatar\/8de99d88dc171dfa4570a7b72f5fa083?s=96&d=mm&r=g","caption":"Redacci\u00f3n"},"url":"https:\/\/padelestrelladamm.es\/blog\/author\/circuito\/"}]}},"_links":{"self":[{"href":"https:\/\/padelestrelladamm.es\/blog\/wp-json\/wp\/v2\/posts\/471"}],"collection":[{"href":"https:\/\/padelestrelladamm.es\/blog\/wp-json\/wp\/v2\/posts"}],"about":[{"href":"https:\/\/padelestrelladamm.es\/blog\/wp-json\/wp\/v2\/types\/post"}],"author":[{"embeddable":true,"href":"https:\/\/padelestrelladamm.es\/blog\/wp-json\/wp\/v2\/users\/4"}],"replies":[{"embeddable":true,"href":"https:\/\/padelestrelladamm.es\/blog\/wp-json\/wp\/v2\/comments?post=471"}],"version-history":[{"count":4,"href":"https:\/\/padelestrelladamm.es\/blog\/wp-json\/wp\/v2\/posts\/471\/revisions"}],"predecessor-version":[{"id":488,"href":"https:\/\/padelestrelladamm.es\/blog\/wp-json\/wp\/v2\/posts\/471\/revisions\/488"}],"wp:featuredmedia":[{"embeddable":true,"href":"https:\/\/padelestrelladamm.es\/blog\/wp-json\/wp\/v2\/media\/477"}],"wp:attachment":[{"href":"https:\/\/padelestrelladamm.es\/blog\/wp-json\/wp\/v2\/media?parent=471"}],"wp:term":[{"taxonomy":"category","embeddable":true,"href":"https:\/\/padelestrelladamm.es\/blog\/wp-json\/wp\/v2\/categories?post=471"},{"taxonomy":"post_tag","embeddable":true,"href":"https:\/\/padelestrelladamm.es\/blog\/wp-json\/wp\/v2\/tags?post=471"}],"curies":[{"name":"wp","href":"https:\/\/api.w.org\/{rel}","templated":true}]}}