{"id":481,"date":"2021-02-23T13:52:00","date_gmt":"2021-02-23T12:52:00","guid":{"rendered":"https:\/\/padelestrelladamm.es\/blog\/?p=481"},"modified":"2021-07-13T13:57:30","modified_gmt":"2021-07-13T11:57:30","slug":"rotundo-exito-de-participacion-en-el-primer-torneo-federado-del-circuito-de-padel-estrella-damm","status":"publish","type":"post","link":"https:\/\/padelestrelladamm.es\/blog\/rotundo-exito-de-participacion-en-el-primer-torneo-federado-del-circuito-de-padel-estrella-damm\/","title":{"rendered":"ROTUNDO \u00c9XITO DE PARTICIPACI\u00d3N EN EL PRIMER TORNEO FEDERADO DEL CIRCUITO DEL P\u00c1DEL ESTRELLA DAMM"},"content":{"rendered":"\n<blockquote class=\"wp-block-quote\"><p>El Circuito de P\u00e1del Estrella Damm ha vuelto a las pistas madrile\u00f1as y lo ha hecho por la puerta grande. Nada m\u00e1s y nada menos que 702 jugadores y jugadoras se han dado cita en su primer torneo federado de este a\u00f1o celebrado en el Club de P\u00e1del La Moraleja del 13 al 21 de febrero. Esta cifra pone de manifiesto el hambre de competici\u00f3n que tienen los aficionados al p\u00e1del. Y es que el p\u00e1del es de los deportes cuya pr\u00e1ctica es segura si se toman las medidas necesarias. As\u00ed lo demostr\u00f3 el Circuito en la pasada edici\u00f3n y lo ha vuelto a demostrar en el reciente torneo gracias al cuidado protocolo COVID-19 que ha establecido para garantizar una competici\u00f3n segura.<\/p><\/blockquote>\n\n\n\n<p>Una competici\u00f3n que tuvo en la pista de la final de primera categor\u00eda a Javier Concepci\u00f3n y Francisco Jurado frente a Daniel de Castro y Javier Collantes. Fueron Concepci\u00f3n y Jurado los que levantaron el trofeo de campeones tras ganar el encuentro por un 6\/0 6\/2. Esta categor\u00eda cont\u00f3 con jugadores de la talla de V\u00edctor S\u00e1nchez Vera, David Garc\u00eda Campos, Willy Casta\u00f1\u00f3n o Daniel Bressel, entre otros.&nbsp;<\/p>\n\n\n\n<p>Tambi\u00e9n la primera categor\u00eda cont\u00f3 con grandes jugadoras, pero fueron Paula Hermida, Carlotta Casali, Lorena Alonso y Alicia Berl las que llegaron hasta la \u00faltima fase del cuadro. En un partido con grand\u00edsimos puntos, la victoria recay\u00f3 en la pareja formada por Alonso y Berl que se alzaron con el encuentro por un 6\/3 6\/3.<\/p>\n\n\n\n<p>Desde hac\u00eda tiempo, un torneo federado no contaba con cinco categor\u00edas masculinas y tres femeninas, que fueron perfectamente coordinadas por la profesionalidad de la juez \u00e1rbitro del torneo, Marta Satr\u00fastegui.<\/p>\n\n\n\n<h4>Muchas caras conocidas, muchas caras nuevas<\/h4>\n\n\n\n<p>Las elevadas cifras de participaci\u00f3n han puesto de manifiesto que el Circuito se entiende no solo como un espacio para practicar deporte. El Circuito es, en estos momentos, m\u00e1s que nunca, un espacio de evasi\u00f3n, un espacio de esperanza de que la normalidad est\u00e1 al llegar.&nbsp;<\/p>\n\n\n\n<p>Y as\u00ed se ha demostrado con la cantidad de caras m\u00edticas que participaban en este Circuito hace a\u00f1os y que lo han vuelto a hacer.&nbsp;<\/p>\n\n\n\n<p>Tambi\u00e9n se han visto muchas caras nuevas que nunca hab\u00edan participado en el Circuito y caras habituales de los torneos express que, ante las restricciones de movilidad y horaria impuestas por las administraciones, han optado por federarse y probar este tipo de competici\u00f3n.<\/p>\n\n\n\n<h4>El Circuitod e P\u00e1del Estrella Damm sorprende en la entrega de los premios<\/h4>\n\n\n\n<p>Ya desde el a\u00f1o pasado, el Circuito ha cuidado el evitar aglomeraciones, por lo que tom\u00f3 la decisi\u00f3n de que las entregas de premios fuesen escalonadas conforme finalizaban las diferentes finales. Pero no ha querido que este hecho restase importancia al momento de la recogida de los premios por parte de las parejas finalistas. Por este motivo, ha presentado un nuevo espacio de entrega acorde a la l\u00ednea y est\u00e9tica ecol\u00f3gica por la que viene apostando los \u00faltimos a\u00f1os.&nbsp;<\/p>\n\n\n\n<p>Tambi\u00e9n el trofeo de los campeones y subcampeones ha sorprendido a los ganadores. Y es que el Circuito presenta en esta edici\u00f3n unos trofeos con una fotograf\u00eda de la pareja premiada.<\/p>\n\n\n\n<p>La pr\u00f3xima cita para los aficionados al p\u00e1del y seguidores del Circuito ser\u00e1n los cuatro torneos express que se celebrar\u00e1n en el Club deportivo Somontes. Unos torneos que est\u00e1 visto hacen furor entre los aficionados. En menos de tres d\u00edas se han inscrito m\u00e1s de 375 parejas.<\/p>\n","protected":false},"excerpt":{"rendered":"<p>El Circuito de P\u00e1del Estrella Damm ha vuelto a las pistas madrile\u00f1as y lo ha hecho por la puerta grande. Nada m\u00e1s y nada menos que 702 jugadores y jugadoras se han dado cita en su primer torneo federado de este a\u00f1o celebrado en el Club de P\u00e1del La Moraleja del 13 al 21 de [&hellip;]<\/p>\n","protected":false},"author":4,"featured_media":482,"comment_status":"open","ping_status":"open","sticky":false,"template":"","format":"standard","meta":[],"categories":[7],"tags":[],"yoast_head":"<!-- This site is optimized with the Yoast SEO plugin v19.4 - https:\/\/yoast.com\/wordpress\/plugins\/seo\/ -->\n<title>ROTUNDO \u00c9XITO DE PARTICIPACI\u00d3N EN EL PRIMER TORNEO FEDERADO DEL CIRCUITO DEL P\u00c1DEL ESTRELLA DAMM<\/title>\n<meta name=\"robots\" content=\"index, follow, max-snippet:-1, max-image-preview:large, max-video-preview:-1\" \/>\n<link rel=\"canonical\" href=\"https:\/\/padelestrelladamm.es\/blog\/rotundo-exito-de-participacion-en-el-primer-torneo-federado-del-circuito-de-padel-estrella-damm\/\" \/>\n<meta property=\"og:locale\" content=\"es_ES\" \/>\n<meta property=\"og:type\" content=\"article\" \/>\n<meta property=\"og:title\" content=\"ROTUNDO \u00c9XITO DE PARTICIPACI\u00d3N EN EL PRIMER TORNEO FEDERADO DEL CIRCUITO DEL P\u00c1DEL ESTRELLA DAMM\" \/>\n<meta property=\"og:description\" content=\"El Circuito de P\u00e1del Estrella Damm ha vuelto a las pistas madrile\u00f1as y lo ha hecho por la puerta grande. Nada m\u00e1s y nada menos que 702 jugadores y jugadoras se han dado cita en su primer torneo federado de este a\u00f1o celebrado en el Club de P\u00e1del La Moraleja del 13 al 21 de [&hellip;]\" \/>\n<meta property=\"og:url\" content=\"https:\/\/padelestrelladamm.es\/blog\/rotundo-exito-de-participacion-en-el-primer-torneo-federado-del-circuito-de-padel-estrella-damm\/\" \/>\n<meta property=\"og:site_name\" content=\"Blog de p\u00e1del - An\u00e1lisis, noticias y opini\u00f3n - Estrella Damm\" \/>\n<meta property=\"article:publisher\" content=\"https:\/\/www.facebook.com\/CircuitoDePadelEstrellaDamm\" \/>\n<meta property=\"article:published_time\" content=\"2021-02-23T12:52:00+00:00\" \/>\n<meta property=\"article:modified_time\" content=\"2021-07-13T11:57:30+00:00\" \/>\n<meta property=\"og:image\" content=\"https:\/\/padelestrelladamm.es\/blog\/wp-content\/uploads\/2021\/07\/atila-barrios.jpg\" \/>\n\t<meta property=\"og:image:width\" content=\"500\" \/>\n\t<meta property=\"og:image:height\" content=\"166\" \/>\n\t<meta property=\"og:image:type\" content=\"image\/jpeg\" \/>\n<meta name=\"author\" content=\"Redacci\u00f3n\" \/>\n<meta name=\"twitter:card\" content=\"summary_large_image\" \/>\n<meta name=\"twitter:label1\" content=\"Escrito por\" \/>\n\t<meta name=\"twitter:data1\" content=\"Redacci\u00f3n\" \/>\n\t<meta name=\"twitter:label2\" content=\"Tiempo de lectura\" \/>\n\t<meta name=\"twitter:data2\" content=\"3 minutos\" \/>\n<script type=\"application\/ld+json\" class=\"yoast-schema-graph\">{\"@context\":\"https:\/\/schema.org\",\"@graph\":[{\"@type\":\"Organization\",\"@id\":\"https:\/\/padelestrelladamm.es\/blog\/#organization\",\"name\":\"Circuito de P\u00e1del Estrelladamm\",\"url\":\"https:\/\/padelestrelladamm.es\/blog\/\",\"sameAs\":[\"https:\/\/www.instagram.com\/circuitopadelestrelladamm\",\"https:\/\/www.youtube.com\/user\/padelestrelladamm\",\"https:\/\/www.facebook.com\/CircuitoDePadelEstrellaDamm\"],\"logo\":{\"@type\":\"ImageObject\",\"inLanguage\":\"es\",\"@id\":\"https:\/\/padelestrelladamm.es\/blog\/#\/schema\/logo\/image\/\",\"url\":\"https:\/\/padelestrelladamm.es\/blog\/wp-content\/uploads\/2021\/06\/BLOG-128.jpg\",\"contentUrl\":\"https:\/\/padelestrelladamm.es\/blog\/wp-content\/uploads\/2021\/06\/BLOG-128.jpg\",\"width\":128,\"height\":26,\"caption\":\"Circuito de P\u00e1del Estrelladamm\"},\"image\":{\"@id\":\"https:\/\/padelestrelladamm.es\/blog\/#\/schema\/logo\/image\/\"}},{\"@type\":\"WebSite\",\"@id\":\"https:\/\/padelestrelladamm.es\/blog\/#website\",\"url\":\"https:\/\/padelestrelladamm.es\/blog\/\",\"name\":\"Blog de p\u00e1del - An\u00e1lisis, noticias y opini\u00f3n - Estrella Damm\",\"description\":\"Blog de p\u00e1del. Inf\u00f3rmate sobre la actualidad relacionada con el mundo del p\u00e1del. An\u00e1lisis y noticias, lo mejor en P\u00e1del Estrella Damm\",\"publisher\":{\"@id\":\"https:\/\/padelestrelladamm.es\/blog\/#organization\"},\"potentialAction\":[{\"@type\":\"SearchAction\",\"target\":{\"@type\":\"EntryPoint\",\"urlTemplate\":\"https:\/\/padelestrelladamm.es\/blog\/?s={search_term_string}\"},\"query-input\":\"required name=search_term_string\"}],\"inLanguage\":\"es\"},{\"@type\":\"WebPage\",\"@id\":\"https:\/\/padelestrelladamm.es\/blog\/rotundo-exito-de-participacion-en-el-primer-torneo-federado-del-circuito-de-padel-estrella-damm\/\",\"url\":\"https:\/\/padelestrelladamm.es\/blog\/rotundo-exito-de-participacion-en-el-primer-torneo-federado-del-circuito-de-padel-estrella-damm\/\",\"name\":\"ROTUNDO \u00c9XITO DE PARTICIPACI\u00d3N EN EL PRIMER TORNEO FEDERADO DEL CIRCUITO DEL P\u00c1DEL ESTRELLA DAMM\",\"isPartOf\":{\"@id\":\"https:\/\/padelestrelladamm.es\/blog\/#website\"},\"datePublished\":\"2021-02-23T12:52:00+00:00\",\"dateModified\":\"2021-07-13T11:57:30+00:00\",\"breadcrumb\":{\"@id\":\"https:\/\/padelestrelladamm.es\/blog\/rotundo-exito-de-participacion-en-el-primer-torneo-federado-del-circuito-de-padel-estrella-damm\/#breadcrumb\"},\"inLanguage\":\"es\",\"potentialAction\":[{\"@type\":\"ReadAction\",\"target\":[\"https:\/\/padelestrelladamm.es\/blog\/rotundo-exito-de-participacion-en-el-primer-torneo-federado-del-circuito-de-padel-estrella-damm\/\"]}]},{\"@type\":\"BreadcrumbList\",\"@id\":\"https:\/\/padelestrelladamm.es\/blog\/rotundo-exito-de-participacion-en-el-primer-torneo-federado-del-circuito-de-padel-estrella-damm\/#breadcrumb\",\"itemListElement\":[{\"@type\":\"ListItem\",\"position\":1,\"name\":\"Inicio\",\"item\":\"https:\/\/padelestrelladamm.es\/blog\/\"},{\"@type\":\"ListItem\",\"position\":2,\"name\":\"ROTUNDO \u00c9XITO DE PARTICIPACI\u00d3N EN EL PRIMER TORNEO FEDERADO DEL CIRCUITO DEL P\u00c1DEL ESTRELLA DAMM\"}]},{\"@type\":\"Article\",\"@id\":\"https:\/\/padelestrelladamm.es\/blog\/rotundo-exito-de-participacion-en-el-primer-torneo-federado-del-circuito-de-padel-estrella-damm\/#article\",\"isPartOf\":{\"@id\":\"https:\/\/padelestrelladamm.es\/blog\/rotundo-exito-de-participacion-en-el-primer-torneo-federado-del-circuito-de-padel-estrella-damm\/\"},\"author\":{\"name\":\"Redacci\u00f3n\",\"@id\":\"https:\/\/padelestrelladamm.es\/blog\/#\/schema\/person\/418380b12903f0d45c68a26eb53d71fd\"},\"headline\":\"ROTUNDO \u00c9XITO DE PARTICIPACI\u00d3N EN EL PRIMER TORNEO FEDERADO DEL CIRCUITO DEL P\u00c1DEL ESTRELLA DAMM\",\"datePublished\":\"2021-02-23T12:52:00+00:00\",\"dateModified\":\"2021-07-13T11:57:30+00:00\",\"mainEntityOfPage\":{\"@id\":\"https:\/\/padelestrelladamm.es\/blog\/rotundo-exito-de-participacion-en-el-primer-torneo-federado-del-circuito-de-padel-estrella-damm\/\"},\"wordCount\":628,\"commentCount\":0,\"publisher\":{\"@id\":\"https:\/\/padelestrelladamm.es\/blog\/#organization\"},\"articleSection\":[\"Cr\u00f3nicas\"],\"inLanguage\":\"es\",\"potentialAction\":[{\"@type\":\"CommentAction\",\"name\":\"Comment\",\"target\":[\"https:\/\/padelestrelladamm.es\/blog\/rotundo-exito-de-participacion-en-el-primer-torneo-federado-del-circuito-de-padel-estrella-damm\/#respond\"]}]},{\"@type\":\"Person\",\"@id\":\"https:\/\/padelestrelladamm.es\/blog\/#\/schema\/person\/418380b12903f0d45c68a26eb53d71fd\",\"name\":\"Redacci\u00f3n\",\"image\":{\"@type\":\"ImageObject\",\"inLanguage\":\"es\",\"@id\":\"https:\/\/padelestrelladamm.es\/blog\/#\/schema\/person\/image\/\",\"url\":\"https:\/\/secure.gravatar.com\/avatar\/8de99d88dc171dfa4570a7b72f5fa083?s=96&d=mm&r=g\",\"contentUrl\":\"https:\/\/secure.gravatar.com\/avatar\/8de99d88dc171dfa4570a7b72f5fa083?s=96&d=mm&r=g\",\"caption\":\"Redacci\u00f3n\"},\"url\":\"https:\/\/padelestrelladamm.es\/blog\/author\/circuito\/\"}]}<\/script>\n<!-- \/ Yoast SEO plugin. -->","yoast_head_json":{"title":"ROTUNDO \u00c9XITO DE PARTICIPACI\u00d3N EN EL PRIMER TORNEO FEDERADO DEL CIRCUITO DEL P\u00c1DEL ESTRELLA DAMM","robots":{"index":"index","follow":"follow","max-snippet":"max-snippet:-1","max-image-preview":"max-image-preview:large","max-video-preview":"max-video-preview:-1"},"canonical":"https:\/\/padelestrelladamm.es\/blog\/rotundo-exito-de-participacion-en-el-primer-torneo-federado-del-circuito-de-padel-estrella-damm\/","og_locale":"es_ES","og_type":"article","og_title":"ROTUNDO \u00c9XITO DE PARTICIPACI\u00d3N EN EL PRIMER TORNEO FEDERADO DEL CIRCUITO DEL P\u00c1DEL ESTRELLA DAMM","og_description":"El Circuito de P\u00e1del Estrella Damm ha vuelto a las pistas madrile\u00f1as y lo ha hecho por la puerta grande. Nada m\u00e1s y nada menos que 702 jugadores y jugadoras se han dado cita en su primer torneo federado de este a\u00f1o celebrado en el Club de P\u00e1del La Moraleja del 13 al 21 de [&hellip;]","og_url":"https:\/\/padelestrelladamm.es\/blog\/rotundo-exito-de-participacion-en-el-primer-torneo-federado-del-circuito-de-padel-estrella-damm\/","og_site_name":"Blog de p\u00e1del - An\u00e1lisis, noticias y opini\u00f3n - Estrella Damm","article_publisher":"https:\/\/www.facebook.com\/CircuitoDePadelEstrellaDamm","article_published_time":"2021-02-23T12:52:00+00:00","article_modified_time":"2021-07-13T11:57:30+00:00","og_image":[{"width":500,"height":166,"url":"https:\/\/padelestrelladamm.es\/blog\/wp-content\/uploads\/2021\/07\/atila-barrios.jpg","type":"image\/jpeg"}],"author":"Redacci\u00f3n","twitter_card":"summary_large_image","twitter_misc":{"Escrito por":"Redacci\u00f3n","Tiempo de lectura":"3 minutos"},"schema":{"@context":"https:\/\/schema.org","@graph":[{"@type":"Organization","@id":"https:\/\/padelestrelladamm.es\/blog\/#organization","name":"Circuito de P\u00e1del Estrelladamm","url":"https:\/\/padelestrelladamm.es\/blog\/","sameAs":["https:\/\/www.instagram.com\/circuitopadelestrelladamm","https:\/\/www.youtube.com\/user\/padelestrelladamm","https:\/\/www.facebook.com\/CircuitoDePadelEstrellaDamm"],"logo":{"@type":"ImageObject","inLanguage":"es","@id":"https:\/\/padelestrelladamm.es\/blog\/#\/schema\/logo\/image\/","url":"https:\/\/padelestrelladamm.es\/blog\/wp-content\/uploads\/2021\/06\/BLOG-128.jpg","contentUrl":"https:\/\/padelestrelladamm.es\/blog\/wp-content\/uploads\/2021\/06\/BLOG-128.jpg","width":128,"height":26,"caption":"Circuito de P\u00e1del Estrelladamm"},"image":{"@id":"https:\/\/padelestrelladamm.es\/blog\/#\/schema\/logo\/image\/"}},{"@type":"WebSite","@id":"https:\/\/padelestrelladamm.es\/blog\/#website","url":"https:\/\/padelestrelladamm.es\/blog\/","name":"Blog de p\u00e1del - An\u00e1lisis, noticias y opini\u00f3n - Estrella Damm","description":"Blog de p\u00e1del. Inf\u00f3rmate sobre la actualidad relacionada con el mundo del p\u00e1del. An\u00e1lisis y noticias, lo mejor en P\u00e1del Estrella Damm","publisher":{"@id":"https:\/\/padelestrelladamm.es\/blog\/#organization"},"potentialAction":[{"@type":"SearchAction","target":{"@type":"EntryPoint","urlTemplate":"https:\/\/padelestrelladamm.es\/blog\/?s={search_term_string}"},"query-input":"required name=search_term_string"}],"inLanguage":"es"},{"@type":"WebPage","@id":"https:\/\/padelestrelladamm.es\/blog\/rotundo-exito-de-participacion-en-el-primer-torneo-federado-del-circuito-de-padel-estrella-damm\/","url":"https:\/\/padelestrelladamm.es\/blog\/rotundo-exito-de-participacion-en-el-primer-torneo-federado-del-circuito-de-padel-estrella-damm\/","name":"ROTUNDO \u00c9XITO DE PARTICIPACI\u00d3N EN EL PRIMER TORNEO FEDERADO DEL CIRCUITO DEL P\u00c1DEL ESTRELLA DAMM","isPartOf":{"@id":"https:\/\/padelestrelladamm.es\/blog\/#website"},"datePublished":"2021-02-23T12:52:00+00:00","dateModified":"2021-07-13T11:57:30+00:00","breadcrumb":{"@id":"https:\/\/padelestrelladamm.es\/blog\/rotundo-exito-de-participacion-en-el-primer-torneo-federado-del-circuito-de-padel-estrella-damm\/#breadcrumb"},"inLanguage":"es","potentialAction":[{"@type":"ReadAction","target":["https:\/\/padelestrelladamm.es\/blog\/rotundo-exito-de-participacion-en-el-primer-torneo-federado-del-circuito-de-padel-estrella-damm\/"]}]},{"@type":"BreadcrumbList","@id":"https:\/\/padelestrelladamm.es\/blog\/rotundo-exito-de-participacion-en-el-primer-torneo-federado-del-circuito-de-padel-estrella-damm\/#breadcrumb","itemListElement":[{"@type":"ListItem","position":1,"name":"Inicio","item":"https:\/\/padelestrelladamm.es\/blog\/"},{"@type":"ListItem","position":2,"name":"ROTUNDO \u00c9XITO DE PARTICIPACI\u00d3N EN EL PRIMER TORNEO FEDERADO DEL CIRCUITO DEL P\u00c1DEL ESTRELLA DAMM"}]},{"@type":"Article","@id":"https:\/\/padelestrelladamm.es\/blog\/rotundo-exito-de-participacion-en-el-primer-torneo-federado-del-circuito-de-padel-estrella-damm\/#article","isPartOf":{"@id":"https:\/\/padelestrelladamm.es\/blog\/rotundo-exito-de-participacion-en-el-primer-torneo-federado-del-circuito-de-padel-estrella-damm\/"},"author":{"name":"Redacci\u00f3n","@id":"https:\/\/padelestrelladamm.es\/blog\/#\/schema\/person\/418380b12903f0d45c68a26eb53d71fd"},"headline":"ROTUNDO \u00c9XITO DE PARTICIPACI\u00d3N EN EL PRIMER TORNEO FEDERADO DEL CIRCUITO DEL P\u00c1DEL ESTRELLA DAMM","datePublished":"2021-02-23T12:52:00+00:00","dateModified":"2021-07-13T11:57:30+00:00","mainEntityOfPage":{"@id":"https:\/\/padelestrelladamm.es\/blog\/rotundo-exito-de-participacion-en-el-primer-torneo-federado-del-circuito-de-padel-estrella-damm\/"},"wordCount":628,"commentCount":0,"publisher":{"@id":"https:\/\/padelestrelladamm.es\/blog\/#organization"},"articleSection":["Cr\u00f3nicas"],"inLanguage":"es","potentialAction":[{"@type":"CommentAction","name":"Comment","target":["https:\/\/padelestrelladamm.es\/blog\/rotundo-exito-de-participacion-en-el-primer-torneo-federado-del-circuito-de-padel-estrella-damm\/#respond"]}]},{"@type":"Person","@id":"https:\/\/padelestrelladamm.es\/blog\/#\/schema\/person\/418380b12903f0d45c68a26eb53d71fd","name":"Redacci\u00f3n","image":{"@type":"ImageObject","inLanguage":"es","@id":"https:\/\/padelestrelladamm.es\/blog\/#\/schema\/person\/image\/","url":"https:\/\/secure.gravatar.com\/avatar\/8de99d88dc171dfa4570a7b72f5fa083?s=96&d=mm&r=g","contentUrl":"https:\/\/secure.gravatar.com\/avatar\/8de99d88dc171dfa4570a7b72f5fa083?s=96&d=mm&r=g","caption":"Redacci\u00f3n"},"url":"https:\/\/padelestrelladamm.es\/blog\/author\/circuito\/"}]}},"_links":{"self":[{"href":"https:\/\/padelestrelladamm.es\/blog\/wp-json\/wp\/v2\/posts\/481"}],"collection":[{"href":"https:\/\/padelestrelladamm.es\/blog\/wp-json\/wp\/v2\/posts"}],"about":[{"href":"https:\/\/padelestrelladamm.es\/blog\/wp-json\/wp\/v2\/types\/post"}],"author":[{"embeddable":true,"href":"https:\/\/padelestrelladamm.es\/blog\/wp-json\/wp\/v2\/users\/4"}],"replies":[{"embeddable":true,"href":"https:\/\/padelestrelladamm.es\/blog\/wp-json\/wp\/v2\/comments?post=481"}],"version-history":[{"count":2,"href":"https:\/\/padelestrelladamm.es\/blog\/wp-json\/wp\/v2\/posts\/481\/revisions"}],"predecessor-version":[{"id":489,"href":"https:\/\/padelestrelladamm.es\/blog\/wp-json\/wp\/v2\/posts\/481\/revisions\/489"}],"wp:featuredmedia":[{"embeddable":true,"href":"https:\/\/padelestrelladamm.es\/blog\/wp-json\/wp\/v2\/media\/482"}],"wp:attachment":[{"href":"https:\/\/padelestrelladamm.es\/blog\/wp-json\/wp\/v2\/media?parent=481"}],"wp:term":[{"taxonomy":"category","embeddable":true,"href":"https:\/\/padelestrelladamm.es\/blog\/wp-json\/wp\/v2\/categories?post=481"},{"taxonomy":"post_tag","embeddable":true,"href":"https:\/\/padelestrelladamm.es\/blog\/wp-json\/wp\/v2\/tags?post=481"}],"curies":[{"name":"wp","href":"https:\/\/api.w.org\/{rel}","templated":true}]}}