{"id":491,"date":"2020-02-24T14:03:00","date_gmt":"2020-02-24T13:03:00","guid":{"rendered":"https:\/\/padelestrelladamm.es\/blog\/?p=491"},"modified":"2021-07-13T14:03:34","modified_gmt":"2021-07-13T12:03:34","slug":"trofeos-de-padel","status":"publish","type":"post","link":"https:\/\/padelestrelladamm.es\/blog\/trofeos-de-padel\/","title":{"rendered":"GRAN ACOGIDA DE LOS TROFEOS DE P\u00c1DEL DE LOS TORNEOS EXPRESS"},"content":{"rendered":"\n<blockquote class=\"wp-block-quote\"><p>Despu\u00e9s de 24 ediciones, es dif\u00edcil sorprender a los seguidores del Circuito. Pero parece que un peque\u00f1o detalle lo ha conseguido. \u201cEl nuevo premio de la foto en un marco para los ganadores es un puntazo\u201d fue el comentario de Mario G\u00f3mez, m\u00e1s conocido como &#8220;el filigranas&#8221;, tras recibir su trofeo en el torneo express del dos de febrero.<\/p><\/blockquote>\n\n\n\n<p>En la presente edici\u00f3n, los campeones y campeonas reciben un trofeo de madera realizado por una artesana sevillana. Pero este no es el motivo de la buena acogida de los trofeos, sino la imagen que en ellos se muestra. Cada campe\u00f3n y campeona de las diferentes modalidades recoge su trofeo, en el que aparece la imagen de la pareja en pista minutos despu\u00e9s de alzarse con el triunfo.&nbsp;<\/p>\n\n\n\n<p>El abogado y pol\u00edtico Frank A. Clark dijo que \u201ctodos tratamos de llevar a cabo cosas grandes sin darnos cuenta de que la esencia de la vida se compone de cosas peque\u00f1as&#8221;. El Circuito de P\u00e1del Estrella Damm trata de cuidar esa esencia y sus seguidores parecen apreciarla.&nbsp;<\/p>\n","protected":false},"excerpt":{"rendered":"<p>Despu\u00e9s de 24 ediciones, es dif\u00edcil sorprender a los seguidores del Circuito. Pero parece que un peque\u00f1o detalle lo ha conseguido. \u201cEl nuevo premio de la foto en un marco para los ganadores es un puntazo\u201d fue el comentario de Mario G\u00f3mez, m\u00e1s conocido como &#8220;el filigranas&#8221;, tras recibir su trofeo en el torneo express [&hellip;]<\/p>\n","protected":false},"author":4,"featured_media":492,"comment_status":"open","ping_status":"open","sticky":false,"template":"","format":"standard","meta":[],"categories":[9],"tags":[],"yoast_head":"<!-- This site is optimized with the Yoast SEO plugin v19.4 - https:\/\/yoast.com\/wordpress\/plugins\/seo\/ -->\n<title>GRAN ACOGIDA DE LOS TROFEOS DE P\u00c1DEL DE LOS TORNEOS<\/title>\n<meta name=\"robots\" content=\"index, follow, max-snippet:-1, max-image-preview:large, max-video-preview:-1\" \/>\n<link rel=\"canonical\" href=\"https:\/\/padelestrelladamm.es\/blog\/trofeos-de-padel\/\" \/>\n<meta property=\"og:locale\" content=\"es_ES\" \/>\n<meta property=\"og:type\" content=\"article\" \/>\n<meta property=\"og:title\" content=\"GRAN ACOGIDA DE LOS TROFEOS DE P\u00c1DEL DE LOS TORNEOS\" \/>\n<meta property=\"og:description\" content=\"Despu\u00e9s de 24 ediciones, es dif\u00edcil sorprender a los seguidores del Circuito. Pero parece que un peque\u00f1o detalle lo ha conseguido. \u201cEl nuevo premio de la foto en un marco para los ganadores es un puntazo\u201d fue el comentario de Mario G\u00f3mez, m\u00e1s conocido como &#8220;el filigranas&#8221;, tras recibir su trofeo en el torneo express [&hellip;]\" \/>\n<meta property=\"og:url\" content=\"https:\/\/padelestrelladamm.es\/blog\/trofeos-de-padel\/\" \/>\n<meta property=\"og:site_name\" content=\"Blog de p\u00e1del - An\u00e1lisis, noticias y opini\u00f3n - Estrella Damm\" \/>\n<meta property=\"article:publisher\" content=\"https:\/\/www.facebook.com\/CircuitoDePadelEstrellaDamm\" \/>\n<meta property=\"article:published_time\" content=\"2020-02-24T13:03:00+00:00\" \/>\n<meta property=\"article:modified_time\" content=\"2021-07-13T12:03:34+00:00\" \/>\n<meta property=\"og:image\" content=\"https:\/\/padelestrelladamm.es\/blog\/wp-content\/uploads\/2021\/07\/gran-acogida-de-premio-1.jpg\" \/>\n\t<meta property=\"og:image:width\" content=\"500\" \/>\n\t<meta property=\"og:image:height\" content=\"166\" \/>\n\t<meta property=\"og:image:type\" content=\"image\/jpeg\" \/>\n<meta name=\"author\" content=\"Redacci\u00f3n\" \/>\n<meta name=\"twitter:card\" content=\"summary_large_image\" \/>\n<meta name=\"twitter:label1\" content=\"Escrito por\" \/>\n\t<meta name=\"twitter:data1\" content=\"Redacci\u00f3n\" \/>\n\t<meta name=\"twitter:label2\" content=\"Tiempo de lectura\" \/>\n\t<meta name=\"twitter:data2\" content=\"1 minuto\" \/>\n<script type=\"application\/ld+json\" class=\"yoast-schema-graph\">{\"@context\":\"https:\/\/schema.org\",\"@graph\":[{\"@type\":\"Organization\",\"@id\":\"https:\/\/padelestrelladamm.es\/blog\/#organization\",\"name\":\"Circuito de P\u00e1del Estrelladamm\",\"url\":\"https:\/\/padelestrelladamm.es\/blog\/\",\"sameAs\":[\"https:\/\/www.instagram.com\/circuitopadelestrelladamm\",\"https:\/\/www.youtube.com\/user\/padelestrelladamm\",\"https:\/\/www.facebook.com\/CircuitoDePadelEstrellaDamm\"],\"logo\":{\"@type\":\"ImageObject\",\"inLanguage\":\"es\",\"@id\":\"https:\/\/padelestrelladamm.es\/blog\/#\/schema\/logo\/image\/\",\"url\":\"https:\/\/padelestrelladamm.es\/blog\/wp-content\/uploads\/2021\/06\/BLOG-128.jpg\",\"contentUrl\":\"https:\/\/padelestrelladamm.es\/blog\/wp-content\/uploads\/2021\/06\/BLOG-128.jpg\",\"width\":128,\"height\":26,\"caption\":\"Circuito de P\u00e1del Estrelladamm\"},\"image\":{\"@id\":\"https:\/\/padelestrelladamm.es\/blog\/#\/schema\/logo\/image\/\"}},{\"@type\":\"WebSite\",\"@id\":\"https:\/\/padelestrelladamm.es\/blog\/#website\",\"url\":\"https:\/\/padelestrelladamm.es\/blog\/\",\"name\":\"Blog de p\u00e1del - An\u00e1lisis, noticias y opini\u00f3n - Estrella Damm\",\"description\":\"Blog de p\u00e1del. Inf\u00f3rmate sobre la actualidad relacionada con el mundo del p\u00e1del. An\u00e1lisis y noticias, lo mejor en P\u00e1del Estrella Damm\",\"publisher\":{\"@id\":\"https:\/\/padelestrelladamm.es\/blog\/#organization\"},\"potentialAction\":[{\"@type\":\"SearchAction\",\"target\":{\"@type\":\"EntryPoint\",\"urlTemplate\":\"https:\/\/padelestrelladamm.es\/blog\/?s={search_term_string}\"},\"query-input\":\"required name=search_term_string\"}],\"inLanguage\":\"es\"},{\"@type\":\"WebPage\",\"@id\":\"https:\/\/padelestrelladamm.es\/blog\/trofeos-de-padel\/\",\"url\":\"https:\/\/padelestrelladamm.es\/blog\/trofeos-de-padel\/\",\"name\":\"GRAN ACOGIDA DE LOS TROFEOS DE P\u00c1DEL DE LOS TORNEOS\",\"isPartOf\":{\"@id\":\"https:\/\/padelestrelladamm.es\/blog\/#website\"},\"datePublished\":\"2020-02-24T13:03:00+00:00\",\"dateModified\":\"2021-07-13T12:03:34+00:00\",\"breadcrumb\":{\"@id\":\"https:\/\/padelestrelladamm.es\/blog\/trofeos-de-padel\/#breadcrumb\"},\"inLanguage\":\"es\",\"potentialAction\":[{\"@type\":\"ReadAction\",\"target\":[\"https:\/\/padelestrelladamm.es\/blog\/trofeos-de-padel\/\"]}]},{\"@type\":\"BreadcrumbList\",\"@id\":\"https:\/\/padelestrelladamm.es\/blog\/trofeos-de-padel\/#breadcrumb\",\"itemListElement\":[{\"@type\":\"ListItem\",\"position\":1,\"name\":\"Inicio\",\"item\":\"https:\/\/padelestrelladamm.es\/blog\/\"},{\"@type\":\"ListItem\",\"position\":2,\"name\":\"GRAN ACOGIDA DE LOS TROFEOS DE P\u00c1DEL DE LOS TORNEOS EXPRESS\"}]},{\"@type\":\"Article\",\"@id\":\"https:\/\/padelestrelladamm.es\/blog\/trofeos-de-padel\/#article\",\"isPartOf\":{\"@id\":\"https:\/\/padelestrelladamm.es\/blog\/trofeos-de-padel\/\"},\"author\":{\"name\":\"Redacci\u00f3n\",\"@id\":\"https:\/\/padelestrelladamm.es\/blog\/#\/schema\/person\/418380b12903f0d45c68a26eb53d71fd\"},\"headline\":\"GRAN ACOGIDA DE LOS TROFEOS DE P\u00c1DEL DE LOS TORNEOS EXPRESS\",\"datePublished\":\"2020-02-24T13:03:00+00:00\",\"dateModified\":\"2021-07-13T12:03:34+00:00\",\"mainEntityOfPage\":{\"@id\":\"https:\/\/padelestrelladamm.es\/blog\/trofeos-de-padel\/\"},\"wordCount\":199,\"commentCount\":0,\"publisher\":{\"@id\":\"https:\/\/padelestrelladamm.es\/blog\/#organization\"},\"articleSection\":[\"Miscel\u00e1nea\"],\"inLanguage\":\"es\",\"potentialAction\":[{\"@type\":\"CommentAction\",\"name\":\"Comment\",\"target\":[\"https:\/\/padelestrelladamm.es\/blog\/trofeos-de-padel\/#respond\"]}]},{\"@type\":\"Person\",\"@id\":\"https:\/\/padelestrelladamm.es\/blog\/#\/schema\/person\/418380b12903f0d45c68a26eb53d71fd\",\"name\":\"Redacci\u00f3n\",\"image\":{\"@type\":\"ImageObject\",\"inLanguage\":\"es\",\"@id\":\"https:\/\/padelestrelladamm.es\/blog\/#\/schema\/person\/image\/\",\"url\":\"https:\/\/secure.gravatar.com\/avatar\/8de99d88dc171dfa4570a7b72f5fa083?s=96&d=mm&r=g\",\"contentUrl\":\"https:\/\/secure.gravatar.com\/avatar\/8de99d88dc171dfa4570a7b72f5fa083?s=96&d=mm&r=g\",\"caption\":\"Redacci\u00f3n\"},\"url\":\"https:\/\/padelestrelladamm.es\/blog\/author\/circuito\/\"}]}<\/script>\n<!-- \/ Yoast SEO plugin. -->","yoast_head_json":{"title":"GRAN ACOGIDA DE LOS TROFEOS DE P\u00c1DEL DE LOS TORNEOS","robots":{"index":"index","follow":"follow","max-snippet":"max-snippet:-1","max-image-preview":"max-image-preview:large","max-video-preview":"max-video-preview:-1"},"canonical":"https:\/\/padelestrelladamm.es\/blog\/trofeos-de-padel\/","og_locale":"es_ES","og_type":"article","og_title":"GRAN ACOGIDA DE LOS TROFEOS DE P\u00c1DEL DE LOS TORNEOS","og_description":"Despu\u00e9s de 24 ediciones, es dif\u00edcil sorprender a los seguidores del Circuito. Pero parece que un peque\u00f1o detalle lo ha conseguido. \u201cEl nuevo premio de la foto en un marco para los ganadores es un puntazo\u201d fue el comentario de Mario G\u00f3mez, m\u00e1s conocido como &#8220;el filigranas&#8221;, tras recibir su trofeo en el torneo express [&hellip;]","og_url":"https:\/\/padelestrelladamm.es\/blog\/trofeos-de-padel\/","og_site_name":"Blog de p\u00e1del - An\u00e1lisis, noticias y opini\u00f3n - Estrella Damm","article_publisher":"https:\/\/www.facebook.com\/CircuitoDePadelEstrellaDamm","article_published_time":"2020-02-24T13:03:00+00:00","article_modified_time":"2021-07-13T12:03:34+00:00","og_image":[{"width":500,"height":166,"url":"https:\/\/padelestrelladamm.es\/blog\/wp-content\/uploads\/2021\/07\/gran-acogida-de-premio-1.jpg","type":"image\/jpeg"}],"author":"Redacci\u00f3n","twitter_card":"summary_large_image","twitter_misc":{"Escrito por":"Redacci\u00f3n","Tiempo de lectura":"1 minuto"},"schema":{"@context":"https:\/\/schema.org","@graph":[{"@type":"Organization","@id":"https:\/\/padelestrelladamm.es\/blog\/#organization","name":"Circuito de P\u00e1del Estrelladamm","url":"https:\/\/padelestrelladamm.es\/blog\/","sameAs":["https:\/\/www.instagram.com\/circuitopadelestrelladamm","https:\/\/www.youtube.com\/user\/padelestrelladamm","https:\/\/www.facebook.com\/CircuitoDePadelEstrellaDamm"],"logo":{"@type":"ImageObject","inLanguage":"es","@id":"https:\/\/padelestrelladamm.es\/blog\/#\/schema\/logo\/image\/","url":"https:\/\/padelestrelladamm.es\/blog\/wp-content\/uploads\/2021\/06\/BLOG-128.jpg","contentUrl":"https:\/\/padelestrelladamm.es\/blog\/wp-content\/uploads\/2021\/06\/BLOG-128.jpg","width":128,"height":26,"caption":"Circuito de P\u00e1del Estrelladamm"},"image":{"@id":"https:\/\/padelestrelladamm.es\/blog\/#\/schema\/logo\/image\/"}},{"@type":"WebSite","@id":"https:\/\/padelestrelladamm.es\/blog\/#website","url":"https:\/\/padelestrelladamm.es\/blog\/","name":"Blog de p\u00e1del - An\u00e1lisis, noticias y opini\u00f3n - Estrella Damm","description":"Blog de p\u00e1del. Inf\u00f3rmate sobre la actualidad relacionada con el mundo del p\u00e1del. An\u00e1lisis y noticias, lo mejor en P\u00e1del Estrella Damm","publisher":{"@id":"https:\/\/padelestrelladamm.es\/blog\/#organization"},"potentialAction":[{"@type":"SearchAction","target":{"@type":"EntryPoint","urlTemplate":"https:\/\/padelestrelladamm.es\/blog\/?s={search_term_string}"},"query-input":"required name=search_term_string"}],"inLanguage":"es"},{"@type":"WebPage","@id":"https:\/\/padelestrelladamm.es\/blog\/trofeos-de-padel\/","url":"https:\/\/padelestrelladamm.es\/blog\/trofeos-de-padel\/","name":"GRAN ACOGIDA DE LOS TROFEOS DE P\u00c1DEL DE LOS TORNEOS","isPartOf":{"@id":"https:\/\/padelestrelladamm.es\/blog\/#website"},"datePublished":"2020-02-24T13:03:00+00:00","dateModified":"2021-07-13T12:03:34+00:00","breadcrumb":{"@id":"https:\/\/padelestrelladamm.es\/blog\/trofeos-de-padel\/#breadcrumb"},"inLanguage":"es","potentialAction":[{"@type":"ReadAction","target":["https:\/\/padelestrelladamm.es\/blog\/trofeos-de-padel\/"]}]},{"@type":"BreadcrumbList","@id":"https:\/\/padelestrelladamm.es\/blog\/trofeos-de-padel\/#breadcrumb","itemListElement":[{"@type":"ListItem","position":1,"name":"Inicio","item":"https:\/\/padelestrelladamm.es\/blog\/"},{"@type":"ListItem","position":2,"name":"GRAN ACOGIDA DE LOS TROFEOS DE P\u00c1DEL DE LOS TORNEOS EXPRESS"}]},{"@type":"Article","@id":"https:\/\/padelestrelladamm.es\/blog\/trofeos-de-padel\/#article","isPartOf":{"@id":"https:\/\/padelestrelladamm.es\/blog\/trofeos-de-padel\/"},"author":{"name":"Redacci\u00f3n","@id":"https:\/\/padelestrelladamm.es\/blog\/#\/schema\/person\/418380b12903f0d45c68a26eb53d71fd"},"headline":"GRAN ACOGIDA DE LOS TROFEOS DE P\u00c1DEL DE LOS TORNEOS EXPRESS","datePublished":"2020-02-24T13:03:00+00:00","dateModified":"2021-07-13T12:03:34+00:00","mainEntityOfPage":{"@id":"https:\/\/padelestrelladamm.es\/blog\/trofeos-de-padel\/"},"wordCount":199,"commentCount":0,"publisher":{"@id":"https:\/\/padelestrelladamm.es\/blog\/#organization"},"articleSection":["Miscel\u00e1nea"],"inLanguage":"es","potentialAction":[{"@type":"CommentAction","name":"Comment","target":["https:\/\/padelestrelladamm.es\/blog\/trofeos-de-padel\/#respond"]}]},{"@type":"Person","@id":"https:\/\/padelestrelladamm.es\/blog\/#\/schema\/person\/418380b12903f0d45c68a26eb53d71fd","name":"Redacci\u00f3n","image":{"@type":"ImageObject","inLanguage":"es","@id":"https:\/\/padelestrelladamm.es\/blog\/#\/schema\/person\/image\/","url":"https:\/\/secure.gravatar.com\/avatar\/8de99d88dc171dfa4570a7b72f5fa083?s=96&d=mm&r=g","contentUrl":"https:\/\/secure.gravatar.com\/avatar\/8de99d88dc171dfa4570a7b72f5fa083?s=96&d=mm&r=g","caption":"Redacci\u00f3n"},"url":"https:\/\/padelestrelladamm.es\/blog\/author\/circuito\/"}]}},"_links":{"self":[{"href":"https:\/\/padelestrelladamm.es\/blog\/wp-json\/wp\/v2\/posts\/491"}],"collection":[{"href":"https:\/\/padelestrelladamm.es\/blog\/wp-json\/wp\/v2\/posts"}],"about":[{"href":"https:\/\/padelestrelladamm.es\/blog\/wp-json\/wp\/v2\/types\/post"}],"author":[{"embeddable":true,"href":"https:\/\/padelestrelladamm.es\/blog\/wp-json\/wp\/v2\/users\/4"}],"replies":[{"embeddable":true,"href":"https:\/\/padelestrelladamm.es\/blog\/wp-json\/wp\/v2\/comments?post=491"}],"version-history":[{"count":1,"href":"https:\/\/padelestrelladamm.es\/blog\/wp-json\/wp\/v2\/posts\/491\/revisions"}],"predecessor-version":[{"id":493,"href":"https:\/\/padelestrelladamm.es\/blog\/wp-json\/wp\/v2\/posts\/491\/revisions\/493"}],"wp:featuredmedia":[{"embeddable":true,"href":"https:\/\/padelestrelladamm.es\/blog\/wp-json\/wp\/v2\/media\/492"}],"wp:attachment":[{"href":"https:\/\/padelestrelladamm.es\/blog\/wp-json\/wp\/v2\/media?parent=491"}],"wp:term":[{"taxonomy":"category","embeddable":true,"href":"https:\/\/padelestrelladamm.es\/blog\/wp-json\/wp\/v2\/categories?post=491"},{"taxonomy":"post_tag","embeddable":true,"href":"https:\/\/padelestrelladamm.es\/blog\/wp-json\/wp\/v2\/tags?post=491"}],"curies":[{"name":"wp","href":"https:\/\/api.w.org\/{rel}","templated":true}]}}