{"id":806,"date":"2021-11-24T15:43:30","date_gmt":"2021-11-24T14:43:30","guid":{"rendered":"https:\/\/padelestrelladamm.es\/blog\/?p=806"},"modified":"2022-01-19T13:20:49","modified_gmt":"2022-01-19T12:20:49","slug":"veteranos-veteranas-del-padel","status":"publish","type":"post","link":"https:\/\/padelestrelladamm.es\/blog\/veteranos-veteranas-del-padel\/","title":{"rendered":"Las veteranas y veteranos del p\u00e1del nunca fallan"},"content":{"rendered":"\n<blockquote class=\"wp-block-quote\"><p>Est\u00e1 claro, las veteranas y veteranos del p\u00e1del no dejan pasar la oportunidad de disputar un buen torneo federado veterano. Ha quedado demostrado en el torneo del Circuito de P\u00e1del Estrella Damm celebrado en el Club de P\u00e1del La Moraleja del 15 al 21 de noviembre. M\u00e1s de 170 aficionados mayores de 35 han compartido, durante esta semana, reencuentros, risas, recuerdos y, sobre todo, emocionantes partidos.<\/p><\/blockquote>\n\n\n\n<p>Como ejemplo, la semifinal del cuadro femenino +45. En la pista, Mar\u00eda Concepci\u00f3n Rodr\u00edguez y Yolanda de la Uz frente a dos Merches, Cascales y Mart\u00ednez. El primer set vaticinaba una c\u00f3moda victoria de Rodr\u00edguez y de la Uz que se impusieron por un 6\/3. Pero en una remontada \u00e9pica, por el gran nivel que desplegaron las cuatro jugadoras en la pista, Cascales y Mart\u00ednez se llevaron los dos siguientes sets, ambos en el tie break.<\/p>\n\n\n\n<p>Pero no fue este el \u00fanico partido que tuvo a los espectadores en vilo. En la final +35, Alejandro Rodr\u00edguez y Jos\u00e9 Pedro Calvo-Sotelo se alzaron con la victoria ante \u00c1ngel Jes\u00fas Izquierdo y&nbsp;Antonio Ochoa por un ajustado 3\/6-6\/3-7\/6. Tambi\u00e9n a tres sets lleg\u00f3 la final de +45 en la que estuvieron en la pista Juan Manuel Bl\u00e1zquez, junto a&nbsp;Francisco Javier Rodr\u00edguez, y Jos\u00e9 Luis Merino con&nbsp;Juan Romagosa. La calidad de estas dos parejas qued\u00f3 patente, pero solo una pod\u00eda ganar. Rodr\u00edguez y Merino fueron los jugadores que se subieron a lo alto del podio, tras un partido a tres sets 6\/1-2\/6-6\/2.<\/p>\n\n\n\n<p>La final de los m\u00e1s veteranos entre los veteranos, la categor\u00eda +55, enfrent\u00f3 a Francisco Aparicio y&nbsp;Fernando Llantada contra Juan Pablo Jim\u00e9nez y&nbsp;Rafael Calvo, siendo estos \u00faltimos los que ganaron por un 6\/4-6\/4.<\/p>\n\n\n\n<p>En cuanto a las finales de la modalidad femenina, no fueron tan ajustadas y, por lo tanto, no contaron con tanta emoci\u00f3n. Pero s\u00ed con grandes jugadas que pusieron de relieve el alto nivel del que gozan las jugadoras veteranas. En la categor\u00eda +35, una m\u00edtica del p\u00e1del madrile\u00f1o, Esther Lasheras, que, junto a&nbsp;Marta Pem\u00e1n, se impuso a la pareja formada por Eva Cuezva y&nbsp;Mar\u00eda Garrido por un 6\/2-6\/2. En la categor\u00eda +45, Barbara Alc\u00e1ntara y&nbsp;Sonia Couret fueron las que se llevaron el triunfo frente a Nuria Gil y&nbsp;Gloria Cus\u00ed por un 6\/3-6\/3.<\/p>\n\n\n\n<h4><strong>La categor\u00eda Promoci\u00f3n va tomando cuerpo<\/strong><\/h4>\n\n\n\n<p>Pero no fueron \u00fanicamente las categor\u00edas +35, +45 y +55 las que contaron con cuadro en el torneo veterano del Club de P\u00e1del la Moraleja. Tanto la modalidad masculina como la femenina contaron con la categor\u00eda Promoci\u00f3n. Esta categor\u00eda est\u00e1 dirigida a jugadores y jugadoras de nivel medio y bajo que buscan enfrentarse a rivales de nivel de juego similar m\u00e1s que a rivales con su mismo rango de edad. Cuenta con ranking propio, pero no computa&nbsp;para participar en el Master Final de la FMP.<\/p>\n\n\n\n<p>En el cuadro masculino, nada m\u00e1s y nada menos que 16 parejas optaron por esta categor\u00eda. Y a lo alto del podio se subieron Bernardo Salazar y&nbsp;Raul Casalengua que, tras disputar dos sets, ganaron a Carlos Cantalapiedra y&nbsp;Miguel \u00c1ngel Castillo por un 6\/2-6\/2.<\/p>\n\n\n\n<p>En el caso de la modalidad femenino, no lleg\u00f3 a configurarse cuadro, sino que la competici\u00f3n fue en modalidad liguilla. Ana Bel\u00e9n Escribano y Rosana Gonz\u00e1lez se impusieron ante el resto de competidoras.<\/p>\n\n\n\n<h4><strong>El Circuito de P\u00e1del Estrella Damm en la recta final<\/strong><\/h4>\n\n\n\n<p>Con este torneo veterano y los tres torneos express celebrados en torno a \u00e9l, la XXV edici\u00f3n del Circuito de P\u00e1del Estrella Damm entra en su recta final.<\/p>\n\n\n\n<p>Los seguidores de este Circuito tendr\u00e1n la oportunidad de despedir el a\u00f1o participando en los cuatro torneos express que faltan por celebrarse antes de fin de a\u00f1o.<\/p>\n\n\n\n<p>Dos de ellos volver\u00e1n a ser en el Club de P\u00e1del La Moraleja los d\u00edas 27 y 28 de noviembre.<\/p>\n\n\n\n<p>Los otros dos torneos ser\u00e1n en la Ciudad Deportiva Jarama el 10 y 11 de diciembre. En este mismo club se celebrar\u00e1 el broche final con un torneo exclusivo para los jugadores y jugadoras m\u00e1s fieles y la entrega de los Premios a la Fidelidad y a la Carrera de Campeones General y Express. Los jugadores y jugadoras ser\u00e1n invitados a este torneo. La semana que viene, se sabr\u00e1 quienes son los afortunados que participar\u00e1n en este torneo exclusivo.<\/p>\n","protected":false},"excerpt":{"rendered":"<p>Est\u00e1 claro, las veteranas y veteranos del p\u00e1del no dejan pasar la oportunidad de disputar un buen torneo federado veterano. Ha quedado demostrado en el torneo del Circuito de P\u00e1del Estrella Damm celebrado en el Club de P\u00e1del La Moraleja del 15 al 21 de noviembre. M\u00e1s de 170 aficionados mayores de 35 han compartido, [&hellip;]<\/p>\n","protected":false},"author":4,"featured_media":807,"comment_status":"closed","ping_status":"closed","sticky":false,"template":"","format":"standard","meta":[],"categories":[7],"tags":[],"yoast_head":"<!-- This site is optimized with the Yoast SEO plugin v19.4 - https:\/\/yoast.com\/wordpress\/plugins\/seo\/ -->\n<title>Las veteranas y veteranos del p\u00e1del nunca fallan<\/title>\n<meta name=\"description\" content=\"M\u00e1s de 170 veteranas y veteranos del p\u00e1del participan en el torneo federado del Circuito de P\u00e1del Estrella Damm del 15 al 21 de noviembre.\" \/>\n<meta name=\"robots\" content=\"index, follow, max-snippet:-1, max-image-preview:large, max-video-preview:-1\" \/>\n<link rel=\"canonical\" href=\"https:\/\/padelestrelladamm.es\/blog\/veteranos-veteranas-del-padel\/\" \/>\n<meta property=\"og:locale\" content=\"es_ES\" \/>\n<meta property=\"og:type\" content=\"article\" \/>\n<meta property=\"og:title\" content=\"Las veteranas y veteranos del p\u00e1del nunca fallan\" \/>\n<meta property=\"og:description\" content=\"M\u00e1s de 170 veteranas y veteranos del p\u00e1del participan en el torneo federado del Circuito de P\u00e1del Estrella Damm del 15 al 21 de noviembre.\" \/>\n<meta property=\"og:url\" content=\"https:\/\/padelestrelladamm.es\/blog\/veteranos-veteranas-del-padel\/\" \/>\n<meta property=\"og:site_name\" content=\"Blog de p\u00e1del - An\u00e1lisis, noticias y opini\u00f3n - Estrella Damm\" \/>\n<meta property=\"article:publisher\" content=\"https:\/\/www.facebook.com\/CircuitoDePadelEstrellaDamm\" \/>\n<meta property=\"article:published_time\" content=\"2021-11-24T14:43:30+00:00\" \/>\n<meta property=\"article:modified_time\" content=\"2022-01-19T12:20:49+00:00\" \/>\n<meta property=\"og:image\" content=\"https:\/\/padelestrelladamm.es\/blog\/wp-content\/uploads\/2021\/11\/foto-Nota-de-prensa.jpg\" \/>\n\t<meta property=\"og:image:width\" content=\"1236\" \/>\n\t<meta property=\"og:image:height\" content=\"411\" \/>\n\t<meta property=\"og:image:type\" content=\"image\/jpeg\" \/>\n<meta name=\"author\" content=\"Redacci\u00f3n\" \/>\n<meta name=\"twitter:card\" content=\"summary_large_image\" \/>\n<meta name=\"twitter:label1\" content=\"Escrito por\" \/>\n\t<meta name=\"twitter:data1\" content=\"Redacci\u00f3n\" \/>\n\t<meta name=\"twitter:label2\" content=\"Tiempo de lectura\" \/>\n\t<meta name=\"twitter:data2\" content=\"4 minutos\" \/>\n<script type=\"application\/ld+json\" class=\"yoast-schema-graph\">{\"@context\":\"https:\/\/schema.org\",\"@graph\":[{\"@type\":\"Organization\",\"@id\":\"https:\/\/padelestrelladamm.es\/blog\/#organization\",\"name\":\"Circuito de P\u00e1del Estrelladamm\",\"url\":\"https:\/\/padelestrelladamm.es\/blog\/\",\"sameAs\":[\"https:\/\/www.instagram.com\/circuitopadelestrelladamm\",\"https:\/\/www.youtube.com\/user\/padelestrelladamm\",\"https:\/\/www.facebook.com\/CircuitoDePadelEstrellaDamm\"],\"logo\":{\"@type\":\"ImageObject\",\"inLanguage\":\"es\",\"@id\":\"https:\/\/padelestrelladamm.es\/blog\/#\/schema\/logo\/image\/\",\"url\":\"https:\/\/padelestrelladamm.es\/blog\/wp-content\/uploads\/2021\/06\/BLOG-128.jpg\",\"contentUrl\":\"https:\/\/padelestrelladamm.es\/blog\/wp-content\/uploads\/2021\/06\/BLOG-128.jpg\",\"width\":128,\"height\":26,\"caption\":\"Circuito de P\u00e1del Estrelladamm\"},\"image\":{\"@id\":\"https:\/\/padelestrelladamm.es\/blog\/#\/schema\/logo\/image\/\"}},{\"@type\":\"WebSite\",\"@id\":\"https:\/\/padelestrelladamm.es\/blog\/#website\",\"url\":\"https:\/\/padelestrelladamm.es\/blog\/\",\"name\":\"Blog de p\u00e1del - An\u00e1lisis, noticias y opini\u00f3n - Estrella Damm\",\"description\":\"Blog de p\u00e1del. Inf\u00f3rmate sobre la actualidad relacionada con el mundo del p\u00e1del. An\u00e1lisis y noticias, lo mejor en P\u00e1del Estrella Damm\",\"publisher\":{\"@id\":\"https:\/\/padelestrelladamm.es\/blog\/#organization\"},\"potentialAction\":[{\"@type\":\"SearchAction\",\"target\":{\"@type\":\"EntryPoint\",\"urlTemplate\":\"https:\/\/padelestrelladamm.es\/blog\/?s={search_term_string}\"},\"query-input\":\"required name=search_term_string\"}],\"inLanguage\":\"es\"},{\"@type\":\"WebPage\",\"@id\":\"https:\/\/padelestrelladamm.es\/blog\/veteranos-veteranas-del-padel\/\",\"url\":\"https:\/\/padelestrelladamm.es\/blog\/veteranos-veteranas-del-padel\/\",\"name\":\"Las veteranas y veteranos del p\u00e1del nunca fallan\",\"isPartOf\":{\"@id\":\"https:\/\/padelestrelladamm.es\/blog\/#website\"},\"datePublished\":\"2021-11-24T14:43:30+00:00\",\"dateModified\":\"2022-01-19T12:20:49+00:00\",\"description\":\"M\u00e1s de 170 veteranas y veteranos del p\u00e1del participan en el torneo federado del Circuito de P\u00e1del Estrella Damm del 15 al 21 de noviembre.\",\"breadcrumb\":{\"@id\":\"https:\/\/padelestrelladamm.es\/blog\/veteranos-veteranas-del-padel\/#breadcrumb\"},\"inLanguage\":\"es\",\"potentialAction\":[{\"@type\":\"ReadAction\",\"target\":[\"https:\/\/padelestrelladamm.es\/blog\/veteranos-veteranas-del-padel\/\"]}]},{\"@type\":\"BreadcrumbList\",\"@id\":\"https:\/\/padelestrelladamm.es\/blog\/veteranos-veteranas-del-padel\/#breadcrumb\",\"itemListElement\":[{\"@type\":\"ListItem\",\"position\":1,\"name\":\"Inicio\",\"item\":\"https:\/\/padelestrelladamm.es\/blog\/\"},{\"@type\":\"ListItem\",\"position\":2,\"name\":\"Las veteranas y veteranos del p\u00e1del nunca fallan\"}]},{\"@type\":\"Article\",\"@id\":\"https:\/\/padelestrelladamm.es\/blog\/veteranos-veteranas-del-padel\/#article\",\"isPartOf\":{\"@id\":\"https:\/\/padelestrelladamm.es\/blog\/veteranos-veteranas-del-padel\/\"},\"author\":{\"name\":\"Redacci\u00f3n\",\"@id\":\"https:\/\/padelestrelladamm.es\/blog\/#\/schema\/person\/418380b12903f0d45c68a26eb53d71fd\"},\"headline\":\"Las veteranas y veteranos del p\u00e1del nunca fallan\",\"datePublished\":\"2021-11-24T14:43:30+00:00\",\"dateModified\":\"2022-01-19T12:20:49+00:00\",\"mainEntityOfPage\":{\"@id\":\"https:\/\/padelestrelladamm.es\/blog\/veteranos-veteranas-del-padel\/\"},\"wordCount\":773,\"publisher\":{\"@id\":\"https:\/\/padelestrelladamm.es\/blog\/#organization\"},\"articleSection\":[\"Cr\u00f3nicas\"],\"inLanguage\":\"es\"},{\"@type\":\"Person\",\"@id\":\"https:\/\/padelestrelladamm.es\/blog\/#\/schema\/person\/418380b12903f0d45c68a26eb53d71fd\",\"name\":\"Redacci\u00f3n\",\"image\":{\"@type\":\"ImageObject\",\"inLanguage\":\"es\",\"@id\":\"https:\/\/padelestrelladamm.es\/blog\/#\/schema\/person\/image\/\",\"url\":\"https:\/\/secure.gravatar.com\/avatar\/8de99d88dc171dfa4570a7b72f5fa083?s=96&d=mm&r=g\",\"contentUrl\":\"https:\/\/secure.gravatar.com\/avatar\/8de99d88dc171dfa4570a7b72f5fa083?s=96&d=mm&r=g\",\"caption\":\"Redacci\u00f3n\"},\"url\":\"https:\/\/padelestrelladamm.es\/blog\/author\/circuito\/\"}]}<\/script>\n<!-- \/ Yoast SEO plugin. -->","yoast_head_json":{"title":"Las veteranas y veteranos del p\u00e1del nunca fallan","description":"M\u00e1s de 170 veteranas y veteranos del p\u00e1del participan en el torneo federado del Circuito de P\u00e1del Estrella Damm del 15 al 21 de noviembre.","robots":{"index":"index","follow":"follow","max-snippet":"max-snippet:-1","max-image-preview":"max-image-preview:large","max-video-preview":"max-video-preview:-1"},"canonical":"https:\/\/padelestrelladamm.es\/blog\/veteranos-veteranas-del-padel\/","og_locale":"es_ES","og_type":"article","og_title":"Las veteranas y veteranos del p\u00e1del nunca fallan","og_description":"M\u00e1s de 170 veteranas y veteranos del p\u00e1del participan en el torneo federado del Circuito de P\u00e1del Estrella Damm del 15 al 21 de noviembre.","og_url":"https:\/\/padelestrelladamm.es\/blog\/veteranos-veteranas-del-padel\/","og_site_name":"Blog de p\u00e1del - An\u00e1lisis, noticias y opini\u00f3n - Estrella Damm","article_publisher":"https:\/\/www.facebook.com\/CircuitoDePadelEstrellaDamm","article_published_time":"2021-11-24T14:43:30+00:00","article_modified_time":"2022-01-19T12:20:49+00:00","og_image":[{"width":1236,"height":411,"url":"https:\/\/padelestrelladamm.es\/blog\/wp-content\/uploads\/2021\/11\/foto-Nota-de-prensa.jpg","type":"image\/jpeg"}],"author":"Redacci\u00f3n","twitter_card":"summary_large_image","twitter_misc":{"Escrito por":"Redacci\u00f3n","Tiempo de lectura":"4 minutos"},"schema":{"@context":"https:\/\/schema.org","@graph":[{"@type":"Organization","@id":"https:\/\/padelestrelladamm.es\/blog\/#organization","name":"Circuito de P\u00e1del Estrelladamm","url":"https:\/\/padelestrelladamm.es\/blog\/","sameAs":["https:\/\/www.instagram.com\/circuitopadelestrelladamm","https:\/\/www.youtube.com\/user\/padelestrelladamm","https:\/\/www.facebook.com\/CircuitoDePadelEstrellaDamm"],"logo":{"@type":"ImageObject","inLanguage":"es","@id":"https:\/\/padelestrelladamm.es\/blog\/#\/schema\/logo\/image\/","url":"https:\/\/padelestrelladamm.es\/blog\/wp-content\/uploads\/2021\/06\/BLOG-128.jpg","contentUrl":"https:\/\/padelestrelladamm.es\/blog\/wp-content\/uploads\/2021\/06\/BLOG-128.jpg","width":128,"height":26,"caption":"Circuito de P\u00e1del Estrelladamm"},"image":{"@id":"https:\/\/padelestrelladamm.es\/blog\/#\/schema\/logo\/image\/"}},{"@type":"WebSite","@id":"https:\/\/padelestrelladamm.es\/blog\/#website","url":"https:\/\/padelestrelladamm.es\/blog\/","name":"Blog de p\u00e1del - An\u00e1lisis, noticias y opini\u00f3n - Estrella Damm","description":"Blog de p\u00e1del. Inf\u00f3rmate sobre la actualidad relacionada con el mundo del p\u00e1del. An\u00e1lisis y noticias, lo mejor en P\u00e1del Estrella Damm","publisher":{"@id":"https:\/\/padelestrelladamm.es\/blog\/#organization"},"potentialAction":[{"@type":"SearchAction","target":{"@type":"EntryPoint","urlTemplate":"https:\/\/padelestrelladamm.es\/blog\/?s={search_term_string}"},"query-input":"required name=search_term_string"}],"inLanguage":"es"},{"@type":"WebPage","@id":"https:\/\/padelestrelladamm.es\/blog\/veteranos-veteranas-del-padel\/","url":"https:\/\/padelestrelladamm.es\/blog\/veteranos-veteranas-del-padel\/","name":"Las veteranas y veteranos del p\u00e1del nunca fallan","isPartOf":{"@id":"https:\/\/padelestrelladamm.es\/blog\/#website"},"datePublished":"2021-11-24T14:43:30+00:00","dateModified":"2022-01-19T12:20:49+00:00","description":"M\u00e1s de 170 veteranas y veteranos del p\u00e1del participan en el torneo federado del Circuito de P\u00e1del Estrella Damm del 15 al 21 de noviembre.","breadcrumb":{"@id":"https:\/\/padelestrelladamm.es\/blog\/veteranos-veteranas-del-padel\/#breadcrumb"},"inLanguage":"es","potentialAction":[{"@type":"ReadAction","target":["https:\/\/padelestrelladamm.es\/blog\/veteranos-veteranas-del-padel\/"]}]},{"@type":"BreadcrumbList","@id":"https:\/\/padelestrelladamm.es\/blog\/veteranos-veteranas-del-padel\/#breadcrumb","itemListElement":[{"@type":"ListItem","position":1,"name":"Inicio","item":"https:\/\/padelestrelladamm.es\/blog\/"},{"@type":"ListItem","position":2,"name":"Las veteranas y veteranos del p\u00e1del nunca fallan"}]},{"@type":"Article","@id":"https:\/\/padelestrelladamm.es\/blog\/veteranos-veteranas-del-padel\/#article","isPartOf":{"@id":"https:\/\/padelestrelladamm.es\/blog\/veteranos-veteranas-del-padel\/"},"author":{"name":"Redacci\u00f3n","@id":"https:\/\/padelestrelladamm.es\/blog\/#\/schema\/person\/418380b12903f0d45c68a26eb53d71fd"},"headline":"Las veteranas y veteranos del p\u00e1del nunca fallan","datePublished":"2021-11-24T14:43:30+00:00","dateModified":"2022-01-19T12:20:49+00:00","mainEntityOfPage":{"@id":"https:\/\/padelestrelladamm.es\/blog\/veteranos-veteranas-del-padel\/"},"wordCount":773,"publisher":{"@id":"https:\/\/padelestrelladamm.es\/blog\/#organization"},"articleSection":["Cr\u00f3nicas"],"inLanguage":"es"},{"@type":"Person","@id":"https:\/\/padelestrelladamm.es\/blog\/#\/schema\/person\/418380b12903f0d45c68a26eb53d71fd","name":"Redacci\u00f3n","image":{"@type":"ImageObject","inLanguage":"es","@id":"https:\/\/padelestrelladamm.es\/blog\/#\/schema\/person\/image\/","url":"https:\/\/secure.gravatar.com\/avatar\/8de99d88dc171dfa4570a7b72f5fa083?s=96&d=mm&r=g","contentUrl":"https:\/\/secure.gravatar.com\/avatar\/8de99d88dc171dfa4570a7b72f5fa083?s=96&d=mm&r=g","caption":"Redacci\u00f3n"},"url":"https:\/\/padelestrelladamm.es\/blog\/author\/circuito\/"}]}},"_links":{"self":[{"href":"https:\/\/padelestrelladamm.es\/blog\/wp-json\/wp\/v2\/posts\/806"}],"collection":[{"href":"https:\/\/padelestrelladamm.es\/blog\/wp-json\/wp\/v2\/posts"}],"about":[{"href":"https:\/\/padelestrelladamm.es\/blog\/wp-json\/wp\/v2\/types\/post"}],"author":[{"embeddable":true,"href":"https:\/\/padelestrelladamm.es\/blog\/wp-json\/wp\/v2\/users\/4"}],"replies":[{"embeddable":true,"href":"https:\/\/padelestrelladamm.es\/blog\/wp-json\/wp\/v2\/comments?post=806"}],"version-history":[{"count":1,"href":"https:\/\/padelestrelladamm.es\/blog\/wp-json\/wp\/v2\/posts\/806\/revisions"}],"predecessor-version":[{"id":808,"href":"https:\/\/padelestrelladamm.es\/blog\/wp-json\/wp\/v2\/posts\/806\/revisions\/808"}],"wp:featuredmedia":[{"embeddable":true,"href":"https:\/\/padelestrelladamm.es\/blog\/wp-json\/wp\/v2\/media\/807"}],"wp:attachment":[{"href":"https:\/\/padelestrelladamm.es\/blog\/wp-json\/wp\/v2\/media?parent=806"}],"wp:term":[{"taxonomy":"category","embeddable":true,"href":"https:\/\/padelestrelladamm.es\/blog\/wp-json\/wp\/v2\/categories?post=806"},{"taxonomy":"post_tag","embeddable":true,"href":"https:\/\/padelestrelladamm.es\/blog\/wp-json\/wp\/v2\/tags?post=806"}],"curies":[{"name":"wp","href":"https:\/\/api.w.org\/{rel}","templated":true}]}}