{"id":879,"date":"2022-02-25T11:12:50","date_gmt":"2022-02-25T10:12:50","guid":{"rendered":"https:\/\/padelestrelladamm.es\/blog\/?p=879"},"modified":"2022-02-25T11:34:27","modified_gmt":"2022-02-25T10:34:27","slug":"primer-torneo-federado-del-estrella-damm-2022","status":"publish","type":"post","link":"https:\/\/padelestrelladamm.es\/blog\/primer-torneo-federado-del-estrella-damm-2022\/","title":{"rendered":"La juventud arrolladora de Collantes y Jofre se impone en el primer torneo federado del Circuito de P\u00e1del Estrella Damm"},"content":{"rendered":"\n<blockquote class=\"wp-block-quote\"><p>El Club de P\u00e1del La Moraleja ha acogido el primer torneo federado de la nueva edici\u00f3n del Circuito de P\u00e1del Estrella Damm. El torneo se desarroll\u00f3 entre el 13 y 20 de febrero y cont\u00f3 con cerca de 500 participantes.<\/p><\/blockquote>\n\n\n\n<p>El torneo vio subir al podio de la primera categor\u00eda masculina a dos j\u00f3venes que se mostraron en la pista seguros, contundentes, definidores y con una cabeza centrada en todo momento. Javier Collantes e \u00cd\u00f1igo Jofre son sus nombres. Al primero de ellos se le resist\u00eda lo m\u00e1s alto del podio de un Estrella Damm desde 2018, mientras que para el segundo ha sido la primera vez en conseguir la victoria.<\/p>\n\n\n\n<p>En frente, dos veteranos, Ra\u00fal D\u00edaz y V\u00edctor S\u00e1nchez Vera que no pudieron aprovechar cuatro bolas de set, una de ellas en el tie break. Tras ganar el primer set por un 7\/6, Collantes y Jofre se mostraron intratables alz\u00e1ndose con el segundo set por un 6\/2.<\/p>\n\n\n\n<p>En las finales del cuadro masculino, tan solo la de la cuarta categor\u00eda lleg\u00f3 a tres sets. Diego Cwajgenhaft y&nbsp;Jes\u00fas Mart\u00ednez fueron los ganadores de esta categor\u00eda<\/p>\n\n\n\n<p>Por su parte, Santiago Agudo y Jose Antonio Crespo lograron la segunda por un 7\/6, 6\/4, Jorge Mart\u00ednez y Sten Richters la tercera por un 6\/3 6\/2 y Javier Garc\u00eda y Alejandro Mart\u00edn la quinta con un contundente 6\/0 6\/2.<\/p>\n\n\n\n<p>El cuadro femenino de primera cont\u00f3 con una grata sorpresa. Ana Grandes volv\u00eda a las pistas del Circuito de P\u00e1del Estrella Damm tras casi tres a\u00f1os de ausencia. Y lo hizo por la puerta grande. Junto a Patricia Garc\u00eda Calderaro se alz\u00f3 con la victoria frente a Cristina Carrascosa y Mar\u00eda Cristina L\u00f3pez a las que derrotaron por un 6\/3 6\/2.<\/p>\n\n\n\n<p>Contundentes se mostraron Irene Cavero y Brittany Dubins durante toda su participaci\u00f3n en la tercera categor\u00eda. Desde la ronda de octavos tan solo se dejaron arrebatar cuatro juegos.<\/p>\n\n\n\n<p>Mucho m\u00e1s re\u00f1ida fue la final de segunda del torneo federado que enfrent\u00f3 a B\u00e1rbara Alc\u00e1ntara y Sonia Couret a Roc\u00edo Prado y Lorena Nicol\u00e1s. La duda de qui\u00e9n se llevar\u00eda el partido sobrevol\u00f3 en todo momento el partido. Pero la veteran\u00eda de las primeras se impuso finalmente que lograron el triunfo por un 6\/4 7\/6.<\/p>\n\n\n\n<h4><strong>Tres torneos express en torno a la prueba federada<\/strong><\/h4>\n\n\n\n<p>Otros 374 amantes del p\u00e1del se dieron cita en los cuatro torneos express que el Circuito de P\u00e1del Estrella Damm ha celebrado celebrado en tres tardes.<\/p>\n\n\n\n<p>Tres de los torneos contaron con modalidad masculina, femenina y mixta. Cada uno de ellos se dirigi\u00f3 a un nivel: Bajo, Medio y Alto. El cuarto torneo fue una competici\u00f3n de modalidad exclusivamente masculina dirigido a jugadores de nivel de juego medio.<\/p>\n\n\n\n<p>Cada tarde, los jugadores y jugadoras participaron en el sorteo de una pala de gama media-alta de Star Vie y dos entradas para presenciar el Mutua Madrid Open de tenis, adem\u00e1s de disfrutar de la carpa de Estrella Damm.<\/p>\n\n\n\n<p>El Circuito de P\u00e1del Estrella Damm ya tiene todo preparado para la celebraci\u00f3n de su siguiente torneo federado y torneos express que tendr\u00e1n lugar en el club Masp\u00e1del.<\/p>\n\n\n\n<p>Durante esta prueba y todo el mes de marzo, el Circuito de P\u00e1del Estrella Damm lanzar\u00e1 una campa\u00f1a para concienciar sobre la importancia de utilizar gafas antiimpacto en la pr\u00e1ctica del p\u00e1del. Para reforzar esta campa\u00f1a, el Circuito de P\u00e1del Estrella Damm entregar\u00e1 como regalo de inscripci\u00f3n unas gafas antiimpacto de la marca Voo Active.<\/p>\n","protected":false},"excerpt":{"rendered":"<p>El Club de P\u00e1del La Moraleja ha acogido el primer torneo federado de la nueva edici\u00f3n del Circuito de P\u00e1del Estrella Damm. El torneo se desarroll\u00f3 entre el 13 y 20 de febrero y cont\u00f3 con cerca de 500 participantes. El torneo vio subir al podio de la primera categor\u00eda masculina a dos j\u00f3venes que [&hellip;]<\/p>\n","protected":false},"author":4,"featured_media":880,"comment_status":"closed","ping_status":"open","sticky":false,"template":"","format":"standard","meta":[],"categories":[7],"tags":[],"yoast_head":"<!-- This site is optimized with the Yoast SEO plugin v19.4 - https:\/\/yoast.com\/wordpress\/plugins\/seo\/ -->\n<title>Collantes y Jofre se imponen en el torneo federado del Estrella Damm<\/title>\n<meta name=\"description\" content=\"El primer torneo federado de la nueva edici\u00f3n del Circuito de P\u00e1del Estrella Damm se estrena con cerca de 500 participantes.\" \/>\n<meta name=\"robots\" content=\"index, follow, max-snippet:-1, max-image-preview:large, max-video-preview:-1\" \/>\n<link rel=\"canonical\" href=\"https:\/\/padelestrelladamm.es\/blog\/primer-torneo-federado-del-estrella-damm-2022\/\" \/>\n<meta property=\"og:locale\" content=\"es_ES\" \/>\n<meta property=\"og:type\" content=\"article\" \/>\n<meta property=\"og:title\" content=\"Collantes y Jofre se imponen en el torneo federado del Estrella Damm\" \/>\n<meta property=\"og:description\" content=\"El primer torneo federado de la nueva edici\u00f3n del Circuito de P\u00e1del Estrella Damm se estrena con cerca de 500 participantes.\" \/>\n<meta property=\"og:url\" content=\"https:\/\/padelestrelladamm.es\/blog\/primer-torneo-federado-del-estrella-damm-2022\/\" \/>\n<meta property=\"og:site_name\" content=\"Blog de p\u00e1del - An\u00e1lisis, noticias y opini\u00f3n - Estrella Damm\" \/>\n<meta property=\"article:publisher\" content=\"https:\/\/www.facebook.com\/CircuitoDePadelEstrellaDamm\" \/>\n<meta property=\"article:published_time\" content=\"2022-02-25T10:12:50+00:00\" \/>\n<meta property=\"article:modified_time\" content=\"2022-02-25T10:34:27+00:00\" \/>\n<meta property=\"og:image\" content=\"https:\/\/padelestrelladamm.es\/blog\/wp-content\/uploads\/2022\/02\/NP-collantes-y-jofre.jpg\" \/>\n\t<meta property=\"og:image:width\" content=\"770\" \/>\n\t<meta property=\"og:image:height\" content=\"255\" \/>\n\t<meta property=\"og:image:type\" content=\"image\/jpeg\" \/>\n<meta name=\"author\" content=\"Redacci\u00f3n\" \/>\n<meta name=\"twitter:card\" content=\"summary_large_image\" \/>\n<meta name=\"twitter:label1\" content=\"Escrito por\" \/>\n\t<meta name=\"twitter:data1\" content=\"Redacci\u00f3n\" \/>\n\t<meta name=\"twitter:label2\" content=\"Tiempo de lectura\" \/>\n\t<meta name=\"twitter:data2\" content=\"3 minutos\" \/>\n<script type=\"application\/ld+json\" class=\"yoast-schema-graph\">{\"@context\":\"https:\/\/schema.org\",\"@graph\":[{\"@type\":\"Organization\",\"@id\":\"https:\/\/padelestrelladamm.es\/blog\/#organization\",\"name\":\"Circuito de P\u00e1del Estrelladamm\",\"url\":\"https:\/\/padelestrelladamm.es\/blog\/\",\"sameAs\":[\"https:\/\/www.instagram.com\/circuitopadelestrelladamm\",\"https:\/\/www.youtube.com\/user\/padelestrelladamm\",\"https:\/\/www.facebook.com\/CircuitoDePadelEstrellaDamm\"],\"logo\":{\"@type\":\"ImageObject\",\"inLanguage\":\"es\",\"@id\":\"https:\/\/padelestrelladamm.es\/blog\/#\/schema\/logo\/image\/\",\"url\":\"https:\/\/padelestrelladamm.es\/blog\/wp-content\/uploads\/2021\/06\/BLOG-128.jpg\",\"contentUrl\":\"https:\/\/padelestrelladamm.es\/blog\/wp-content\/uploads\/2021\/06\/BLOG-128.jpg\",\"width\":128,\"height\":26,\"caption\":\"Circuito de P\u00e1del Estrelladamm\"},\"image\":{\"@id\":\"https:\/\/padelestrelladamm.es\/blog\/#\/schema\/logo\/image\/\"}},{\"@type\":\"WebSite\",\"@id\":\"https:\/\/padelestrelladamm.es\/blog\/#website\",\"url\":\"https:\/\/padelestrelladamm.es\/blog\/\",\"name\":\"Blog de p\u00e1del - An\u00e1lisis, noticias y opini\u00f3n - Estrella Damm\",\"description\":\"Blog de p\u00e1del. Inf\u00f3rmate sobre la actualidad relacionada con el mundo del p\u00e1del. An\u00e1lisis y noticias, lo mejor en P\u00e1del Estrella Damm\",\"publisher\":{\"@id\":\"https:\/\/padelestrelladamm.es\/blog\/#organization\"},\"potentialAction\":[{\"@type\":\"SearchAction\",\"target\":{\"@type\":\"EntryPoint\",\"urlTemplate\":\"https:\/\/padelestrelladamm.es\/blog\/?s={search_term_string}\"},\"query-input\":\"required name=search_term_string\"}],\"inLanguage\":\"es\"},{\"@type\":\"WebPage\",\"@id\":\"https:\/\/padelestrelladamm.es\/blog\/primer-torneo-federado-del-estrella-damm-2022\/\",\"url\":\"https:\/\/padelestrelladamm.es\/blog\/primer-torneo-federado-del-estrella-damm-2022\/\",\"name\":\"Collantes y Jofre se imponen en el torneo federado del Estrella Damm\",\"isPartOf\":{\"@id\":\"https:\/\/padelestrelladamm.es\/blog\/#website\"},\"datePublished\":\"2022-02-25T10:12:50+00:00\",\"dateModified\":\"2022-02-25T10:34:27+00:00\",\"description\":\"El primer torneo federado de la nueva edici\u00f3n del Circuito de P\u00e1del Estrella Damm se estrena con cerca de 500 participantes.\",\"breadcrumb\":{\"@id\":\"https:\/\/padelestrelladamm.es\/blog\/primer-torneo-federado-del-estrella-damm-2022\/#breadcrumb\"},\"inLanguage\":\"es\",\"potentialAction\":[{\"@type\":\"ReadAction\",\"target\":[\"https:\/\/padelestrelladamm.es\/blog\/primer-torneo-federado-del-estrella-damm-2022\/\"]}]},{\"@type\":\"BreadcrumbList\",\"@id\":\"https:\/\/padelestrelladamm.es\/blog\/primer-torneo-federado-del-estrella-damm-2022\/#breadcrumb\",\"itemListElement\":[{\"@type\":\"ListItem\",\"position\":1,\"name\":\"Inicio\",\"item\":\"https:\/\/padelestrelladamm.es\/blog\/\"},{\"@type\":\"ListItem\",\"position\":2,\"name\":\"La juventud arrolladora de Collantes y Jofre se impone en el primer torneo federado del Circuito de P\u00e1del Estrella Damm\"}]},{\"@type\":\"Article\",\"@id\":\"https:\/\/padelestrelladamm.es\/blog\/primer-torneo-federado-del-estrella-damm-2022\/#article\",\"isPartOf\":{\"@id\":\"https:\/\/padelestrelladamm.es\/blog\/primer-torneo-federado-del-estrella-damm-2022\/\"},\"author\":{\"name\":\"Redacci\u00f3n\",\"@id\":\"https:\/\/padelestrelladamm.es\/blog\/#\/schema\/person\/418380b12903f0d45c68a26eb53d71fd\"},\"headline\":\"La juventud arrolladora de Collantes y Jofre se impone en el primer torneo federado del Circuito de P\u00e1del Estrella Damm\",\"datePublished\":\"2022-02-25T10:12:50+00:00\",\"dateModified\":\"2022-02-25T10:34:27+00:00\",\"mainEntityOfPage\":{\"@id\":\"https:\/\/padelestrelladamm.es\/blog\/primer-torneo-federado-del-estrella-damm-2022\/\"},\"wordCount\":626,\"publisher\":{\"@id\":\"https:\/\/padelestrelladamm.es\/blog\/#organization\"},\"articleSection\":[\"Cr\u00f3nicas\"],\"inLanguage\":\"es\"},{\"@type\":\"Person\",\"@id\":\"https:\/\/padelestrelladamm.es\/blog\/#\/schema\/person\/418380b12903f0d45c68a26eb53d71fd\",\"name\":\"Redacci\u00f3n\",\"image\":{\"@type\":\"ImageObject\",\"inLanguage\":\"es\",\"@id\":\"https:\/\/padelestrelladamm.es\/blog\/#\/schema\/person\/image\/\",\"url\":\"https:\/\/secure.gravatar.com\/avatar\/8de99d88dc171dfa4570a7b72f5fa083?s=96&d=mm&r=g\",\"contentUrl\":\"https:\/\/secure.gravatar.com\/avatar\/8de99d88dc171dfa4570a7b72f5fa083?s=96&d=mm&r=g\",\"caption\":\"Redacci\u00f3n\"},\"url\":\"https:\/\/padelestrelladamm.es\/blog\/author\/circuito\/\"}]}<\/script>\n<!-- \/ Yoast SEO plugin. -->","yoast_head_json":{"title":"Collantes y Jofre se imponen en el torneo federado del Estrella Damm","description":"El primer torneo federado de la nueva edici\u00f3n del Circuito de P\u00e1del Estrella Damm se estrena con cerca de 500 participantes.","robots":{"index":"index","follow":"follow","max-snippet":"max-snippet:-1","max-image-preview":"max-image-preview:large","max-video-preview":"max-video-preview:-1"},"canonical":"https:\/\/padelestrelladamm.es\/blog\/primer-torneo-federado-del-estrella-damm-2022\/","og_locale":"es_ES","og_type":"article","og_title":"Collantes y Jofre se imponen en el torneo federado del Estrella Damm","og_description":"El primer torneo federado de la nueva edici\u00f3n del Circuito de P\u00e1del Estrella Damm se estrena con cerca de 500 participantes.","og_url":"https:\/\/padelestrelladamm.es\/blog\/primer-torneo-federado-del-estrella-damm-2022\/","og_site_name":"Blog de p\u00e1del - An\u00e1lisis, noticias y opini\u00f3n - Estrella Damm","article_publisher":"https:\/\/www.facebook.com\/CircuitoDePadelEstrellaDamm","article_published_time":"2022-02-25T10:12:50+00:00","article_modified_time":"2022-02-25T10:34:27+00:00","og_image":[{"width":770,"height":255,"url":"https:\/\/padelestrelladamm.es\/blog\/wp-content\/uploads\/2022\/02\/NP-collantes-y-jofre.jpg","type":"image\/jpeg"}],"author":"Redacci\u00f3n","twitter_card":"summary_large_image","twitter_misc":{"Escrito por":"Redacci\u00f3n","Tiempo de lectura":"3 minutos"},"schema":{"@context":"https:\/\/schema.org","@graph":[{"@type":"Organization","@id":"https:\/\/padelestrelladamm.es\/blog\/#organization","name":"Circuito de P\u00e1del Estrelladamm","url":"https:\/\/padelestrelladamm.es\/blog\/","sameAs":["https:\/\/www.instagram.com\/circuitopadelestrelladamm","https:\/\/www.youtube.com\/user\/padelestrelladamm","https:\/\/www.facebook.com\/CircuitoDePadelEstrellaDamm"],"logo":{"@type":"ImageObject","inLanguage":"es","@id":"https:\/\/padelestrelladamm.es\/blog\/#\/schema\/logo\/image\/","url":"https:\/\/padelestrelladamm.es\/blog\/wp-content\/uploads\/2021\/06\/BLOG-128.jpg","contentUrl":"https:\/\/padelestrelladamm.es\/blog\/wp-content\/uploads\/2021\/06\/BLOG-128.jpg","width":128,"height":26,"caption":"Circuito de P\u00e1del Estrelladamm"},"image":{"@id":"https:\/\/padelestrelladamm.es\/blog\/#\/schema\/logo\/image\/"}},{"@type":"WebSite","@id":"https:\/\/padelestrelladamm.es\/blog\/#website","url":"https:\/\/padelestrelladamm.es\/blog\/","name":"Blog de p\u00e1del - An\u00e1lisis, noticias y opini\u00f3n - Estrella Damm","description":"Blog de p\u00e1del. Inf\u00f3rmate sobre la actualidad relacionada con el mundo del p\u00e1del. An\u00e1lisis y noticias, lo mejor en P\u00e1del Estrella Damm","publisher":{"@id":"https:\/\/padelestrelladamm.es\/blog\/#organization"},"potentialAction":[{"@type":"SearchAction","target":{"@type":"EntryPoint","urlTemplate":"https:\/\/padelestrelladamm.es\/blog\/?s={search_term_string}"},"query-input":"required name=search_term_string"}],"inLanguage":"es"},{"@type":"WebPage","@id":"https:\/\/padelestrelladamm.es\/blog\/primer-torneo-federado-del-estrella-damm-2022\/","url":"https:\/\/padelestrelladamm.es\/blog\/primer-torneo-federado-del-estrella-damm-2022\/","name":"Collantes y Jofre se imponen en el torneo federado del Estrella Damm","isPartOf":{"@id":"https:\/\/padelestrelladamm.es\/blog\/#website"},"datePublished":"2022-02-25T10:12:50+00:00","dateModified":"2022-02-25T10:34:27+00:00","description":"El primer torneo federado de la nueva edici\u00f3n del Circuito de P\u00e1del Estrella Damm se estrena con cerca de 500 participantes.","breadcrumb":{"@id":"https:\/\/padelestrelladamm.es\/blog\/primer-torneo-federado-del-estrella-damm-2022\/#breadcrumb"},"inLanguage":"es","potentialAction":[{"@type":"ReadAction","target":["https:\/\/padelestrelladamm.es\/blog\/primer-torneo-federado-del-estrella-damm-2022\/"]}]},{"@type":"BreadcrumbList","@id":"https:\/\/padelestrelladamm.es\/blog\/primer-torneo-federado-del-estrella-damm-2022\/#breadcrumb","itemListElement":[{"@type":"ListItem","position":1,"name":"Inicio","item":"https:\/\/padelestrelladamm.es\/blog\/"},{"@type":"ListItem","position":2,"name":"La juventud arrolladora de Collantes y Jofre se impone en el primer torneo federado del Circuito de P\u00e1del Estrella Damm"}]},{"@type":"Article","@id":"https:\/\/padelestrelladamm.es\/blog\/primer-torneo-federado-del-estrella-damm-2022\/#article","isPartOf":{"@id":"https:\/\/padelestrelladamm.es\/blog\/primer-torneo-federado-del-estrella-damm-2022\/"},"author":{"name":"Redacci\u00f3n","@id":"https:\/\/padelestrelladamm.es\/blog\/#\/schema\/person\/418380b12903f0d45c68a26eb53d71fd"},"headline":"La juventud arrolladora de Collantes y Jofre se impone en el primer torneo federado del Circuito de P\u00e1del Estrella Damm","datePublished":"2022-02-25T10:12:50+00:00","dateModified":"2022-02-25T10:34:27+00:00","mainEntityOfPage":{"@id":"https:\/\/padelestrelladamm.es\/blog\/primer-torneo-federado-del-estrella-damm-2022\/"},"wordCount":626,"publisher":{"@id":"https:\/\/padelestrelladamm.es\/blog\/#organization"},"articleSection":["Cr\u00f3nicas"],"inLanguage":"es"},{"@type":"Person","@id":"https:\/\/padelestrelladamm.es\/blog\/#\/schema\/person\/418380b12903f0d45c68a26eb53d71fd","name":"Redacci\u00f3n","image":{"@type":"ImageObject","inLanguage":"es","@id":"https:\/\/padelestrelladamm.es\/blog\/#\/schema\/person\/image\/","url":"https:\/\/secure.gravatar.com\/avatar\/8de99d88dc171dfa4570a7b72f5fa083?s=96&d=mm&r=g","contentUrl":"https:\/\/secure.gravatar.com\/avatar\/8de99d88dc171dfa4570a7b72f5fa083?s=96&d=mm&r=g","caption":"Redacci\u00f3n"},"url":"https:\/\/padelestrelladamm.es\/blog\/author\/circuito\/"}]}},"_links":{"self":[{"href":"https:\/\/padelestrelladamm.es\/blog\/wp-json\/wp\/v2\/posts\/879"}],"collection":[{"href":"https:\/\/padelestrelladamm.es\/blog\/wp-json\/wp\/v2\/posts"}],"about":[{"href":"https:\/\/padelestrelladamm.es\/blog\/wp-json\/wp\/v2\/types\/post"}],"author":[{"embeddable":true,"href":"https:\/\/padelestrelladamm.es\/blog\/wp-json\/wp\/v2\/users\/4"}],"replies":[{"embeddable":true,"href":"https:\/\/padelestrelladamm.es\/blog\/wp-json\/wp\/v2\/comments?post=879"}],"version-history":[{"count":1,"href":"https:\/\/padelestrelladamm.es\/blog\/wp-json\/wp\/v2\/posts\/879\/revisions"}],"predecessor-version":[{"id":881,"href":"https:\/\/padelestrelladamm.es\/blog\/wp-json\/wp\/v2\/posts\/879\/revisions\/881"}],"wp:featuredmedia":[{"embeddable":true,"href":"https:\/\/padelestrelladamm.es\/blog\/wp-json\/wp\/v2\/media\/880"}],"wp:attachment":[{"href":"https:\/\/padelestrelladamm.es\/blog\/wp-json\/wp\/v2\/media?parent=879"}],"wp:term":[{"taxonomy":"category","embeddable":true,"href":"https:\/\/padelestrelladamm.es\/blog\/wp-json\/wp\/v2\/categories?post=879"},{"taxonomy":"post_tag","embeddable":true,"href":"https:\/\/padelestrelladamm.es\/blog\/wp-json\/wp\/v2\/tags?post=879"}],"curies":[{"name":"wp","href":"https:\/\/api.w.org\/{rel}","templated":true}]}}